{"id":168387,"date":"2025-10-10T22:08:10","date_gmt":"2025-10-10T22:08:10","guid":{"rendered":"https:\/\/www.europesays.com\/es\/168387\/"},"modified":"2025-10-10T22:08:10","modified_gmt":"2025-10-10T22:08:10","slug":"consternacion-en-matina-por-muerte-de-entrenador-que-cambio-vidas-a-traves-del-deporte","status":"publish","type":"post","link":"https:\/\/www.europesays.com\/es\/168387\/","title":{"rendered":"Consternaci\u00f3n en Matina por muerte de entrenador que cambi\u00f3 vidas a trav\u00e9s del deporte"},"content":{"rendered":"<p class=\"default__StyledText-sc-oqc75h-0 kDYpOE body-paragraph\">Un aparatoso accidente de tr\u00e1nsito en Lim\u00f3n cobr\u00f3 la vida de Rudy Casasola Lacayo, un reconocido t\u00e9cnico de <a href=\"https:\/\/www.nacion.com\/puro-deporte\/otros-deportes\/aficionado-al-balonmano-y-la-caridad\/H4YVX5DFFNEFXJCNGV2EVXLAII\/story\/\" target=\"_blank\" rel=\"nofollow noopener\" title=\"https:\/\/www.nacion.com\/puro-deporte\/otros-deportes\/aficionado-al-balonmano-y-la-caridad\/H4YVX5DFFNEFXJCNGV2EVXLAII\/story\/\">balonmano<\/a> y atletismo que encontr\u00f3 en el deporte la manera de cambiarle la vida a muchos ni\u00f1os y j\u00f3venes talentosos en el Caribe.<\/p>\n<p class=\"default__StyledText-sc-oqc75h-0 kDYpOE body-paragraph\">Su vida se apag\u00f3 en el Hospital Tony Facio, minutos despu\u00e9s de la tragedia, cuando el veh\u00edculo en el que viajaba choc\u00f3 contra un tr\u00e1iler, en las cercan\u00edas de Abopac, en R\u00edo Blanco de Lim\u00f3n.<\/p>\n<p class=\"interstitial-link block-margin-bottom\" style=\"min-height:20px;display:inline-block\">LEA M\u00c1S: <a target=\"_blank\" href=\"https:\/\/www.nacion.com\/puro-deporte\/seleccion-de-costa-rica-asi-queda-la-tabla-de\/QY7ISV534NEMHBG32LT7VG7D7M\/story\/\" aria-label=\"Abrir historia relacionada\" class=\"default__StyledLink-sc-oqc75h-1 lnjDHE\" rel=\"nofollow noopener\">Selecci\u00f3n de Costa Rica: As\u00ed queda la tabla de posiciones de la eliminatoria mundialista (ojo con Hait\u00ed)<\/a><\/p>\n<p class=\"default__StyledText-sc-oqc75h-0 kDYpOE body-paragraph\">Rudy Casasola Lacayo fue un entrenador apasionado, que empez\u00f3 a construir la historia de un cant\u00f3n que se ha vuelto tradicional y competitivo en el balonmano.<\/p>\n<p class=\"default__StyledText-sc-oqc75h-0 kDYpOE body-paragraph\">El profesor de Educaci\u00f3n F\u00edsica, Luis Orias, lo describi\u00f3 como una persona ganadora, competitiva, \u201cque siempre aspiraba a que sus equipos de balonmano y atletismo llegaran a las finales\u201d.<\/p>\n<p class=\"default__StyledText-sc-oqc75h-0 kDYpOE body-paragraph\">Rudy inici\u00f3 su aporte al balonmano en la escuela de Matina y seg\u00fan la Federaci\u00f3n Costarricense de Balonmano (Fecobal), son muchos los ni\u00f1os y las ni\u00f1as que desde 2015 a la fecha han conocido y sido parte de este deporte.<\/p>\n<p class=\"interstitial-link block-margin-bottom\" style=\"min-height:20px;display:inline-block\">LEA M\u00c1S: <a target=\"_blank\" href=\"https:\/\/www.nacion.com\/puro-deporte\/una-a-una-ellas-conforman-la-seleccion-de-costa\/FU6G2DGORJFHZJ26FIMII4QFGI\/story\/\" aria-label=\"Abrir historia relacionada\" class=\"default__StyledLink-sc-oqc75h-1 lnjDHE\" rel=\"nofollow noopener\">Una a una: Ellas conforman la Selecci\u00f3n de Costa Rica para el Mundial Femenino Sub-17 en Marruecos<\/a><\/p>\n<p class=\"default__StyledText-sc-oqc75h-0 kDYpOE body-paragraph\">\u201c\u00c9l siempre fue perseverante, se encarg\u00f3 de meterles el gusanito del balonmano a sus estudiantes de la escuela y luego muchos me los pasaba al colegio (Liceo de Matina) para que siguieran el proceso. Luego \u00e9l se encarg\u00f3 del proyecto de Juegos Nacionales con el Comit\u00e9 de Deportes. Se nos fue un gran ser humano\u201d, afirm\u00f3 Luis Orias.<\/p>\n<p class=\"default__StyledText-sc-oqc75h-0 kDYpOE body-paragraph\">Rudy Casasola fue ejemplo de perseverancia, siempre estuvo ah\u00ed pendiente para conformar sus equipos para las diferentes eliminatorias de los Juegos Deportivos Nacionales, las fases finales en esas justas y los campeonatos organizados por la Fecobal. <\/p>\n<p><img decoding=\"async\" data-chromatic=\"ignore\" alt=\"Rudy Casasola ten\u00eda 41 a\u00f1os y transmitirle el amor por el deporte a ni\u00f1os y j\u00f3venes era una verdadera pasi\u00f3n para \u00e9l.\" class=\"c-image\" loading=\"lazy\" src=\"https:\/\/www.europesays.com\/es\/wp-content\/uploads\/2025\/10\/HWUECHM2EJESDBVLSX7VA7I2C4.jpg\"  width=\"670\" height=\"576\"\/>Rudy Casasola ten\u00eda 41 a\u00f1os y transmitirle el amor por el deporte a ni\u00f1os y j\u00f3venes era una verdadera pasi\u00f3n para \u00e9l. (Prensa Fecobal\/Prensa Fecobal) <\/p>\n<p class=\"default__StyledText-sc-oqc75h-0 kDYpOE body-paragraph\">De hecho, ya ten\u00eda clasificados a sus dos equipos (masculino y femenino) para jugar la fase final de los Juegos Nacionales en 2026.<\/p>\n<p class=\"default__StyledText-sc-oqc75h-0 kDYpOE body-paragraph\">\u201cS\u00e9 que muchos ni\u00f1os y j\u00f3venes lloran su partida, porque lo quer\u00edan mucho, les ayud\u00f3 a tener la oportunidad de salir a jugar, compartir con otros ni\u00f1os a trav\u00e9s del deporte\u201d, sentenci\u00f3 Orias.<\/p>\n<p class=\"default__StyledText-sc-oqc75h-0 kDYpOE body-paragraph\">Mientras que el asesor regional de Educaci\u00f3n F\u00edsica de Lim\u00f3n, Carlos Maceo, lo defini\u00f3 como un colega apasionado, detallista, planificador, responsable en su trabajo y que daba siempre la milla extra. <\/p>\n<p class=\"default__StyledText-sc-oqc75h-0 kDYpOE body-paragraph\">El presidente de la Fecobal, Adri\u00e1n Leandro, cuenta que se tom\u00f3 su tiempo para redactar un mensaje que se colg\u00f3 en el Facebook de la Federaci\u00f3n, y que no fue f\u00e1cil.<\/p>\n<p class=\"default__StyledText-sc-oqc75h-0 kDYpOE body-paragraph\">Su escrito lo inicia contando que no sabe cu\u00e1ntas veces escribi\u00f3 y borr\u00f3 las primeras palabras, porque en realidad no sab\u00eda por d\u00f3nde empezar. <\/p>\n<p class=\"default__StyledText-sc-oqc75h-0 kDYpOE body-paragraph\">\u201cSigo pregunt\u00e1ndome c\u00f3mo se despide a un compa\u00f1ero entrenador, creo que nunca lo podr\u00e9 hacer. A un entrenador que es amigo, y es familia\u201d, apunt\u00f3 Adri\u00e1n Leandro.<\/p>\n<p class=\"default__StyledText-sc-oqc75h-0 kDYpOE body-paragraph\">As\u00ed que opt\u00f3 por contar que se queda con todo lo que Rudy Casasola les dio, con los buenos recuerdos y con cada una de las contiendas realizadas. <\/p>\n<p class=\"default__StyledText-sc-oqc75h-0 kDYpOE body-paragraph\">\u201cSu aporte fue clave para el desarrollo del balonmano en la zona y su gu\u00eda para cientos de j\u00f3venes en la vida. A sus muchachas y muchachos del equipo en Matina les pido ser fuertes como \u00e9l les ense\u00f1\u00f3. Y que jam\u00e1s dejen de estar unidos en estos momentos dif\u00edciles. \u00c9l los guiar\u00e1 desde el cielo, porque hay huellas que jam\u00e1s se borran\u201d, anot\u00f3 Adri\u00e1n Leandro en su mensaje.<\/p>\n<p class=\"default__StyledText-sc-oqc75h-0 kDYpOE body-paragraph\">Pero sab\u00eda que le faltaba algo m\u00e1s, unas palabras dirigidas a ese t\u00e9cnico que cambi\u00f3 vidas en Matina: \u201cRudy Casasola, te echaremos mucho de menos y te recordaremos por siempre. Que su legado perdure por siempre\u201d.<\/p>\n<p class=\"interstitial-link block-margin-bottom\" style=\"min-height:20px;display:inline-block\">LEA M\u00c1S: <a target=\"_blank\" href=\"https:\/\/www.nacion.com\/puro-deporte\/otra-seleccion-mas-asegura-boleto-al-mundial-de\/CIOSM56BXVCVXIJ4NQUS2O3ZXE\/story\/\" aria-label=\"Abrir historia relacionada\" class=\"default__StyledLink-sc-oqc75h-1 lnjDHE\" rel=\"nofollow noopener\">Otra selecci\u00f3n m\u00e1s asegura boleto al Mundial de F\u00fatbol 2026: vea la lista completa de clasificados<\/a><\/p>\n<p class=\"default__StyledText-sc-oqc75h-0 kDYpOE body-paragraph\">La Escuela de Atenci\u00f3n Prioritaria de Matina tambi\u00e9n escribi\u00f3 este mensaje en su cuenta de Facebook: \u201cNuestra Escuela, nuestro circuito 09, nuestra Direcci\u00f3n Regional de Lim\u00f3n, Costa Rica&#8230; Se nos fue una persona sumamente honorable, prestigiosa, calidad de ser humano, amigo, entrenador nacional de categor\u00eda.<\/p>\n<p class=\"default__StyledText-sc-oqc75h-0 kDYpOE body-paragraph\">\u201dEntregado a sus hijos y trabajo, nos duele mucho esta noticia. Rudy Casasola deja una gran huella en nuestra escuela, en nuestras vidas, en sus alumnos, amigos\u201d.<\/p>\n<p class=\"default__StyledText-sc-oqc75h-0 kDYpOE body-paragraph\">Todos quienes lo conocieron lo recordar\u00e1n como ese hombre que cambi\u00f3 vidas en Matina, a trav\u00e9s del deporte.<\/p>\n","protected":false},"excerpt":{"rendered":"Un aparatoso accidente de tr\u00e1nsito en Lim\u00f3n cobr\u00f3 la vida de Rudy Casasola Lacayo, un reconocido t\u00e9cnico de&hellip;\n","protected":false},"author":2,"featured_media":168388,"comment_status":"","ping_status":"","sticky":false,"template":"","format":"standard","meta":{"footnotes":""},"categories":[278],"tags":[49208,11485,376,168,25,24,375,49207,49206,23,167],"class_list":{"0":"post-168387","1":"post","2":"type-post","3":"status-publish","4":"format-standard","5":"has-post-thumbnail","7":"category-balonmano","8":"tag-accidente-de-transito","9":"tag-atletismo","10":"tag-balonmano","11":"tag-deportes","12":"tag-es","13":"tag-espana","14":"tag-handball","15":"tag-matina","16":"tag-rudy-casasola-lacayo","17":"tag-spain","18":"tag-sports"},"share_on_mastodon":{"url":"","error":""},"_links":{"self":[{"href":"https:\/\/www.europesays.com\/es\/wp-json\/wp\/v2\/posts\/168387","targetHints":{"allow":["GET"]}}],"collection":[{"href":"https:\/\/www.europesays.com\/es\/wp-json\/wp\/v2\/posts"}],"about":[{"href":"https:\/\/www.europesays.com\/es\/wp-json\/wp\/v2\/types\/post"}],"author":[{"embeddable":true,"href":"https:\/\/www.europesays.com\/es\/wp-json\/wp\/v2\/users\/2"}],"replies":[{"embeddable":true,"href":"https:\/\/www.europesays.com\/es\/wp-json\/wp\/v2\/comments?post=168387"}],"version-history":[{"count":0,"href":"https:\/\/www.europesays.com\/es\/wp-json\/wp\/v2\/posts\/168387\/revisions"}],"wp:featuredmedia":[{"embeddable":true,"href":"https:\/\/www.europesays.com\/es\/wp-json\/wp\/v2\/media\/168388"}],"wp:attachment":[{"href":"https:\/\/www.europesays.com\/es\/wp-json\/wp\/v2\/media?parent=168387"}],"wp:term":[{"taxonomy":"category","embeddable":true,"href":"https:\/\/www.europesays.com\/es\/wp-json\/wp\/v2\/categories?post=168387"},{"taxonomy":"post_tag","embeddable":true,"href":"https:\/\/www.europesays.com\/es\/wp-json\/wp\/v2\/tags?post=168387"}],"curies":[{"name":"wp","href":"https:\/\/api.w.org\/{rel}","templated":true}]}}