{"id":168391,"date":"2025-10-10T22:14:11","date_gmt":"2025-10-10T22:14:11","guid":{"rendered":"https:\/\/www.europesays.com\/es\/168391\/"},"modified":"2025-10-10T22:14:11","modified_gmt":"2025-10-10T22:14:11","slug":"christian-horner-y-ferrari-el-movimiento-que-podria-redefinir-la-formula-1","status":"publish","type":"post","link":"https:\/\/www.europesays.com\/es\/168391\/","title":{"rendered":"Christian Horner y Ferrari: el movimiento que podr\u00eda redefinir la F\u00f3rmula 1"},"content":{"rendered":"<p>La escuder\u00eda Ferrari se encuentra en el centro de los rumores tras conocerse que eval\u00faa incorporar a Christian Horner, ex jefe de Red Bull Racing, como nuevo director deportivo. Esta posibilidad ha generado un fuerte impacto en el mundo de la F\u00f3rmula 1, ya que implicar\u00eda un cambio significativo en la estructura directiva del equipo de Maranello.<\/p>\n<p>Seg\u00fan el portal especializado F1-Insider, el nombre de Horner figura entre los principales candidatos para reemplazar a Fred Vasseur, actual responsable del equipo italiano. La decisi\u00f3n estar\u00eda impulsada por el presidente de Ferrari, John Elkann, quien busca revertir los resultados irregulares de la escuder\u00eda en la presente temporada.<\/p>\n<p><a href=\"https:\/\/www.europesays.com\/es\/wp-content\/uploads\/2025\/10\/r1506430_1296x729_16-9-16.jpg\"><img fetchpriority=\"high\" decoding=\"async\" width=\"299\" height=\"168\" src=\"https:\/\/www.europesays.com\/es\/wp-content\/uploads\/2025\/10\/r1506430_1296x729_16-9-16.jpg\" alt=\"\" class=\"wp-image-30116\" style=\"width:527px;height:auto\"  \/><\/a><\/p>\n<p>El inter\u00e9s por Horner se intensific\u00f3 tras confirmarse un acuerdo extrajudicial entre el brit\u00e1nico y su ex asistente, quien lo hab\u00eda denunciado por conducta inapropiada. El arreglo, que incluye una compensaci\u00f3n millonaria, evit\u00f3 que el caso llegara a juicio, lo que podr\u00eda allanar el camino para su regreso a la categor\u00eda.<\/p>\n<p>Durante su gesti\u00f3n en Red Bull, Horner lider\u00f3 al equipo hacia la conquista de 14 t\u00edtulos mundiales, incluyendo ocho de pilotos y seis de constructores. Bajo su direcci\u00f3n, la escuder\u00eda logr\u00f3 124 victorias en Grandes Premios, 107 poles y 287 podios, consolid\u00e1ndose como una de las m\u00e1s exitosas de la era moderna.<\/p>\n<p>Ferrari, por su parte, atraviesa una temporada de altibajos. A pesar de haber incorporado al m\u00faltiple campe\u00f3n Lewis Hamilton, el equipo no ha logrado competir de igual a igual con McLaren, que ya se consagr\u00f3 campe\u00f3n de constructores. Ferrari lucha por el segundo puesto, con Mercedes y Red Bull como principales rivales.<\/p>\n<p><a href=\"https:\/\/lv7.com.ar\/wp-content\/uploads\/2025\/10\/6888f48b621aa_450-5.webp\" rel=\"nofollow noopener\" target=\"_blank\"><img loading=\"lazy\" decoding=\"async\" width=\"1024\" height=\"575\" src=\"https:\/\/www.europesays.com\/es\/wp-content\/uploads\/2025\/10\/6888f48b621aa_450-5-1024x575.webp.webp\" alt=\"\" class=\"wp-image-30117\"  \/><\/a><\/p>\n<p>En el campeonato de pilotos, Charles Leclerc y Lewis Hamilton se encuentran lejos de los l\u00edderes Oscar Piastri, Lando Norris y Max Verstappen. Esta situaci\u00f3n ha generado cuestionamientos sobre la direcci\u00f3n actual del equipo y ha reavivado el debate sobre la necesidad de un liderazgo m\u00e1s s\u00f3lido.<\/p>\n<p>El ex piloto y comisario de la FIA Johnny Herbert opin\u00f3 que Ferrari necesita a alguien como Horner para atraer talento y construir un entorno competitivo. Seg\u00fan Herbert, el equipo cuenta con los recursos y los pilotos, pero carece de una figura capaz de unir todas las piezas y liberar el potencial t\u00e9cnico de la escuder\u00eda.<\/p>\n<p>La posible llegada de Horner a Ferrari no solo marcar\u00eda un punto de inflexi\u00f3n para el equipo italiano, sino que tambi\u00e9n podr\u00eda alterar el equilibrio de poder en la F\u00f3rmula 1. Con su experiencia y trayectoria, Horner representa una apuesta ambiciosa para devolver al Cavallino Rampante a lo m\u00e1s alto del podio.<\/p>\n","protected":false},"excerpt":{"rendered":"La escuder\u00eda Ferrari se encuentra en el centro de los rumores tras conocerse que eval\u00faa incorporar a Christian&hellip;\n","protected":false},"author":2,"featured_media":168392,"comment_status":"","ping_status":"","sticky":false,"template":"","format":"standard","meta":{"footnotes":""},"categories":[270],"tags":[4671,168,25,24,306,2091,271,272,23,167],"class_list":{"0":"post-168391","1":"post","2":"type-post","3":"status-publish","4":"format-standard","5":"has-post-thumbnail","7":"category-formula-1","8":"tag-christian-horner","9":"tag-deportes","10":"tag-es","11":"tag-espana","12":"tag-f1","13":"tag-ferrari","14":"tag-formula-1","15":"tag-formula1","16":"tag-spain","17":"tag-sports"},"share_on_mastodon":{"url":"","error":""},"_links":{"self":[{"href":"https:\/\/www.europesays.com\/es\/wp-json\/wp\/v2\/posts\/168391","targetHints":{"allow":["GET"]}}],"collection":[{"href":"https:\/\/www.europesays.com\/es\/wp-json\/wp\/v2\/posts"}],"about":[{"href":"https:\/\/www.europesays.com\/es\/wp-json\/wp\/v2\/types\/post"}],"author":[{"embeddable":true,"href":"https:\/\/www.europesays.com\/es\/wp-json\/wp\/v2\/users\/2"}],"replies":[{"embeddable":true,"href":"https:\/\/www.europesays.com\/es\/wp-json\/wp\/v2\/comments?post=168391"}],"version-history":[{"count":0,"href":"https:\/\/www.europesays.com\/es\/wp-json\/wp\/v2\/posts\/168391\/revisions"}],"wp:featuredmedia":[{"embeddable":true,"href":"https:\/\/www.europesays.com\/es\/wp-json\/wp\/v2\/media\/168392"}],"wp:attachment":[{"href":"https:\/\/www.europesays.com\/es\/wp-json\/wp\/v2\/media?parent=168391"}],"wp:term":[{"taxonomy":"category","embeddable":true,"href":"https:\/\/www.europesays.com\/es\/wp-json\/wp\/v2\/categories?post=168391"},{"taxonomy":"post_tag","embeddable":true,"href":"https:\/\/www.europesays.com\/es\/wp-json\/wp\/v2\/tags?post=168391"}],"curies":[{"name":"wp","href":"https:\/\/api.w.org\/{rel}","templated":true}]}}