{"id":168396,"date":"2025-10-10T22:17:09","date_gmt":"2025-10-10T22:17:09","guid":{"rendered":"https:\/\/www.europesays.com\/es\/168396\/"},"modified":"2025-10-10T22:17:09","modified_gmt":"2025-10-10T22:17:09","slug":"el-protocolo-y-sus-anecdotas-de-la-fiesta-nacional-del-polemico-pantalon-de-letizia-al-malentendido-de-pedro-sanchez-y-begona-gomez-en-el-besamanos","status":"publish","type":"post","link":"https:\/\/www.europesays.com\/es\/168396\/","title":{"rendered":"El protocolo (y sus an\u00e9cdotas) de la Fiesta Nacional: del pol\u00e9mico pantal\u00f3n de Letizia al \u201cmalentendido\u201d de Pedro S\u00e1nchez y Bego\u00f1a G\u00f3mez en el besamanos"},"content":{"rendered":"<p class=\"has-dropcap\">El <strong>12 de octubre<\/strong> es una de esas fechas subrayadas en nuestro pa\u00eds: se conmemora la <strong>Fiesta Nacional<\/strong> como forma de recordar, como marca <a data-offer-url=\"https:\/\/www.boe.es\/diario_boe\/txt.php?id=BOE-A-1987-22831\" class=\"external-link\" data-event-click=\"{&quot;element&quot;:&quot;ExternalLink&quot;,&quot;outgoingURL&quot;:&quot;https:\/\/www.boe.es\/diario_boe\/txt.php?id=BOE-A-1987-22831&quot;}\" href=\"https:\/\/www.boe.es\/diario_boe\/txt.php?id=BOE-A-1987-22831\" rel=\"nofollow noopener\" target=\"_blank\">la ley<\/a> que estableci\u00f3 la conmemoraci\u00f3n en 1987, \u201cla efem\u00e9ride hist\u00f3rica en la que Espa\u00f1a, a punto de concluir un proceso de construcci\u00f3n del Estado a partir de nuestra pluralidad cultural y pol\u00edtica, y la integraci\u00f3n de los Reinos de Espa\u00f1a en una misma Monarqu\u00eda, inicia un per\u00edodo de proyecci\u00f3n ling\u00fc\u00edstica y cultural m\u00e1s all\u00e1 de los l\u00edmites europeos\u201d. Una fecha solemne de or\u00edgenes reales, ya que fue la <strong>reina Mar\u00eda Cristina<\/strong> quien firm\u00f3 el decreto el 12 de octubre de 1892 declarando este d\u00eda fiesta nacional con motivo de la celebraci\u00f3n del cuarto centenario del descubrimiento de Am\u00e9rica.<\/p>\n<p>La <a href=\"https:\/\/www.revistavanityfair.es\/articulos\/familia-real-espanola-integrantes-arbol-genealogico\" rel=\"nofollow noopener\" target=\"_blank\">Casa Real<\/a> sigue teniendo en la actualidad un papel fundamental en esta celebraci\u00f3n y le dedica una especial atenci\u00f3n. Todo comienza con el desfile militar \u2013<a data-offer-url=\"https:\/\/elpais.com\/elpais\/2008\/10\/11\/actualidad\/1223713020_850215.html\" class=\"external-link\" data-event-click=\"{&quot;element&quot;:&quot;ExternalLink&quot;,&quot;outgoingURL&quot;:&quot;https:\/\/elpais.com\/elpais\/2008\/10\/11\/actualidad\/1223713020_850215.html&quot;}\" href=\"https:\/\/elpais.com\/elpais\/2008\/10\/11\/actualidad\/1223713020_850215.html\" rel=\"nofollow noopener\" target=\"_blank\">un \u00abco\u00f1azo\u201d seg\u00fan Mariano Rajoy<\/a>, \u2018pillado\u2019 con el micr\u00f3fono abierto\u2013, en el que este a\u00f1o participan <strong>cerca de 4.000 militares<\/strong> \u2014el 13,6% mujeres\u2014. El rey, <a href=\"https:\/\/www.revistavanityfair.es\/tags\/felipe-de-borbon\" rel=\"nofollow noopener\" target=\"_blank\">Felipe VI<\/a>, preside el acto \u2014con permiso de la ministra de Defensa, <a data-offer-url=\"https:\/\/www.defensa.gob.es\/12octubre\/\" class=\"external-link\" data-event-click=\"{&quot;element&quot;:&quot;ExternalLink&quot;,&quot;outgoingURL&quot;:&quot;https:\/\/www.defensa.gob.es\/12octubre\/&quot;}\" href=\"https:\/\/www.defensa.gob.es\/12octubre\/\" rel=\"nofollow noopener\" target=\"_blank\">quien lo organiza<\/a>\u2014 acompa\u00f1ado por la <a href=\"https:\/\/www.revistavanityfair.es\/realeza\/reina-letizia\" rel=\"nofollow noopener\" target=\"_blank\">reina Letizia<\/a> y sus hijas, en caso de que nada lo impida, los estudios de la infanta Sof\u00eda en Gales el a\u00f1o pasado, por ejemplo.<\/p>\n<p>Los actos empiezan por la ma\u00f1ana, a las 11.00 \u2014hasta las 14.00\u2014, y est\u00e1n regidos distintos tipos de protocolo, militar, civil, y ambos relacionados con el de la Casa Real, que regula todos los detalles del desfile, cu\u00e1ndo se iza o se arr\u00eda la bandera, o cu\u00e1ndo se tienen que levantar o sentar las autoridades, algo que Zapatero se salt\u00f3 en 2003 provocando una gran pol\u00e9mica cuando, siendo l\u00edder de la oposici\u00f3n, decidi\u00f3 <a data-offer-url=\"https:\/\/elpais.com\/elpais\/2003\/10\/13\/actualidad\/1066033020_850215.html\" class=\"external-link\" data-event-click=\"{&quot;element&quot;:&quot;ExternalLink&quot;,&quot;outgoingURL&quot;:&quot;https:\/\/elpais.com\/elpais\/2003\/10\/13\/actualidad\/1066033020_850215.html&quot;}\" href=\"https:\/\/elpais.com\/elpais\/2003\/10\/13\/actualidad\/1066033020_850215.html\" rel=\"nofollow noopener\" target=\"_blank\">quedarse sentado<\/a> ante el paso de la bandera de Estados Unidos como protesta por la guerra de Irak. El protocolo oficial establece que el presidente del Gobierno, <strong>Pedro S\u00e1nchez<\/strong>, la Ministra de Defensa, <strong>Margarita Robles<\/strong>, la presidenta de la Comunidad de Madrid, <strong>Isabel D\u00edaz Ayuso<\/strong>, el alcalde de la ciudad, <strong>Jos\u00e9 Luis Mart\u00ednez Almeida,<\/strong> y el Jefe del Estado Mayor de Defensa, <strong>Teodoro L\u00f3pez Calder\u00f3n<\/strong>, reciben a pie de coche a la familia real (y as\u00ed los despiden). El protocolo tambi\u00e9n marca c\u00f3mo se distribuyen en el podio al que se suben los reyes \u2014Felipe a la izquierda y Letizia a la derecha mirados de frente\u2014: a (nuestra) derecha las autoridades, a (nuestra izquierda) sus hijas, con Leonor situada al lado del rey.<\/p>\n<p><img decoding=\"async\" alt=\"MADRID SPAIN  OCTOBER 12  Crown Princess Leonor of Spain King Felipe VI of Spain and Queen Letizia of Spain attend the...\" loading=\"lazy\" class=\"ResponsiveImageContainer-eNxvmU cfBbTk responsive-image__image\"   src=\"https:\/\/www.europesays.com\/es\/wp-content\/uploads\/2025\/10\/GettyImages-1731552421.jpg\"\/><\/p>\n<p>MADRID, SPAIN &#8211; OCTOBER 12: (L-R) Crown Princess Leonor of Spain, King Felipe VI of Spain and Queen Letizia of Spain attend the National Day Military Parade on October 12, 2023 in Madrid, Spain. (Photo by Carlos Alvarez\/Getty Images)Carlos Alvarez\/Getty Images<\/p>\n","protected":false},"excerpt":{"rendered":"El 12 de octubre es una de esas fechas subrayadas en nuestro pa\u00eds: se conmemora la Fiesta Nacional&hellip;\n","protected":false},"author":2,"featured_media":168397,"comment_status":"","ping_status":"","sticky":false,"template":"","format":"standard","meta":{"footnotes":""},"categories":[174],"tags":[255,146,147,25,24,1887,256,14587,49209,11440,811,1027,14586,23],"class_list":{"0":"post-168396","1":"post","2":"type-post","3":"status-publish","4":"format-standard","5":"has-post-thumbnail","7":"category-famosos","8":"tag-celebrities","9":"tag-entertainment","10":"tag-entretenimiento","11":"tag-es","12":"tag-espana","13":"tag-familia-real-espanola","14":"tag-famosos","15":"tag-felipe-de-borbon","16":"tag-fiesta-nacional","17":"tag-letizia-ortiz","18":"tag-princesa-leonor","19":"tag-realeza","20":"tag-sofia-de-grecia","21":"tag-spain"},"share_on_mastodon":{"url":"","error":""},"_links":{"self":[{"href":"https:\/\/www.europesays.com\/es\/wp-json\/wp\/v2\/posts\/168396","targetHints":{"allow":["GET"]}}],"collection":[{"href":"https:\/\/www.europesays.com\/es\/wp-json\/wp\/v2\/posts"}],"about":[{"href":"https:\/\/www.europesays.com\/es\/wp-json\/wp\/v2\/types\/post"}],"author":[{"embeddable":true,"href":"https:\/\/www.europesays.com\/es\/wp-json\/wp\/v2\/users\/2"}],"replies":[{"embeddable":true,"href":"https:\/\/www.europesays.com\/es\/wp-json\/wp\/v2\/comments?post=168396"}],"version-history":[{"count":0,"href":"https:\/\/www.europesays.com\/es\/wp-json\/wp\/v2\/posts\/168396\/revisions"}],"wp:featuredmedia":[{"embeddable":true,"href":"https:\/\/www.europesays.com\/es\/wp-json\/wp\/v2\/media\/168397"}],"wp:attachment":[{"href":"https:\/\/www.europesays.com\/es\/wp-json\/wp\/v2\/media?parent=168396"}],"wp:term":[{"taxonomy":"category","embeddable":true,"href":"https:\/\/www.europesays.com\/es\/wp-json\/wp\/v2\/categories?post=168396"},{"taxonomy":"post_tag","embeddable":true,"href":"https:\/\/www.europesays.com\/es\/wp-json\/wp\/v2\/tags?post=168396"}],"curies":[{"name":"wp","href":"https:\/\/api.w.org\/{rel}","templated":true}]}}