{"id":168398,"date":"2025-10-10T22:19:07","date_gmt":"2025-10-10T22:19:07","guid":{"rendered":"https:\/\/www.europesays.com\/es\/168398\/"},"modified":"2025-10-10T22:19:07","modified_gmt":"2025-10-10T22:19:07","slug":"homenaje-en-logrono-a-los-arquitectos-que-llevan-entre-25-y-50-anos-de-profesion","status":"publish","type":"post","link":"https:\/\/www.europesays.com\/es\/168398\/","title":{"rendered":"Homenaje en Logro\u00f1o a los arquitectos que llevan entre 25 y 50 a\u00f1os de profesi\u00f3n"},"content":{"rendered":"<p class=\"v-mdl-ath__p v-mdl-ath__p--6\">\nMartes, 7 de octubre 2025<\/p>\n<p>| Actualizado 08\/10\/2025 12:39h.<\/p>\n<p class=\"v-p\">La <a href=\"https:\/\/www.larioja.com\/culturas\/semana-arquitectura-homenajes-visita-guiada-libro-concentrico-20251007074738-nt.html\" data-voc-vtm-id=\"in-text-traffic\" title=\"Semana de la Arquitectura\" data-mrf-link=\"www.larioja.com\" rel=\"nofollow noopener\" target=\"_blank\">Semana de la Arquitectura<\/a> ya est\u00e1 aqu\u00ed y este a\u00f1o se estrena con un acto institucional en el que, en la tarde de este martes, se entregaron las placas conmemorativas a los arquitectos que llevan 25 y 50 en la profesi\u00f3n, a la vez que se dio la bienvenida a los nuevos colegiados. <\/p>\n<p class=\"v-p\">Los tres arquitectos que recibieron su homenaje por su medio siglo de dedicaci\u00f3n profesional fueron Luis Mart\u00ednez-Zaporta Loscertales; Luis Ortiz de Z\u00e1rate Gorbea y Jos\u00e9 Javier Garrido Manso. <\/p>\n<p class=\"v-p\">El programa de actividades de la Semana de la Arquitectura sigue este mi\u00e9rcoles con una visita guiada al edificio de viviendas del arquitecto Jos\u00e9 Mar\u00eda Pel\u00e1ez en la calle Blanco Lac 4-8 de Logro\u00f1o. Tras el recorrido, en el patio del edificio se dar\u00e1 a conocer el n\u00famero 3 de la revista Fragmentos. Ma\u00f1ana, jueves, se presentar\u00e1 el libro &#8216;Conc\u00e9ntrico: Laboratorio de Innovaci\u00f3n Urbana en Logro\u00f1o&#8217;<\/p>\n<p>Reporta un error<\/p>\n","protected":false},"excerpt":{"rendered":"Martes, 7 de octubre 2025 | Actualizado 08\/10\/2025 12:39h. La Semana de la Arquitectura ya est\u00e1 aqu\u00ed y&hellip;\n","protected":false},"author":2,"featured_media":168399,"comment_status":"","ping_status":"","sticky":false,"template":"","format":"standard","meta":{"footnotes":""},"categories":[173],"tags":[988,3739,229,233,231,230,232,234,146,147,25,24,6552,9160,6173,20012,23],"class_list":{"0":"post-168398","1":"post","2":"type-post","3":"status-publish","4":"format-standard","5":"has-post-thumbnail","7":"category-arte-y-diseno","8":"tag-anos","9":"tag-arquitectos","10":"tag-arte","11":"tag-arte-y-diseno","12":"tag-arts","13":"tag-arts-and-design","14":"tag-design","15":"tag-diseno","16":"tag-entertainment","17":"tag-entretenimiento","18":"tag-es","19":"tag-espana","20":"tag-homenaje","21":"tag-llevan","22":"tag-logrono","23":"tag-profesion","24":"tag-spain"},"share_on_mastodon":{"url":"","error":""},"_links":{"self":[{"href":"https:\/\/www.europesays.com\/es\/wp-json\/wp\/v2\/posts\/168398","targetHints":{"allow":["GET"]}}],"collection":[{"href":"https:\/\/www.europesays.com\/es\/wp-json\/wp\/v2\/posts"}],"about":[{"href":"https:\/\/www.europesays.com\/es\/wp-json\/wp\/v2\/types\/post"}],"author":[{"embeddable":true,"href":"https:\/\/www.europesays.com\/es\/wp-json\/wp\/v2\/users\/2"}],"replies":[{"embeddable":true,"href":"https:\/\/www.europesays.com\/es\/wp-json\/wp\/v2\/comments?post=168398"}],"version-history":[{"count":0,"href":"https:\/\/www.europesays.com\/es\/wp-json\/wp\/v2\/posts\/168398\/revisions"}],"wp:featuredmedia":[{"embeddable":true,"href":"https:\/\/www.europesays.com\/es\/wp-json\/wp\/v2\/media\/168399"}],"wp:attachment":[{"href":"https:\/\/www.europesays.com\/es\/wp-json\/wp\/v2\/media?parent=168398"}],"wp:term":[{"taxonomy":"category","embeddable":true,"href":"https:\/\/www.europesays.com\/es\/wp-json\/wp\/v2\/categories?post=168398"},{"taxonomy":"post_tag","embeddable":true,"href":"https:\/\/www.europesays.com\/es\/wp-json\/wp\/v2\/tags?post=168398"}],"curies":[{"name":"wp","href":"https:\/\/api.w.org\/{rel}","templated":true}]}}