{"id":168406,"date":"2025-10-10T22:23:04","date_gmt":"2025-10-10T22:23:04","guid":{"rendered":"https:\/\/www.europesays.com\/es\/168406\/"},"modified":"2025-10-10T22:23:04","modified_gmt":"2025-10-10T22:23:04","slug":"palomitas-con-28-semanas-despues","status":"publish","type":"post","link":"https:\/\/www.europesays.com\/es\/168406\/","title":{"rendered":"Palomitas con&#8230; &#8217;28 semanas despu\u00e9s&#8217;"},"content":{"rendered":"<p>\n        Con la intenci\u00f3n de promocionar la cultura, ya sea<strong> audiovisual o anal\u00f3gica<\/strong>, esta semana traemos <strong>las mejores <\/strong><a href=\"https:\/\/www.deia.eus\/tags\/recomendaciones\/pagina-7\/\" title=\"recomendaciones\" class=\"link copy\" rel=\"nofollow noopener\" target=\"_blank\"><strong>recomendaciones<\/strong><\/a>. Pel\u00edculas, series, p\u00f3dcasts, contenido en redes o lecturas, lo rese\u00f1amos todo con verdadera pasi\u00f3n y en compa\u00f1\u00eda de <strong>un buen bol de palomitas<\/strong>.\n<\/p>\n<p>  Palomitas con&#8230;<\/p>\n<p>  &#8217;28 SEMANAS DESPU\u00c9S&#8217;<\/p>\n<p>  A\u00f1os de espera para un final<\/p>\n<p class=\"article-body__text \">\n        Seguramente, <strong>los amantes de las pel\u00edculas y <\/strong><a href=\"https:\/\/www.deia.eus\/tags\/series\/\" title=\"series \" class=\"link copy\" rel=\"nofollow noopener\" target=\"_blank\"><strong>series <\/strong><\/a><strong>de zombies<\/strong> conocer\u00e1n t\u00edtulos como <strong>The Walking Dead<\/strong>, <strong>Estamos muertos<\/strong> o <strong>Guerra Mundial Z<\/strong>. Sin embargo, existe una saga que marc\u00f3<strong> un precedente en el mundo cinematogr\u00e1fico con tem\u00e1tica zombie <\/strong>a principios de los <strong>2000<\/strong>. Hablamos de <strong>28 d\u00edas despu\u00e9s<\/strong> y nos centramos en<strong> 28 semanas despu\u00e9s<\/strong>, su secuela directa de 2007.\n<\/p>\n<p class=\"article-body__text \">\n        Como su propio nombre indica, la primera entrega se sit\u00faa 28 d\u00edas despu\u00e9s de<strong> un brote de un virus de la ira en Gran Breta\u00f1a<\/strong>. Cuando parece que todo ha quedado solucionado, llega la segunda, donde se muestra<strong> el intento de reconstruir la vida en Londres<\/strong> 28 semanas despu\u00e9s del brote. Sin embargo, este vuelve a desatarse, llegando a extenderse hasta Francia.\n<\/p>\n<p class=\"article-body__text \">\n        Fue en<strong> el pasado mes de junio<\/strong> cuando se estren\u00f3 <strong>la tercera entrega<\/strong>, <strong>28 a\u00f1os despu\u00e9s<\/strong>. Toda la saga est\u00e1 compuesta por <a href=\"https:\/\/www.deia.eus\/tags\/peliculas\/\" title=\"pel\u00edculas \" class=\"link copy\" rel=\"nofollow noopener\" target=\"_blank\"><strong>pel\u00edculas <\/strong><\/a><strong>de terror y suspense<\/strong>, cuya trama se centra principalmente en los zombies. No obstante, la segunda destaca por ser en<strong> la que m\u00e1s sangre falsa han invertido<\/strong>, por la cantidad de <strong>plot twists <\/strong>que presenta y porque es una continuaci\u00f3n<strong> digna de prolongarse<\/strong>.\n<\/p>\n<p>  Redes<\/p>\n<p>  Atrapatusue\u00f1o<\/p>\n<p>  Siempre existe el intento de atrapar tu sue\u00f1o<\/p>\n<p class=\"article-body__text \">\n        Desde un rinconcito de la costera M\u00e1laga, <strong>Esther<\/strong>, m\u00e1s conocida como <strong>Atrapatusue\u00f1o <\/strong>en su canal de YouTube, comparte su vida desde<strong> hace m\u00e1s de 13 a\u00f1os<\/strong>. Adem\u00e1s de en la plataforma de <strong>v\u00eddeos largos<\/strong>, la creadora de contenido tambi\u00e9n tiene cuentas en <a href=\"https:\/\/www.deia.eus\/tags\/instagram\/\" title=\"Instagram \" class=\"link copy\" rel=\"nofollow noopener\" target=\"_blank\"><strong>Instagram <\/strong><\/a><strong>y TikTok<\/strong>. En estos momentos, la joven se encuentra documentando en sus v\u00eddeos <strong>la reforma<\/strong> que est\u00e1 llevando a cabo en compa\u00f1\u00eda de su pareja Chicharo en<strong> su nueva casa<\/strong>.\n<\/p>\n<p class=\"article-body__text \">\n        Ofreciendo <strong>todo tipo de trucos<\/strong>, Esther muestra todo lo bueno, pero tambi\u00e9n lo malo desde <strong>la m\u00e1s pura honestidad y sinceridad<\/strong>. Aparte, la creadora de contenido tambi\u00e9n ense\u00f1a recetas, comidas y las tazas con cer\u00e1mica que lleva a cabo en <strong>su marca artesana <\/strong><a href=\"https:\/\/curcumun.com\/?srsltid=AfmBOoquppRifuI7j3EmXjTwIqZ-OA8ZkwjgTYzOUFH7slgHONGUeTZJ\" title=\"Curcumun\" rel=\"nofollow noopener\" class=\"link copy\" target=\"_blank\"><strong>Curcumun<\/strong><\/a>. Asimismo, la malague\u00f1a es una apasionada de los retos, pues no ha dudado a la hora de sumarse a <strong>retos de 24 horas <\/strong>comiendo como en La Casa de Papel o comida viral de TikTok.\n<\/p>\n<p class=\"article-photo__footer\">\n            Esther y Chicharo en su canal de YouTube.            YouTube: Atrapatusue\u00f1o        <\/p>\n<p class=\"article-body__text \">\n        No obstante, tambi\u00e9n hace<strong> retos de una semana<\/strong>, en los que aumenta la dificultad. Desde <strong>una semana comiendo por 1\u20ac<\/strong>, siendo voluntaria y vegana hasta una semana aprendiendo a bucear y <strong>sin comer az\u00facar<\/strong>. Ya sea en v\u00eddeos cortos o largos, Esther ense\u00f1a <strong>su vida tranquila <\/strong>mientras intenta atrapar su sue\u00f1o y evidenciando <strong>su amor por la comida<\/strong>, un hecho demostrable si tenemos en cuenta los nombres de <strong>la pareja de gatitos <\/strong>que siempre le acompa\u00f1a:<strong> Tiramis\u00fa y Ravioli.<\/strong>\n<\/p>\n<p>  LIBROS<\/p>\n<p>  \u2018Hermanito: Mi\u00f1an\u2019<\/p>\n<p>  Un relato contado desde la experiencia<\/p>\n<p class=\"article-body__text \">\n        <strong>\u201cEstoy en Europa, pero yo no quer\u00eda venir a Europa\u201d<\/strong>, as\u00ed comienza la historia que <strong>Ibrahima Balde<\/strong> narra en<strong> Hermanito: Mi\u00f1\u00e1n<\/strong>.\n<\/p>\n<p class=\"article-body__text \">\n        Documentada en formato escrito por <strong>Amets Arzallus<\/strong>, la trama sigue al guineano que se vio forzado a abandonar su casa<strong> para ir a buscar a su hermano peque\u00f1o<\/strong>. \u00c9l no sali\u00f3 para perseguir un sue\u00f1o, sino para encontrar a la persona que m\u00e1s quer\u00eda. Con <strong>una mirada ingenua, castigada, arrebatadoramente po\u00e9tica y \u00fanica<\/strong>, esta novela <strong>basada en hechos reales<\/strong> cuenta un relato desgarrador sobre una persona que<strong> ha sufrido todo<\/strong> y, sin embargo, ha contado con el poder de convertirlo en algo \u00fatil y bello. Repleto de escenas muy duras de leer, es un libro que<strong> cambia nuestra forma de ver la vida<\/strong>.<\/p>\n","protected":false},"excerpt":{"rendered":"Con la intenci\u00f3n de promocionar la cultura, ya sea audiovisual o anal\u00f3gica, esta semana traemos las mejores recomendaciones.&hellip;\n","protected":false},"author":2,"featured_media":168407,"comment_status":"","ping_status":"","sticky":false,"template":"","format":"standard","meta":{"footnotes":""},"categories":[169],"tags":[177,13085,146,147,25,24,176,5561,175,753,228,805,23],"class_list":{"0":"post-168406","1":"post","2":"type-post","3":"status-publish","4":"format-standard","5":"has-post-thumbnail","7":"category-cine","8":"tag-cine","9":"tag-contenido","10":"tag-entertainment","11":"tag-entretenimiento","12":"tag-es","13":"tag-espana","14":"tag-film","15":"tag-lecturas","16":"tag-movies","17":"tag-peliculas","18":"tag-recomendaciones","19":"tag-series","20":"tag-spain"},"share_on_mastodon":{"url":"","error":""},"_links":{"self":[{"href":"https:\/\/www.europesays.com\/es\/wp-json\/wp\/v2\/posts\/168406","targetHints":{"allow":["GET"]}}],"collection":[{"href":"https:\/\/www.europesays.com\/es\/wp-json\/wp\/v2\/posts"}],"about":[{"href":"https:\/\/www.europesays.com\/es\/wp-json\/wp\/v2\/types\/post"}],"author":[{"embeddable":true,"href":"https:\/\/www.europesays.com\/es\/wp-json\/wp\/v2\/users\/2"}],"replies":[{"embeddable":true,"href":"https:\/\/www.europesays.com\/es\/wp-json\/wp\/v2\/comments?post=168406"}],"version-history":[{"count":0,"href":"https:\/\/www.europesays.com\/es\/wp-json\/wp\/v2\/posts\/168406\/revisions"}],"wp:featuredmedia":[{"embeddable":true,"href":"https:\/\/www.europesays.com\/es\/wp-json\/wp\/v2\/media\/168407"}],"wp:attachment":[{"href":"https:\/\/www.europesays.com\/es\/wp-json\/wp\/v2\/media?parent=168406"}],"wp:term":[{"taxonomy":"category","embeddable":true,"href":"https:\/\/www.europesays.com\/es\/wp-json\/wp\/v2\/categories?post=168406"},{"taxonomy":"post_tag","embeddable":true,"href":"https:\/\/www.europesays.com\/es\/wp-json\/wp\/v2\/tags?post=168406"}],"curies":[{"name":"wp","href":"https:\/\/api.w.org\/{rel}","templated":true}]}}