{"id":168412,"date":"2025-10-10T22:26:09","date_gmt":"2025-10-10T22:26:09","guid":{"rendered":"https:\/\/www.europesays.com\/es\/168412\/"},"modified":"2025-10-10T22:26:09","modified_gmt":"2025-10-10T22:26:09","slug":"nunca-hemos-vuelto-a-pisar-esa-propiedad-dada-su-conexion-dolorosa","status":"publish","type":"post","link":"https:\/\/www.europesays.com\/es\/168412\/","title":{"rendered":"Nunca hemos vuelto a pisar esa propiedad, dada su conexi\u00f3n dolorosa"},"content":{"rendered":"<p data-journey-content=\"true\" data-node-id=\"1\" class=\"body-dropcap css-1vn2egp emevuu60\">Hubo un tiempo en el que<strong data-node-id=\"1.1\"> <a href=\"https:\/\/www.harpersbazaar.com\/es\/famosas\/el-estilo-de\/a65167412\/brad-pitt-separacion-angelina-jolie-necesitaba-despertar\/\" target=\"_blank\" data-vars-ga-outbound-link=\"https:\/\/www.harpersbazaar.com\/es\/famosas\/el-estilo-de\/a65167412\/brad-pitt-separacion-angelina-jolie-necesitaba-despertar\/\" data-vars-ga-ux-element=\"Hyperlink\" data-vars-ga-call-to-action=\"Brad Pitt y Angelina Jolie\" data-node-id=\"1.1.1\" class=\"body-link css-156jt4g emevuu60\" rel=\"nofollow noopener\">Brad Pitt y Angelina Jolie<\/a><\/strong> eran copropietarios de una bodega francesa, concretamente, de la<strong data-node-id=\"1.3\"> Ch\u00e2teau Miraval.<\/strong> Esta propiedad, que compart\u00edan junto a otras, fue uno de los muchos motivos por los comenzaron su disputa en una batalla legal tras el divorcio. Si bien, hasta el momento, no se ten\u00eda conocimiento de qui\u00e9n de los dos miembros del matrimonio hab\u00eda logrado hacerse con la <strong data-node-id=\"1.5\">titularidad del alojamiento,<\/strong> ahora, la <a href=\"https:\/\/people.com\/angelina-jolie-hasnt-returned-winery-painful-events-brad-pitt-divorce-11827586\" target=\"_blank\" rel=\"nofollow noopener\" data-vars-ga-outbound-link=\"https:\/\/people.com\/angelina-jolie-hasnt-returned-winery-painful-events-brad-pitt-divorce-11827586\" data-vars-ga-ux-element=\"Hyperlink\" data-vars-ga-call-to-action=\"revista People\" data-node-id=\"1.7\" class=\"body-link css-156jt4g emevuu60\">revista People<\/a>, ha desvelado cu\u00e1l ha sido el resultado acordado en el juzgado.<\/p>\n<p data-journey-content=\"true\" data-node-id=\"4\" class=\"css-6wxqfj emevuu60\">Seg\u00fan documentos revisados por el medio internacional, y presentados por los abogados de la actriz, ha sido ella la que ha cedido ante Brad Pitt concedi\u00e9ndole la propiedad. Tal y como se\u00f1ala este medio, en la declaraci\u00f3n, Angelina Jolie revela dejarle al actor \u00abel control (y la residencia completa) de las<strong data-node-id=\"4.1\"> casas familiares en<\/strong> <strong data-node-id=\"4.3\">Los \u00c1ngeles y en Miraval<\/strong>\u00ab. Adem\u00e1s, a\u00f1ade: \u00abSin compensaci\u00f3n, lo que esperaba que lo hiciera sentir m\u00e1s tranquilo en su trato conmigo despu\u00e9s de un per\u00edodo dif\u00edcil y traum\u00e1tico\u00bb.<\/p>\n<p><img draggable=\"true\" alt=\"casa brad pitt\" title=\"Angelina Jolie habla sobre su casa con Brad Pitt\" loading=\"lazy\" width=\"2640\" height=\"2040\" decoding=\"async\" data-nimg=\"1\" style=\"color:transparent;width:100%;height:auto;\"   src=\"https:\/\/www.europesays.com\/es\/wp-content\/uploads\/2025\/10\/gettyimages-454285974-68e8bc82d3f63.jpg\" class=\"css-0 e1g79fud0\"\/><\/p>\n<p>MICHEL GANGNE\/\/Getty Images<\/p>\n<p data-journey-content=\"true\" data-node-id=\"7\" class=\"css-6wxqfj emevuu60\">En la documentaci\u00f3n parece quedar claro que a Angelina Jolie le ha resultado dif\u00edcil tomar esta decisi\u00f3n. De hecho, tambi\u00e9n confes\u00f3: \u00abHasta el d\u00eda de hoy, <strong data-node-id=\"7.1\"><a href=\"https:\/\/www.harpersbazaar.com\/es\/famosas\/el-estilo-de\/a62934107\/angelina-jolie-governors-awards-hijo-knox-jolie-pitt-16-anos\/\" target=\"_blank\" data-vars-ga-outbound-link=\"https:\/\/www.harpersbazaar.com\/es\/famosas\/el-estilo-de\/a62934107\/angelina-jolie-governors-awards-hijo-knox-jolie-pitt-16-anos\/\" data-vars-ga-ux-element=\"Hyperlink\" data-vars-ga-call-to-action=\"mis hijos y yo\" data-node-id=\"7.1.0\" class=\"body-link css-156jt4g emevuu60\" rel=\"nofollow noopener\">mis hijos y yo<\/a> nunca hemos vuelto<\/strong> a pisar la propiedad, dada su conexi\u00f3n con los dolorosos acontecimientos que llevaron al divorcio\u00bb. Incluso, fue m\u00e1s lejos y ofreci\u00f3 m\u00e1s detalles sobre el asunto: \u00abT<strong data-node-id=\"7.3\">ras la separaci\u00f3n<\/strong>, inmediatamente comenc\u00e9 a buscar una nueva casa para m\u00ed y nuestros hijos, inicialmente alquilando una vivienda mientras buscaba una soluci\u00f3n m\u00e1s estable. Como quer\u00eda asegurarme de que Brad siguiera siendo una parte importante de la vida de nuestros hijos, busqu\u00e9 comprar una propiedad cerca de su casa. En ese momento, <strong data-node-id=\"7.5\">mis ahorros estaban invertidos en Miraval<\/strong> y no le hab\u00eda solicitado a Brad pensi\u00f3n alimenticia ni ninguna otra ayuda financiera\u00bb.<\/p>\n<p data-journey-content=\"true\" data-node-id=\"11\" class=\"css-6wxqfj emevuu60\"> La <strong data-node-id=\"11.1\">relaci\u00f3n entre Brad Pitt y <a href=\"https:\/\/www.harpersbazaar.com\/es\/famosas\/el-estilo-de\/a63378472\/angelina-jolie-entrevista-carrera-mujer-cine-maria-callas\/\" target=\"_blank\" data-vars-ga-outbound-link=\"https:\/\/www.harpersbazaar.com\/es\/famosas\/el-estilo-de\/a63378472\/angelina-jolie-entrevista-carrera-mujer-cine-maria-callas\/\" data-vars-ga-ux-element=\"Hyperlink\" data-vars-ga-call-to-action=\"Angelina Jolie\" data-node-id=\"11.1.1\" class=\"body-link css-156jt4g emevuu60\" rel=\"nofollow noopener\">Angelina Jolie<\/a><\/strong> contin\u00faa mostrando signos de tensi\u00f3n y desacuerdo, incluso a\u00f1os despu\u00e9s de su separaci\u00f3n. La cesi\u00f3n de la propiedad de Miraval por parte de la actriz parece m\u00e1s un gesto de conciliaci\u00f3n que un verdadero acuerdo mutuo. Todo apunta a que, pese al tiempo transcurrido, las heridas de su ruptura siguen abiertas y su v\u00ednculo sigue siendo tan complejo como en el pasado.<\/p>\n<p>Contenidos relacionados<img src=\"https:\/\/www.europesays.com\/es\/wp-content\/uploads\/2025\/10\/27ba7a4c-edf4-44ff-95a0-45ba0d84a0d0_1686121238.file\" alt=\"Headshot of Paula Mart\u00edns\" title=\"Headshot of Paula Mart\u00edns\" width=\"100%\" height=\"100%\" decoding=\"async\" loading=\"lazy\" class=\"css-o0wq4v ev8dhu53\"\/><\/p>\n<p>\u00a0<\/p>\n<p>Paula Mart\u00edns (1993) es editora de lifestyle y cultura. Es apasionada de moverse de ciudad en ciudad y catadora confesable de cualquier cafeter\u00eda y restaurante. En su tiempo libre la ver\u00e1s moverse entre exposiciones, en cualquier establecimiento devorando libros y probando caf\u00e9s de especialidad o haciendo fotograf\u00edas a las fachadas y de los rincones m\u00e1s secretos cualquier paraje que visite. Por la noche, disfruta\u00a0bailando en los conciertos, enganch\u00e1ndose a toda pel\u00edcula o serie que haya en streaming y buscando festivales de cine.<\/p>\n<p>En sus art\u00edculos ense\u00f1a las ciudades bajo su prisma, descubriendo detalles que no encontrar\u00e1s en ninguna gu\u00eda de viaje. Desentra\u00f1a la personalidad de los personajes sobre los que escribe y\u00a0siempre busca comunicar desde un enfoque social, derribando estereotipos.<\/p>\n<p>Paula Mart\u00edns es una pontevedrea que en su af\u00e1n por estudiar en una gran ciudad termin\u00f3 en Cuenca, estudiando un grado en Periodismo por la UCLM. Guiada por su \u00edmpetu viajero busc\u00f3 unas pr\u00e1cticas en el peri\u00f3dico de El Ib\u00e9rico de Londres y, con una beca de Erasmus + se fue a conocer Reino Unido. A su vuelta a Espa\u00f1a persigui\u00f3 una de las primeras razones que le llevaron a dedicarse al periodismo: la moda. Estudi\u00f3 un m\u00e1ster en Digital Communication and marketing in fashion (s\u00ed, en ingl\u00e9s) en el Istituto Europeo di Design (IED) mientras trabajaba los fines de semana en aquella marca de Inditex llamada Uterq\u00fce. Al mismo tiempo\u00a0realizaba pr\u00e1cticas en revistas como VEIN magazine y en agencias de comunicaci\u00f3n como OnTwice.\u00a0<\/p>\n<p>Con esta misma pasi\u00f3n por el universo textil comenz\u00f3 su andadura en Harper&#8217;s Bazaar Espa\u00f1a desde Madrid: primero como becaria de la edici\u00f3n de papel, y despu\u00e9s como colaboradora web. Dentro de Harper&#8217;s Bazaar fue la encargada de las guardias del fin de semana, community manager, y ahora es la responsable de la secci\u00f3n de lifestyle y cultura, aunque es multidisciplinar y tambi\u00e9n apoya al equipo de moda y celebrities. Adem\u00e1s, como confesa workalcoholic, ocupa su tiempo escribiendo tambi\u00e9n para otros medios como \u00a1HOLA!, donde trata moda y lifestyle. Tambi\u00e9n es coordinadora de la revista cultural de la editorial de Bamba, y realiza notas de prensa y labores de comunicaci\u00f3n para varias agencias de comunicaci\u00f3n. A\u00fan hay m\u00e1s: ha fundado su propia revista digital de arte y cultura, llamada Kaldo magazine y ahora vive la vida n\u00f3mada. Ha vivido en Pontevedra, Cuenca, Londres, Madrid, Lisboa y Barcelona.\u00a0<\/p>\n","protected":false},"excerpt":{"rendered":"Hubo un tiempo en el que Brad Pitt y Angelina Jolie eran copropietarios de una bodega francesa, concretamente,&hellip;\n","protected":false},"author":2,"featured_media":168413,"comment_status":"","ping_status":"","sticky":false,"template":"","format":"standard","meta":{"footnotes":""},"categories":[91],"tags":[253,146,147,25,24,23],"class_list":{"0":"post-168412","1":"post","2":"type-post","3":"status-publish","4":"format-standard","5":"has-post-thumbnail","7":"category-entretenimiento","8":"tag-discover","9":"tag-entertainment","10":"tag-entretenimiento","11":"tag-es","12":"tag-espana","13":"tag-spain"},"share_on_mastodon":{"url":"","error":""},"_links":{"self":[{"href":"https:\/\/www.europesays.com\/es\/wp-json\/wp\/v2\/posts\/168412","targetHints":{"allow":["GET"]}}],"collection":[{"href":"https:\/\/www.europesays.com\/es\/wp-json\/wp\/v2\/posts"}],"about":[{"href":"https:\/\/www.europesays.com\/es\/wp-json\/wp\/v2\/types\/post"}],"author":[{"embeddable":true,"href":"https:\/\/www.europesays.com\/es\/wp-json\/wp\/v2\/users\/2"}],"replies":[{"embeddable":true,"href":"https:\/\/www.europesays.com\/es\/wp-json\/wp\/v2\/comments?post=168412"}],"version-history":[{"count":0,"href":"https:\/\/www.europesays.com\/es\/wp-json\/wp\/v2\/posts\/168412\/revisions"}],"wp:featuredmedia":[{"embeddable":true,"href":"https:\/\/www.europesays.com\/es\/wp-json\/wp\/v2\/media\/168413"}],"wp:attachment":[{"href":"https:\/\/www.europesays.com\/es\/wp-json\/wp\/v2\/media?parent=168412"}],"wp:term":[{"taxonomy":"category","embeddable":true,"href":"https:\/\/www.europesays.com\/es\/wp-json\/wp\/v2\/categories?post=168412"},{"taxonomy":"post_tag","embeddable":true,"href":"https:\/\/www.europesays.com\/es\/wp-json\/wp\/v2\/tags?post=168412"}],"curies":[{"name":"wp","href":"https:\/\/api.w.org\/{rel}","templated":true}]}}