{"id":168420,"date":"2025-10-10T22:32:11","date_gmt":"2025-10-10T22:32:11","guid":{"rendered":"https:\/\/www.europesays.com\/es\/168420\/"},"modified":"2025-10-10T22:32:11","modified_gmt":"2025-10-10T22:32:11","slug":"numancia-y-balonmano-soria-juegan-ante-su-publico-y-derbi-soriano-en-regional","status":"publish","type":"post","link":"https:\/\/www.europesays.com\/es\/168420\/","title":{"rendered":"Numancia y Balonmano Soria juegan ante su p\u00fablico y derbi soriano en Regional"},"content":{"rendered":"<p>As\u00ed se presenta el fin de semana deportivo en Soria.<\/p>\n<p><strong>Segunda RFEF. Grupo 1. <\/strong>Tras la goleada del pasado fin de semana en Galicia, el Numancia quiere reencontrase con la victoria ante su p\u00fablico, en el partido que disputar\u00e1 el domingo a las 17.00 horas en Los Pajaritos ante el S\u00e1mano. <a target=\"_blank\" href=\"https:\/\/futbolme.com\/resultados-directo\/torneo\/segunda-federacion-grupo-1\/3057\/\" rel=\"nofollow noopener\"><strong>As\u00ed va el grupo<\/strong><\/a><\/p>\n<p><strong>Superliga de voleibol.<\/strong> El Grupo Herce Soria inicia su competici\u00f3n el 25 de octubre. Ma\u00f1ana juega a las 16.30 un amistoso en Los Pajaritos ante Legan\u00e9s.\u00a0<a target=\"_blank\" href=\"https:\/\/www.rfevb.com\/superliga-masculina-clasificacion\" rel=\"nofollow noopener\"><strong>Clasificaci\u00f3n<\/strong><\/a><\/p>\n<p><strong>Divisi\u00f3n de Honor Plata de Balonmano. E<\/strong>l BM Soria tambi\u00e9n regresa a casa donde quiere reencontrase con la victoria ante su p\u00fablico, este s\u00e1bado a las 18.00 horas en el San Andr\u00e9s ante el\u00a0Attica21 OAR Coru\u00f1a.\u00a0<strong><a target=\"_blank\" href=\"https:\/\/resultadosbalonmano.isquad.es\/competicion.php?seleccion=0&amp;id=1031101&amp;id_ambito=1&amp;id_territorial=9999&amp;id_superficie=1&amp;iframe=0&amp;id_categoria=2522&amp;id_competicion=209265\" rel=\"nofollow noopener\">As\u00ed va la competici\u00f3n<\/a><\/strong><\/p>\n<p><a target=\"_blank\" href=\"https:\/\/www.desdesoria.es\/ads\/20251006143519879556\" rel=\"nofollow noopener\"> <img loading=\"lazy\" decoding=\"async\" src=\"https:\/\/www.europesays.com\/es\/wp-content\/uploads\/2025\/10\/2025100614334682104.gif\" alt=\"Publicidad 879556\" width=\"728\" height=\"90\" class=\"lazyload\" \/> <\/a><\/p>\n<p><strong>Tercera Femenina de F\u00fatbol. <\/strong>El San Jos\u00e9 juega el domingo 12 a las 12.00 horas en casa del Capiscol\u00a0<a target=\"_blank\" href=\"https:\/\/www.rfcylf.es\/pnfg\/NPcd\/NFG_CmpJornada?cod_primaria=1000120&amp;CodCompeticion=22911493&amp;CodGrupo=22965343&amp;CodTemporada=21&amp;CodJornada=4&amp;Sch_Codigo_Delegacion=&amp;Sch_Tipo_Juego=#google_vignette\" rel=\"nofollow noopener\"><strong>As\u00ed va la competici\u00f3n<\/strong><\/a><\/p>\n<p><strong>Tercera Masculina de F\u00fatbol. <\/strong>Los dos equipos juegan el s\u00e1bado 11. El Numancia B lo har\u00e1 a las 17.00 horas en el campo del Atl\u00e9tico Mansill\u00e9s y el Almaz\u00e1n recibir\u00e1 una hora despu\u00e9s,\u00a0a las 18.00 horas, al Mojados.\u00a0<a target=\"_blank\" href=\"https:\/\/www.rfcylf.es\/pnfg\/NPcd\/NFG_CmpJornada?cod_primaria=1000120&amp;CodTemporada=21&amp;CodGrupo=22911127&amp;CodCompeticion=22911126&amp;CodJornada=6\" rel=\"nofollow noopener\"><strong>As\u00ed va la competici\u00f3n<\/strong><\/a><\/p>\n<p><strong>Liga Gonalpi Femenina. <\/strong>El San Esteban jugar\u00e1 el domingo 12 a las 12.00 horas en casa del Atl\u00e9tico Femenino Ciudad de Salamanca. <a target=\"_blank\" href=\"https:\/\/www.rfcylf.es\/pnfg\/NPcd\/NFG_CmpJornada?cod_primaria=1000120&amp;CodCompeticion=22911257&amp;CodGrupo=22911258&amp;CodTemporada=21&amp;CodJornada=4&amp;Sch_Codigo_Delegacion=&amp;Sch_Tipo_Juego=\" rel=\"nofollow noopener\"><strong>As\u00ed va la competici\u00f3n<\/strong><\/a><\/p>\n<p><strong>Preferente Masculina. <\/strong>Para el s\u00e1bado 11, el Uxama juega a las 15.45 horas en casa del Internacional Vista Alegre y el San Jos\u00e9 recibe a las 16.00 horas al Capiscol. Para el domingo 12, derbi soriano desde las 17.00 horas entre Golmayo-Camaretas y Calasanz.\u00a0<a target=\"_blank\" href=\"https:\/\/www.rfcylf.es\/pnfg\/NPcd\/NFG_CmpJornada?cod_primaria=1000120&amp;CodCompeticion=22911132&amp;CodGrupo=22911133&amp;CodTemporada=21&amp;CodJornada=5&amp;Sch_Codigo_Delegacion=&amp;Sch_Tipo_Juego=#google_vignette\" rel=\"nofollow noopener\"><strong>As\u00ed va la competici\u00f3n<\/strong><\/a><\/p>\n<p>Adem\u00e1s, carrera de la Guardia Civil y m\u00e1s San Saturio deportivo con aeromodelismo y subida al Castillo&#8230; <a target=\"_blank\" href=\"https:\/\/www.desdesoria.es\/articulo\/agenda\/agenda-soria-que-hacer-soria\/20220912020253579940.html\" rel=\"nofollow noopener\"><strong>Ver Agenda<\/strong><\/a><\/p>\n","protected":false},"excerpt":{"rendered":"As\u00ed se presenta el fin de semana deportivo en Soria. Segunda RFEF. Grupo 1. Tras la goleada del&hellip;\n","protected":false},"author":2,"featured_media":126535,"comment_status":"","ping_status":"","sticky":false,"template":"","format":"standard","meta":{"footnotes":""},"categories":[278],"tags":[376,168,25,24,375,23,167],"class_list":{"0":"post-168420","1":"post","2":"type-post","3":"status-publish","4":"format-standard","5":"has-post-thumbnail","7":"category-balonmano","8":"tag-balonmano","9":"tag-deportes","10":"tag-es","11":"tag-espana","12":"tag-handball","13":"tag-spain","14":"tag-sports"},"share_on_mastodon":{"url":"","error":""},"_links":{"self":[{"href":"https:\/\/www.europesays.com\/es\/wp-json\/wp\/v2\/posts\/168420","targetHints":{"allow":["GET"]}}],"collection":[{"href":"https:\/\/www.europesays.com\/es\/wp-json\/wp\/v2\/posts"}],"about":[{"href":"https:\/\/www.europesays.com\/es\/wp-json\/wp\/v2\/types\/post"}],"author":[{"embeddable":true,"href":"https:\/\/www.europesays.com\/es\/wp-json\/wp\/v2\/users\/2"}],"replies":[{"embeddable":true,"href":"https:\/\/www.europesays.com\/es\/wp-json\/wp\/v2\/comments?post=168420"}],"version-history":[{"count":0,"href":"https:\/\/www.europesays.com\/es\/wp-json\/wp\/v2\/posts\/168420\/revisions"}],"wp:featuredmedia":[{"embeddable":true,"href":"https:\/\/www.europesays.com\/es\/wp-json\/wp\/v2\/media\/126535"}],"wp:attachment":[{"href":"https:\/\/www.europesays.com\/es\/wp-json\/wp\/v2\/media?parent=168420"}],"wp:term":[{"taxonomy":"category","embeddable":true,"href":"https:\/\/www.europesays.com\/es\/wp-json\/wp\/v2\/categories?post=168420"},{"taxonomy":"post_tag","embeddable":true,"href":"https:\/\/www.europesays.com\/es\/wp-json\/wp\/v2\/tags?post=168420"}],"curies":[{"name":"wp","href":"https:\/\/api.w.org\/{rel}","templated":true}]}}