{"id":168423,"date":"2025-10-10T22:38:20","date_gmt":"2025-10-10T22:38:20","guid":{"rendered":"https:\/\/www.europesays.com\/es\/168423\/"},"modified":"2025-10-10T22:38:20","modified_gmt":"2025-10-10T22:38:20","slug":"alpine-lidera-el-peor-campeonato-de-la-f1-pero-no-por-colapinto","status":"publish","type":"post","link":"https:\/\/www.europesays.com\/es\/168423\/","title":{"rendered":"Alpine lidera el peor \u00abcampeonato\u00bb de la F1, pero no por Colapinto"},"content":{"rendered":"<p>&#13;<br \/>\n                    &#13;<br \/>\n                        &#13;<br \/>\n&#13;<\/p>\n<p>El equipo franc\u00e9s es el que m\u00e1s gast\u00f3 por da\u00f1os en accidentes de toda la temporada, pero el argentino est\u00e1 entre los que menos rompieron.<\/p>\n<p>&#13;<br \/>\n<img decoding=\"async\" class=\"mainImg r16x9\" width=\"416\" height=\"234\" fetchpriority=\"high\" src=\"https:\/\/www.europesays.com\/es\/wp-content\/uploads\/2025\/10\/1760135895_829_colapinto_416x234.webp\"  alt=\"Colapinto\" title=\"Colapinto\"\/> Colapinto, metido en las reparaciones de su Alpine, tras su \u00faltimo accidente en la clasificaci\u00f3n para el GP de Azerbaiy\u00e1n. (@AlpineF1Team)<\/p>\n<p>As\u00ed como la F\u00f3rmula 1 tiene un Campeonato de Constructores que ya gan\u00f3 McLaren, o el Mundial de Pilotos con <a onclick=\"ga4SelectContentEvent(&quot;Alpine lidera el peor \\&quot;campeonato\\&quot; de la F1, pero no por Colapinto&quot;, &quot;Automovilismo&quot;, &quot;Nota&quot;);\" href=\"https:\/\/www.tycsports.com\/automovilismo\/campeon-y-en-llamas-alarma-en-mclaren-por-la-interna-entre-piastri-y-norris-id691247.html\" target=\"_blank\" rel=\"nofollow noopener\">la pelea entre Oscar Piastri y Lando Norris<\/a> (y Max Verstappen, a\u00fan con una luz de esperanza), <b>hay otro paralelo y extraoficial que pone a Alpine en el 1\u00b0 puesto: el de \u00abDestructores\u00bb<\/b>.<\/p>\n<p>&#13;<\/p>\n<p>        La escuder\u00eda francesa es la que m\u00e1s gast\u00f3 del campeonato por roturas en accidentes de sus pilotos. Sin embargo, <b>poca de esa responsabilidad es de Franco Colapinto, que rompi\u00f3 elementos por 405 mil d\u00f3lares<\/b> entre sus tres accidentes de la clasificaciones en Imola, Silverstone y Azerbaiy\u00e1n.<\/p>\n<p><b>El que m\u00e1s hizo sufrir a Flavio Briatore y compa\u00f1\u00eda es Jack Doohan<\/b>, cuyo fort\u00edsimo golpe en Suzuka, durante las pr\u00e1cticas para el GP de Jap\u00f3n por llevar a la realidad una prueba del simulador (doblar la curva uno con el DRS abierto),<b> engros\u00f3 la cuenta personal hasta US$1.514.000<\/b>, seg\u00fan c\u00e1lculos de Racing Statistics.<\/p>\n<blockquote class=\"twitter-tweet\">\n<p lang=\"en\" dir=\"ltr\">A sizeable crash for Jack Doohan in FP2 \u00f0\u009f\u0098\u00b1<\/p>\n<p>He is OK and out of the car<a href=\"https:\/\/twitter.com\/hashtag\/F1?src=hash&amp;ref_src=twsrc%5Etfw\" rel=\"nofollow noopener\" target=\"_blank\">#F1<\/a> <a href=\"https:\/\/twitter.com\/hashtag\/JapaneseGP?src=hash&amp;ref_src=twsrc%5Etfw\" rel=\"nofollow noopener\" target=\"_blank\">#JapaneseGP<\/a> <a href=\"https:\/\/t.co\/uCDCUcGKcy\" rel=\"nofollow\">pic.twitter.com\/uCDCUcGKcy<\/a><\/p>\n<p>\u00e2\u0080\u0094 Formula 1 (@F1) <a href=\"https:\/\/twitter.com\/F1\/status\/1908043820983275981?ref_src=twsrc%5Etfw\" rel=\"nofollow noopener\" target=\"_blank\">April 4, 2025<\/a>\n<\/p><\/blockquote>\n<p>        A pesar que dur\u00f3 solo 5 GPs de esta temporada, <b>el australiano al que baj\u00f3 Colapinto es el quinto de la tabla que lidera Yuki Tsunoda<\/b>, protagonista de varios incidentes fuertes con el Red Bull (US$2.179.000). Pierre Gasly, a su vez, est\u00e1 noveno con una factura de 1.102.000 d\u00f3lares.<\/p>\n<p><b>En el otro extremo est\u00e1 Mercedes<\/b>, que solo debi\u00f3 destinar un mill\u00f3n a reparaciones por golpes de Kimi Antonelli, mientras que <a onclick=\"ga4SelectContentEvent(&quot;Alpine lidera el peor \\&quot;campeonato\\&quot; de la F1, pero no por Colapinto&quot;, &quot;Automovilismo&quot;, &quot;Nota&quot;);\" href=\"https:\/\/www.tycsports.com\/automovilismo\/f1-horario-y-donde-ver-en-vivo-la-carrera-del-gp-de-singapur-id689725.html\" target=\"_blank\" rel=\"nofollow noopener\">el \u00faltimo ganador <b>George Russell<\/b><\/a><b> es el \u00fanico de los 21 pilotos de la temporada en cero<\/b>, con un registro impecable.<\/p>\n<p>Los elementos m\u00e1s costosos para reemplazarse, seg\u00fan estimaciones, son la caja de cambios (US$500.000), el piso (US$225.000) y la parte delantera, entre aler\u00f3n y suspensi\u00f3n (US$125.000 en ambos casos). Y lo m\u00e1s barato, una goma por \u00abapenas\u00bb 5 mil d\u00f3lares.<\/p>\n<p><img decoding=\"async\" class=\"mainImg r16x9\" width=\"416\" height=\"234\" fetchpriority=\"low\" loading=\"lazy\" src=\"https:\/\/www.europesays.com\/es\/wp-content\/uploads\/2025\/10\/caja-f1_416x234.webp\"  alt=\"Caja F1\" title=\"Caja F1\"\/> Una transmisi\u00f3n de F1, al desnudo. Es de las partes m\u00e1s costosas. (Motorsport)<\/p>\n<p>        Esto, a su vez,<b> toma mucha relevancia para una F1 que desde 2021 impuso un sistema de l\u00edmite presupuestario<\/b> (con algunas excepciones, como los principales salarios de cada equipo) que fija un tope de 135 millones de d\u00f3lares anuales. M\u00e1s all\u00e1 de ganar, tambi\u00e9n importa llegar con el auto sano.<\/p>\n<p>As\u00ed est\u00e1 el campeonato de &#8216;Destructores&#8217; para los equipos<\/p>\n<ol>\n<li><b>Alpine<\/b>: US$3.021.000.<\/li>\n<li><b>Red Bull<\/b>: US$2.596.000.<\/li>\n<li><b>Haas<\/b>: US$2.239.000.<\/li>\n<li><b>Ferrari<\/b>: US$2.122.000.<\/li>\n<li><b>McLaren<\/b>: US$1.990.000.<\/li>\n<li><b>Racing Bulls<\/b>: US$1.924.000.<\/li>\n<li><b>Aston Martin<\/b>: US$1.452.000.<\/li>\n<li><b>Williams<\/b>: US$1.442.000.<\/li>\n<li><b>Sauber<\/b>: US$1.261.000.<\/li>\n<li><b>Mercedes<\/b>: US$1.000.000.<\/li>\n<\/ol>\n<p>Y el de los pilotos&#8230;<\/p>\n<ol>\n<li><b>Yuki Tsunoda<\/b> (Red Bull): US$2.179.000.<\/li>\n<li><b>Lando Norris <\/b>(McLaren): US$1.855.000.<\/li>\n<li><b>Oliver<\/b> <b>Bearman<\/b> (Haas): US$1.597.000.<\/li>\n<li><b>Charles Leclerc <\/b>(Ferrari): US$1.537.000.<\/li>\n<li><b>Jack Doohan <\/b>(Alpine): US$1.514.000.<\/li>\n<li><b>Isack Hadjar <\/b>(Racing Bulls): US$1.274.000.<\/li>\n<li><b>Carlos Sainz Jr<\/b>. (Williams): US$1.192.000.<\/li>\n<li><b>Fernando Alonso <\/b>(Aston Martin): US$1.127.000.<\/li>\n<li><b>Pierre Gasly <\/b>(Alpine): US$1.102.000.<\/li>\n<li><b>Gabriel Bortoleto <\/b>(Sauber): US$1.044.000.<\/li>\n<li><b>Kimi Antonelli <\/b>(Mercedes): US$1.000.000.<\/li>\n<li><b>Liam Lawson <\/b>(Racing Bulls): US$842.000 (+$192.000 en Red Bull).<\/li>\n<li><b>Esteban Ocon <\/b>(Haas): US$642.000.<\/li>\n<li><b>Lewis Hamilton <\/b>(Ferrari): US$585.000.<\/li>\n<li><b>Franco Colapinto <\/b>(Alpine): US$405.000.<\/li>\n<li><b>Lance Stroll <\/b>(Aston Martin): US$325.000.<\/li>\n<li><b>Alexander Albon<\/b> (Williams): US$250.000.<\/li>\n<li><b>Max Verstappen <\/b>(Red Bull): US$225.000.<\/li>\n<li><b>Nico Hulkenberg<\/b> (Sauber): US$217.000.<\/li>\n<li><b>Oscar Piastri <\/b>(McLaren): US$135.000.<\/li>\n<li><b>George Russell <\/b>(Mercedes): sin gastos.<\/li>\n<\/ol>\n<p class=\"subs-tag\">&#13;<br \/>\n            &#13;<br \/>\n            &#13;<br \/>\n            &#13;<br \/>\n            &#13;<br \/>\n            &#13;<br \/>\n         No te pierdas nada<\/p>\n<p>        &#13;<br \/>\n            Recib\u00ed las \u00faltimas noticias de F1 \u00a1y m\u00e1s!    &#13;<br \/>\n    &#13;<\/p>\n<p>&#13;<br \/>\n    &#13;<br \/>\n       &#13;<br \/>\n&#13;<br \/>\n        Te puede interesar<a href=\"https:\/\/www.tycsports.com\/automovilismo\/james-vowles-elogio-franco-colapinto-williams-alpine-sigue-siendo-rapido-formula-1-f1-id691273.html\" onclick=\"ga4SelectContentEvent(&quot;El exjefe de Colapinto volvi\\u00f3 a respaldar al argentino en la F\\u00f3rmula 1: \\&quot;Sigue siendo muy r\\u00e1pido\\&quot;&quot;,&quot;Automovilismo&quot;,&quot;page_nota-comun-2024-blo_4109&quot;,&quot;Mat\\u00edas Besana&quot;);\" class=\"cardImageHolder\" rel=\"nofollow noopener\" target=\"_blank\"><img decoding=\"async\" class=\"cardImage r16x9\" width=\"416\" height=\"234\" fetchpriority=\"low\" loading=\"lazy\" src=\"https:\/\/www.europesays.com\/es\/wp-content\/uploads\/2025\/10\/james-vowles-jefe-del-equipo-williams-de-la-formula-1_416x234.webp\"  alt=\"El exjefe de Colapinto volvi\u00f3 a respaldar al argentino en la F\u00f3rmula 1: &quot;Sigue siendo muy r\u00e1pido&quot;\" title=\"El exjefe de Colapinto volvi\u00f3 a respaldar al argentino en la F\u00f3rmula 1: &quot;Sigue siendo muy r\u00e1pido&quot;\"\/><\/a><a href=\"https:\/\/www.tycsports.com\/automovilismo\/campeon-y-en-llamas-alarma-en-mclaren-por-la-interna-entre-piastri-y-norris-id691247.html\" onclick=\"ga4SelectContentEvent(&quot;Campe\\u00f3n y en llamas: alarma en McLaren por la interna entre Piastri y Norris&quot;,&quot;Automovilismo&quot;,&quot;page_nota-comun-2024-blo_4109&quot;,&quot;Juan Manuel Collazo&quot;);\" class=\"cardImageHolder\" rel=\"nofollow noopener\" target=\"_blank\"><img decoding=\"async\" class=\"cardImage r16x9\" width=\"416\" height=\"234\" fetchpriority=\"low\" loading=\"lazy\" src=\"https:\/\/www.europesays.com\/es\/wp-content\/uploads\/2025\/10\/norris-y-piastri_416x234.webp\"  alt=\"Campe\u00f3n y en llamas: alarma en McLaren por la interna entre Piastri y Norris\" title=\"Campe\u00f3n y en llamas: alarma en McLaren por la interna entre Piastri y Norris\"\/><\/a><a href=\"https:\/\/www.tycsports.com\/automovilismo\/las-simulaciones-y-un-gran-problema-para-los-equipos-de-la-formula-1-de-cara-al-2026-id691236.html\" onclick=\"ga4SelectContentEvent(&quot;El gran problema que afronta la F1 en el desarrollo para 2026&quot;,&quot;Automovilismo&quot;,&quot;page_nota-comun-2024-blo_4109&quot;,&quot;Juan Manuel Collazo&quot;);\" class=\"cardImageHolder\" rel=\"nofollow noopener\" target=\"_blank\"><img decoding=\"async\" class=\"cardImage r16x9\" width=\"416\" height=\"234\" fetchpriority=\"low\" loading=\"lazy\" src=\"https:\/\/www.europesays.com\/es\/wp-content\/uploads\/2025\/10\/alpine-2026_416x234.webp\"  alt=\"El gran problema que afronta la F1 en el desarrollo para 2026\" title=\"El gran problema que afronta la F1 en el desarrollo para 2026\"\/><\/a><a href=\"https:\/\/www.tycsports.com\/automovilismo\/las-razones-por-las-que-colapinto-se-encamina-a-seguir-en-alpine-en-2026-id691173.html\" onclick=\"ga4SelectContentEvent(&quot;Las razones por las que Colapinto se encamina a seguir en Alpine en 2026&quot;,&quot;Automovilismo&quot;,&quot;page_nota-comun-2024-blo_4109&quot;,&quot;Gabriel Cottone&quot;);\" class=\"cardImageHolder\" rel=\"nofollow noopener\" target=\"_blank\"><img decoding=\"async\" class=\"cardImage r16x9\" width=\"416\" height=\"234\" fetchpriority=\"low\" loading=\"lazy\" src=\"https:\/\/www.europesays.com\/es\/wp-content\/uploads\/2025\/10\/1759728910_383_colapinto_416x234.webp\"  alt=\"Las razones por las que Colapinto se encamina a seguir en Alpine en 2026\" title=\"Las razones por las que Colapinto se encamina a seguir en Alpine en 2026\"\/><\/a><a href=\"https:\/\/www.tycsports.com\/al-angulo\/la-historia-del-hombre-que-ideo-a-mclaren-la-tragedia-que-lo-cambio-todo-y-como-hizo-para-dominar-la-f1-id691044.html\" onclick=\"ga4SelectContentEvent(&quot;La historia del hombre que ide\\u00f3 a McLaren, la tragedia que lo cambi\\u00f3 todo y c\\u00f3mo hizo para dominar la F1&quot;,&quot;Al \\u00c1ngulo&quot;,&quot;page_nota-comun-2024-blo_4109&quot;,&quot;Thiago Cammarota&quot;);\" class=\"cardImageHolder\" rel=\"nofollow noopener\" target=\"_blank\"><img decoding=\"async\" class=\"cardImage r16x9\" width=\"416\" height=\"234\" fetchpriority=\"low\" loading=\"lazy\" src=\"https:\/\/www.europesays.com\/es\/wp-content\/uploads\/2025\/10\/mclaren_416x234.webp\"  alt=\"La historia del hombre que ide\u00f3 a McLaren, la tragedia que lo cambi\u00f3 todo y c\u00f3mo hizo para dominar la F1\" title=\"La historia del hombre que ide\u00f3 a McLaren, la tragedia que lo cambi\u00f3 todo y c\u00f3mo hizo para dominar la F1\"\/><\/a><a href=\"https:\/\/www.tycsports.com\/automovilismo\/la-brillante-largada-de-colapinto-en-singapur-posteo-de-la-f1-y-reaccion-de-uno-de-los-ingenieros-id691041.html\" onclick=\"ga4SelectContentEvent(&quot;La brillante largada de Colapinto en Singapur: posteo de la F1 y reacci\\u00f3n de uno de los ingenieros&quot;,&quot;Automovilismo&quot;,&quot;page_nota-comun-2024-blo_4109&quot;,&quot;Ciro Frustaci Zaccaro&quot;);\" class=\"cardImageHolder\" rel=\"nofollow noopener\" target=\"_blank\"><img decoding=\"async\" class=\"cardImage r16x9\" width=\"416\" height=\"234\" fetchpriority=\"low\" loading=\"lazy\" src=\"https:\/\/www.europesays.com\/es\/wp-content\/uploads\/2025\/10\/1759959922_295_colapinto_416x234.webp.webp\"  alt=\"La brillante largada de Colapinto en Singapur: posteo de la F1 y reacci\u00f3n de uno de los ingenieros\" title=\"La brillante largada de Colapinto en Singapur: posteo de la F1 y reacci\u00f3n de uno de los ingenieros\"\/><\/a>&#13;<br \/>\n&#13;<br \/>\n    &#13;<br \/>\n&#13;<br \/>\n&#13;<br \/>\n                  &#13;<br \/>\n                <script async src=\"https:\/\/platform.twitter.com\/widgets.js\" charset=\"utf-8\"><\/script><\/p>\n","protected":false},"excerpt":{"rendered":"&#13; &#13; &#13; &#13; El equipo franc\u00e9s es el que m\u00e1s gast\u00f3 por da\u00f1os en accidentes de toda&hellip;\n","protected":false},"author":2,"featured_media":168424,"comment_status":"","ping_status":"","sticky":false,"template":"","format":"standard","meta":{"footnotes":""},"categories":[270],"tags":[1763,168,25,24,306,271,272,1723,23,167],"class_list":{"0":"post-168423","1":"post","2":"type-post","3":"status-publish","4":"format-standard","5":"has-post-thumbnail","7":"category-formula-1","8":"tag-automovilismo","9":"tag-deportes","10":"tag-es","11":"tag-espana","12":"tag-f1","13":"tag-formula-1","14":"tag-formula1","15":"tag-franco-colapinto","16":"tag-spain","17":"tag-sports"},"share_on_mastodon":{"url":"","error":""},"_links":{"self":[{"href":"https:\/\/www.europesays.com\/es\/wp-json\/wp\/v2\/posts\/168423","targetHints":{"allow":["GET"]}}],"collection":[{"href":"https:\/\/www.europesays.com\/es\/wp-json\/wp\/v2\/posts"}],"about":[{"href":"https:\/\/www.europesays.com\/es\/wp-json\/wp\/v2\/types\/post"}],"author":[{"embeddable":true,"href":"https:\/\/www.europesays.com\/es\/wp-json\/wp\/v2\/users\/2"}],"replies":[{"embeddable":true,"href":"https:\/\/www.europesays.com\/es\/wp-json\/wp\/v2\/comments?post=168423"}],"version-history":[{"count":0,"href":"https:\/\/www.europesays.com\/es\/wp-json\/wp\/v2\/posts\/168423\/revisions"}],"wp:featuredmedia":[{"embeddable":true,"href":"https:\/\/www.europesays.com\/es\/wp-json\/wp\/v2\/media\/168424"}],"wp:attachment":[{"href":"https:\/\/www.europesays.com\/es\/wp-json\/wp\/v2\/media?parent=168423"}],"wp:term":[{"taxonomy":"category","embeddable":true,"href":"https:\/\/www.europesays.com\/es\/wp-json\/wp\/v2\/categories?post=168423"},{"taxonomy":"post_tag","embeddable":true,"href":"https:\/\/www.europesays.com\/es\/wp-json\/wp\/v2\/tags?post=168423"}],"curies":[{"name":"wp","href":"https:\/\/api.w.org\/{rel}","templated":true}]}}