{"id":168425,"date":"2025-10-10T22:39:08","date_gmt":"2025-10-10T22:39:08","guid":{"rendered":"https:\/\/www.europesays.com\/es\/168425\/"},"modified":"2025-10-10T22:39:08","modified_gmt":"2025-10-10T22:39:08","slug":"casademont-zaragoza-primera-gran-faena-de-un-casademont-zaragoza-u22-con-lucas-langarita-99-83","status":"publish","type":"post","link":"https:\/\/www.europesays.com\/es\/168425\/","title":{"rendered":"Casademont Zaragoza | Primera gran faena de un Casademont Zaragoza U22 con Lucas Langarita (99-83)"},"content":{"rendered":"<p class=\"ft-text\">Descomunal y<strong> arrollador estreno, aunque con sustos, del Casademont Zaragoza en la Liga U22 ante el Joventut de Badalona (99-84)<\/strong> en un encuentro que demostr\u00f3 que el club aragon\u00e9s tiene talento de sobra en la cantera y que su participaci\u00f3n en esta competici\u00f3n va a ser provechosa y divertida. El choque<strong> qued\u00f3 sentenciado en el inicio<\/strong> y despu\u00e9s los de Serna aguantaron bien el tipo ante los m\u00faltiples intentos de los catalanes de engancharse en el marcador.<\/p>\n<p class=\"ft-text\"><strong>Langarita meti\u00f3 la primera y la \u00faltima canasta (un triple) en<\/strong> 10 minutos geniales de baloncesto que ser\u00e1n dif\u00edciles de superar por los j\u00f3venes del Casademont a pesar de haberlos completado en el primer cuarto de la historia de este equipo. <strong>Entre medias, una gran actuaci\u00f3n coral en la que pr\u00e1cticamente sumaron todos los integrantes de la plantilla. Con buenas acciones de Alias, Moreno, Traor\u00e9, Faye o Lukic<\/strong>, los de Serna fueron distanci\u00e1ndose en el marcador ante un Joventut despistado que se vio sorprendido por el fulgurante arranque de los locales. El 29-16 con el que acab\u00f3 el primer parcial hablaba a las claras de lo que hab\u00eda sucedido sobre la cancha.<\/p>\n<p class=\"ft-text\">Se relaj\u00f3 algo el Casademont Zaragoza en el segundo cuarto (e incluso lleg\u00f3 a gustarse demasiado en algunas ocasiones) y eso permiti\u00f3 a los visitantes ir acerc\u00e1ndose poco a poco en el marcador.<strong> Lleg\u00f3 el Joventut incluso a ponerse a siete puntos de distancia (45-38), <\/strong>pero los de Serna volvieron a ponerse serios y con un par de buenos chispazos volvieron a recuperar una buena renta para irse a los vestuarios (53-42).<\/p>\n<p class=\"ft-text\">Tras la reanudaci\u00f3n, la din\u00e1mica del encuentro no cambi\u00f3 demasiado, con los dos equipos intercambiaban parciales contundentes, algo cl\u00e1sico en duelos entre j\u00f3venes.<strong> Volvi\u00f3 el Joventut a amagar con meterse en el partido y esta vez la renta baj\u00f3 incluso a seis tantos (55-49),<\/strong> pero a los zaragozanos no les tembl\u00f3 el pulso y encadenaron unos buenos minutos para, con un triple de Carlos Alias, volver a dispararse (70-55).<\/p>\n<p class=\"ft-text\">Ni aun as\u00ed los catalanes se rindieron. Parec\u00eda el duelo sentenciado, pero el Joventut le rob\u00f3 la rasmia al Casademont para colocarse a solo cinco. <strong>Fue Savkov el que espant\u00f3 los fantasmas de la remontada en un pabell\u00f3n Siglo XXI al que, visto el espect\u00e1culo, seguro que volver\u00e1n<\/strong> los cientos de aficionados que disfrutaron de la primera gran noche de los canteranos.<\/p>\n","protected":false},"excerpt":{"rendered":"Descomunal y arrollador estreno, aunque con sustos, del Casademont Zaragoza en la Liga U22 ante el Joventut de&hellip;\n","protected":false},"author":2,"featured_media":168426,"comment_status":"","ping_status":"","sticky":false,"template":"","format":"standard","meta":{"footnotes":""},"categories":[269],"tags":[15725,299,298,2511,5369,1798,168,25,24,13839,3956,433,1078,23,167,491],"class_list":{"0":"post-168425","1":"post","2":"type-post","3":"status-publish","4":"format-standard","5":"has-post-thumbnail","7":"category-baloncesto","8":"tag-badalona","9":"tag-baloncesto","10":"tag-basketball","11":"tag-casademont","12":"tag-casademont-zaragoza","13":"tag-club","14":"tag-deportes","15":"tag-es","16":"tag-espana","17":"tag-faena","18":"tag-gran","19":"tag-jovenes","20":"tag-primera","21":"tag-spain","22":"tag-sports","23":"tag-zaragoza"},"share_on_mastodon":{"url":"","error":""},"_links":{"self":[{"href":"https:\/\/www.europesays.com\/es\/wp-json\/wp\/v2\/posts\/168425","targetHints":{"allow":["GET"]}}],"collection":[{"href":"https:\/\/www.europesays.com\/es\/wp-json\/wp\/v2\/posts"}],"about":[{"href":"https:\/\/www.europesays.com\/es\/wp-json\/wp\/v2\/types\/post"}],"author":[{"embeddable":true,"href":"https:\/\/www.europesays.com\/es\/wp-json\/wp\/v2\/users\/2"}],"replies":[{"embeddable":true,"href":"https:\/\/www.europesays.com\/es\/wp-json\/wp\/v2\/comments?post=168425"}],"version-history":[{"count":0,"href":"https:\/\/www.europesays.com\/es\/wp-json\/wp\/v2\/posts\/168425\/revisions"}],"wp:featuredmedia":[{"embeddable":true,"href":"https:\/\/www.europesays.com\/es\/wp-json\/wp\/v2\/media\/168426"}],"wp:attachment":[{"href":"https:\/\/www.europesays.com\/es\/wp-json\/wp\/v2\/media?parent=168425"}],"wp:term":[{"taxonomy":"category","embeddable":true,"href":"https:\/\/www.europesays.com\/es\/wp-json\/wp\/v2\/categories?post=168425"},{"taxonomy":"post_tag","embeddable":true,"href":"https:\/\/www.europesays.com\/es\/wp-json\/wp\/v2\/tags?post=168425"}],"curies":[{"name":"wp","href":"https:\/\/api.w.org\/{rel}","templated":true}]}}