{"id":168461,"date":"2025-10-10T23:08:14","date_gmt":"2025-10-10T23:08:14","guid":{"rendered":"https:\/\/www.europesays.com\/es\/168461\/"},"modified":"2025-10-10T23:08:14","modified_gmt":"2025-10-10T23:08:14","slug":"hacemos-las-cosas-con-mucha-mas-libertad","status":"publish","type":"post","link":"https:\/\/www.europesays.com\/es\/168461\/","title":{"rendered":"Hacemos las cosas con mucha m\u00e1s libertad"},"content":{"rendered":"<p id=\"eW9eGtsqpT\" data-wc=\"62\">El pasado jueves, en el centro de Madrid <strong>las dos palabras que m\u00e1s se escucharon fueron \u201cViva Suecia\u201d. <\/strong>Y no porque hubiera alg\u00fan multitudinario evento que tuviera algo que ver con el pa\u00eds escandinavo, sino porque el <a class=\"hm-link ho-link\" href=\"https:\/\/www.hola.com\/fashion\/tendencias\/20250125809632\/sara-carbonero-look-bohemio-cowboy-blusa-zara-concierto-madrid\/\" data-mrf-recirculation=\"article-body-link\" rel=\"nofollow noopener\" target=\"_blank\">grupo formado por Rafa Val, Alberto Cant\u00faa, Jess Fabric y Fernando Campillo presentaban su nuevo disco, Hecho en tiempos de paz<\/a>, despertando una aut\u00e9ntica revoluci\u00f3n. \u00a0\u00a0<\/p>\n<p> <img src=\"https:\/\/www.europesays.com\/es\/wp-content\/uploads\/2025\/10\/b9e8ddd42b0a-viva-suecia-gustaff02a8278.jpg\"   width=\"1080\" height=\"1080\" loading=\"lazy\" decoding=\"async\" alt=\"Media Image\" fetchpriority=\"auto\" class=\"image ho-image\"\/>\u00a9 Universal<\/p>\n<p id=\"e4uUPER30WV\" data-wc=\"93\">Esta<strong> banda murciana<\/strong> -cuyo nombre se debe al gusto de su bater\u00eda por el rock sueco- figura desde hace a\u00f1os en los carteles de los festivales m\u00e1s importantes de nuestro pa\u00ed<strong>s, en los primeros puestos de las listas de reproducci\u00f3n y tambi\u00e9n conquistan con sus canciones fuera de nuestras fronteras. <\/strong>Su \u00e9xito es incontestable y prueba de ello fue la gran acogida que tuvo la sorpresa que ten\u00edan preparada a las seis de la tarde en la madrile\u00f1a Calle de la Paz, horas antes de que su nuevo \u00e1lbum saliera a la luz.\u00a0<\/p>\n<p> <img src=\"https:\/\/www.europesays.com\/es\/wp-content\/uploads\/2025\/10\/dcac349e93bf-viva-suecia-gustaff02a8460.jpg\"   width=\"1920\" height=\"1080\" loading=\"lazy\" decoding=\"async\" alt=\"Media Image\" fetchpriority=\"auto\" class=\"image ho-image\"\/>\u00a9 Universal<\/p>\n<p id=\"ehsITESqYcB\" data-wc=\"103\">Sab\u00edan que hab\u00eda un<strong>a gran expectaci\u00f3n por la repercusi\u00f3n que estaba teniendo en las redes sociales <\/strong>y por el boca a boca que corr\u00eda como la p\u00f3lvora, pero no esperaban la tremenda respuesta de sus fans a la convocatoria. Ellos quer\u00edan<strong> salir a la calle junto a su p\u00fablico,<\/strong> como muestra de agradecimiento al cari\u00f1o que les han dado durante estos doce a\u00f1os de carrera, pero la gran afluencia de gente hizo que la polic\u00eda los terminara llevando a tocar a un teatro cercano. Mucha gente se qued\u00f3 a las puertas sin poder verlos, pero ellos<strong> terminaron saliendo a la calle para tocar.<\/strong><\/p>\n<p> <img src=\"https:\/\/www.europesays.com\/es\/wp-content\/uploads\/2025\/10\/966a82716a98-viva-suecia-gustaff02a7468.jpg\"   width=\"1080\" height=\"1080\" loading=\"lazy\" decoding=\"async\" alt=\"Media Image\" fetchpriority=\"auto\" class=\"image ho-image\"\/>\u00a9 Universal<\/p>\n<p id=\"en2zN134BuX\" data-wc=\"61\">Tan solo unas horas antes, a pocos metros de all\u00ed, en la tienda del Hotel UMusic, pudimos reunirnos con ellos para conocer de primera mano c\u00f3mo es su nuevo disco, c\u00f3mo viven este momento de su carrera y <a class=\"hm-link ho-link\" href=\"https:\/\/www.hola.com\/viajes\/20250619838667\/los-mejores-festivales-de-musica-espana-verano-2025\/\" data-mrf-recirculation=\"article-body-link\" rel=\"nofollow noopener\" target=\"_blank\">echamos la vista atr\u00e1s para hablar de sus inicios, su evoluci\u00f3n, sus viajes de escenario en escenario<\/a> y tambi\u00e9n de sue\u00f1os por cumplir.\u00a0<\/p>\n<p class=\"question-s1\" id=\"ekRKqfLRO1K\" data-wc=\"12\">\u00bfC\u00f3mo viv\u00eds los momentos previos a la salida de vuestro nuevo disco?<\/p>\n<p class=\"answer-s1\" id=\"ebdepZPBTjb\" data-wc=\"32\"><strong>Rafa<\/strong>: Con <strong>mucha tensi\u00f3n y mucha responsabilidad, pero estamos ilusionad\u00edsimos<\/strong>. Estamos muy contentos con el trabajo que hemos hecho y tengo muchas ganas de que la gente lo escuche y lo disfrute.<\/p>\n<p> <img src=\"https:\/\/www.europesays.com\/es\/wp-content\/uploads\/2025\/10\/32ce6f6a15c0-viva-suecia-gustaff02a8553.jpg\"   width=\"1080\" height=\"1800\" loading=\"lazy\" decoding=\"async\" alt=\"Media Image\" fetchpriority=\"auto\" class=\"image ho-image\"\/>\u00a9 Universal<\/p>\n<p class=\"question-s1\" id=\"ewIvIRGidjn\" data-wc=\"9\">\u00bfQui\u00e9n se pone m\u00e1s nervioso si las horas antes?<\/p>\n<p class=\"answer-s1\" id=\"en3eoZxxig3\" data-wc=\"17\"><strong>Jess<\/strong>: Yo, creo que <strong>siempre yo<\/strong>. Pase lo que pase, aunque sea la tonter\u00eda m\u00e1s grande, yo.<\/p>\n<p class=\"question-s1\" id=\"eqcEjKIfrjv\" data-wc=\"18\">La pregunta que os estar\u00e1 haciendo todo el mundo, \u00bfeste disco lo hab\u00e9is hecho en tiempos de paz?<\/p>\n<p class=\"answer-s1\" id=\"ee6FpdykLqy\" data-wc=\"101\"><strong>Jess<\/strong>: Para nosotros s\u00ed. Adem\u00e1s, es una forma de <strong>reivindicar, que hay que tener en cuenta hoy m\u00e1s que nunca, la paz.<\/strong> Es muy dif\u00edcil tener el control sobre la paz como algo global, pero por lo menos s\u00ed que tenemos la responsabilidad de meter esa paz y <strong>buscarla de una manera m\u00e1s peque\u00f1ita en las cosas simples, org\u00e1nicas, como son las canciones<\/strong>, como es leer un libro, como es salir a dar un paseo, como es ir a visitar a un familiar. Y seguro que las cosas van mucho mejor si todos ponemos nuestra peque\u00f1a paz en el orden com\u00fan.<\/p>\n<p class=\"answer-s1\" id=\"eX71COTxH46\" data-wc=\"19\"><strong>Rafa<\/strong>: Me gust<strong>a poner la cara de la gente la palabra paz <\/strong>y que no se nos olvide mucho<\/p>\n<p> <img src=\"https:\/\/www.europesays.com\/es\/wp-content\/uploads\/2025\/10\/a27125834bfd-viva-suecia-gustaff02a8411.jpg\"   width=\"1080\" height=\"1080\" loading=\"lazy\" decoding=\"async\" alt=\"Media Image\" fetchpriority=\"auto\" class=\"image ho-image\"\/>\u00a9 Universal<\/p>\n<p class=\"question-s1\" id=\"ex2nUgQfGfN\" data-wc=\"11\">\u00bfQu\u00e9 vamos a encontrar en el disco? \u00bfC\u00f3mo son estas canciones?<\/p>\n<p class=\"answer-s1\" id=\"eNyKEwE76xBD\" data-wc=\"42\"><strong>Fernando<\/strong>: Realmente es un <strong>viaje<\/strong>. Hemos <strong>experimentado con nuestras cabezas, nuestras incidencias, que hemos tenido durante dos a\u00f1os y medio <\/strong>que ha tardado para jugarse el disco. Y aqu\u00ed est\u00e1. Puede aparecer un rock and roll, una balada, una canci\u00f3n de amor.<\/p>\n<p class=\"answer-s1\" id=\"eHc2rY_C--U3\" data-wc=\"16\"><strong>Alberto<\/strong>: \u00a1Una <strong>polca<\/strong>! -dice bromeando- que el otro d\u00eda tuvimos un debate sobre eso muy guay.<\/p>\n<p class=\"question-s1\" id=\"eU7PpNK4PrtZ\" data-wc=\"10\">Es vuestro quinto disco, \u00bfda m\u00e1s v\u00e9rtigo que el primero?<\/p>\n<p class=\"answer-s1\" id=\"eFrK0tkV1nkw\" data-wc=\"50\"><strong>Rafa:\u00a0<\/strong>En nuestro caso, s\u00ed, porque <strong>lo esperaba la gente y porque la banda est\u00e1 en un momento en el que tenemos cierta responsabilidad,<\/strong> porque tenemos que, de alguna manera, devolver a la gente el cari\u00f1o y la confianza. Y eso es una responsabilidad muy bonita\u2026 pero es una responsabilidad.\u00a0<\/p>\n<p> <img src=\"https:\/\/www.europesays.com\/es\/wp-content\/uploads\/2025\/10\/65c66e100261-viva-suecia-gustaffdsf8321.jpg\"   width=\"1080\" height=\"1800\" loading=\"lazy\" decoding=\"async\" alt=\"Media Image\" fetchpriority=\"auto\" class=\"image ho-image\"\/>\u00a9 Universal<\/p>\n<p class=\"question-s1\" id=\"eHf_dxaAEg83\" data-wc=\"10\">A la hora de componer, \u00bflas expectativas del p\u00fablico pesan?<\/p>\n<p class=\"answer-s1\" id=\"evkXiFZwOZZx\" data-wc=\"74\"><strong>Jess:\u00a0<\/strong>Somos capaces de separar es<strong>o. A la hora de componer, hacemos las canciones para nosotros<\/strong>. Adem\u00e1s, hay una particularidad, nosotros somos una banda de directos, de escenarios, es donde realmente disfrutamos y lo pasamos bien y componemos las canciones tocando los cuatro juntos en un sitio magn\u00edfico donde absolutamente nada nos enturbia el momento. Entonces, hay <strong>mucha relaci\u00f3n entre c\u00f3mo la est\u00e1s creando y lo que va a pasar luego en el escenario.<\/strong><\/p>\n<p class=\"answer-s1\" id=\"eM-H2hNwpT_H\" data-wc=\"18\"><strong>Alberto<\/strong>: La <strong>presi\u00f3n viene despu\u00e9s,<\/strong> pero por suerte la parte creativa se hace con bastante libertad y paz.<\/p>\n<p class=\"question-s1\" id=\"eki_L1HZjlvz\" data-wc=\"16\">Est\u00e1is tocando los escenarios m\u00e1s importantes de Espa\u00f1a. \u00bfCu\u00e1l es el que record\u00e1is con mayor cari\u00f1o?<\/p>\n<p class=\"answer-s1\" id=\"eKuDD4d0MJZ3\" data-wc=\"25\"><strong>Alberto<\/strong>: Yo creo que el <strong>Teatro Real,<\/strong> que estuvimos el pasado invierno all\u00ed, <a class=\"hm-link ho-link\" href=\"https:\/\/www.hola.com\/realeza\/casa_espanola\/20250723845859\/premios-princesa-girona-2025-directo\/\" data-mrf-recirculation=\"article-body-link\" rel=\"nofollow noopener\" target=\"_blank\">tambi\u00e9n el Liceo de Barcelona\u2026<\/a> Tambi\u00e9n hemos tocado en M\u00e9xico, en Colombia\u2026<\/p>\n<p class=\"answer-s1\" id=\"eM5hyxSbQmzz\" data-wc=\"30\"><strong>Jess<\/strong>: Para m\u00ed hay una parte muy emotiva, pero esto es personal, y fue en el <strong>Sonorama <\/strong>de este a\u00f1o\u2026 Es que tenemos mucha suerte, estamos tocando en unos sitios\u2026<\/p>\n<p> <img src=\"https:\/\/www.europesays.com\/es\/wp-content\/uploads\/2025\/10\/844122b98efc-viva-suecia-gustaff02a8590.jpg\"   width=\"1080\" height=\"1080\" loading=\"lazy\" decoding=\"async\" alt=\"Media Image\" fetchpriority=\"auto\" class=\"image ho-image\"\/>\u00a9 Universal<\/p>\n<p class=\"question-s1\" id=\"e4EAtp58AM_6\" data-wc=\"7\">\u00bfD\u00f3nde ser\u00eda un sue\u00f1o para vosotros actuar?<\/p>\n<p class=\"answer-s1\" id=\"ehTDzDBxVD6x\" data-wc=\"8\"><strong>Fernando<\/strong>: \u00a1En <strong>Filipinas<\/strong>! En medio de una isla.<\/p>\n<p class=\"answer-s1\" id=\"eFSbHXcNm6qy\" data-wc=\"19\"><strong>Rafa<\/strong>: A m\u00ed me gustar\u00eda en el <strong>Madison Square Garden<\/strong>. No me va a pasar, pero me gustar\u00eda mucho.<\/p>\n<p class=\"answer-s1\" id=\"eL2LonHy36ge\" data-wc=\"56\"><strong>Jess<\/strong>: Cada vez que he dicho alg\u00fan sitio que nos gustar\u00eda, acabamos tocando. As\u00ed que yo voy a decir el Foro voy a decir algo, creo, que puedes&#8230; No s\u00e9, algo que desear\u00eda el <strong>Foro Sol, en Ciudad M\u00e9xico<\/strong>, que hemos estado viendo a artistas que admiramos y hemos disfrutado mucho ah\u00ed, eso ser\u00eda un sue\u00f1azo.<\/p>\n<p> <img src=\"https:\/\/www.europesays.com\/es\/wp-content\/uploads\/2025\/10\/8a885874f919-viva-suecia-gustaff02a8782.jpg\"   width=\"1080\" height=\"1800\" loading=\"lazy\" decoding=\"async\" alt=\"Media Image\" fetchpriority=\"auto\" class=\"image ho-image\"\/>\u00a9 Universal<\/p>\n<p class=\"question-s1\" id=\"e3F2fu23BICd\" data-wc=\"18\">Con tantos kil\u00f3metros de carretera que llev\u00e1is de un escenario a otro, \u00bfc\u00f3mo os llev\u00e1is? \u00bfHay alg\u00fan roce?\u00a0<\/p>\n<p class=\"answer-s1\" id=\"eqthdxDgdswI\" data-wc=\"26\"><strong>Alberto<\/strong>: Nos llevamos mejor que nunca, per<strong>o tenemos nuestros d\u00edas, evidentemente, porque somos humanos. <\/strong>Pero hemos aprendido a saber c\u00f3mo es el otro y a respetarnos.<\/p>\n<p class=\"answer-s1\" id=\"eyl9r-JUEm7x\" data-wc=\"12\"><strong>Rafa<\/strong>: El humor y las ventosidades nos sostienen -r\u00ede-. Eso une mucho.\u00a0<\/p>\n<p> <img src=\"https:\/\/www.europesays.com\/es\/wp-content\/uploads\/2025\/10\/ed7c594cd752-viva-suecia-gustaff02a8275.jpg\"   width=\"1080\" height=\"1080\" loading=\"lazy\" decoding=\"async\" alt=\"Media Image\" fetchpriority=\"auto\" class=\"image ho-image\"\/>\u00a9 Universal<\/p>\n<p class=\"question-s1\" id=\"es9BJRcXlZa-\" data-wc=\"13\">\u00bfC\u00f3mo veis que hab\u00e9is cambiado, como banda, desde el primer disco hasta ahora?<\/p>\n<p class=\"answer-s1\" id=\"ebll14FTMc90\" data-wc=\"33\"><strong>Jess<\/strong>: Gracias a Dios <strong>hemos cambiado much\u00edsimo, hemos evolucionado. <\/strong>Realmente lo preocupante ser\u00eda lo contrario, que no hubi\u00e9semos cambiado como personas y como banda. Creo que ahora hacemos las cosas con m\u00e1s pausas.<\/p>\n<p class=\"answer-s1\" id=\"e7Gtz9GCIKQ3\" data-wc=\"6\"><strong>Alberto<\/strong>: El <strong>respeto <\/strong>hacia los dem\u00e1s.<\/p>\n<p class=\"answer-s1\" id=\"eicmVX_FPBYL\" data-wc=\"8\"><strong>Rafa<\/strong>: Hacemos las cosas con mucha m\u00e1s <strong>libertad<\/strong>.<\/p>\n<p class=\"question-s1\" id=\"ePbMEq-KNuSk\" data-wc=\"23\">\u00bfC\u00f3mo explicar\u00edais a alguien que no os ha escuchado nunca qu\u00e9 sois y qu\u00e9 tiene que ver Suecia con una banda de Murcia?<\/p>\n<p class=\"answer-s1\" id=\"ei0P__M9lgGK\" data-wc=\"49\"><strong>Rafa<\/strong>: Que <strong>somos gilipollas<\/strong>, eso para empezar -bromea-. Y luego Suecia, la m\u00fasica sueca, es un pilar fundamental, principalmente en el pop y en el rock, y es una gran influencia. Y <strong>nuestro v\u00ednculo m\u00e1s cercano con Suecia es sobre todo el gusto musical de Fernando<\/strong>. Y sus ojos.<\/p>\n<p> <img src=\"https:\/\/www.europesays.com\/es\/wp-content\/uploads\/2025\/10\/b56b73d9b357-viva-suecia-gustaff02a8503.jpg\"   width=\"1080\" height=\"1800\" loading=\"lazy\" decoding=\"async\" alt=\"Media Image\" fetchpriority=\"auto\" class=\"image ho-image\"\/>\u00a9 Universal<\/p>\n<p class=\"question-s1\" id=\"egeNPIf5leBx\" data-wc=\"19\">Por \u00faltimo, \u00bfqu\u00e9 sorpresa ten\u00e9is preparada para hoy en la Calle de la Paz? Que hay una gran expectaci\u00f3n<\/p>\n<p class=\"answer-s1\" id=\"eyGGTu24_vVW\" data-wc=\"64\"><strong>Rafa<\/strong>: En realidad, es una <a class=\"hm-link ho-link\" href=\"https:\/\/www.hola.com\/actualidad\/20210731193944\/sara-carbonero-concierto-viva-suecia\/\" data-mrf-recirculation=\"article-body-link\" rel=\"nofollow noopener\" target=\"_blank\">peque\u00f1a convocatoria, casi como agradecimiento, porque al final siempre sacamos las entrada<\/a>s, por suerte, se agotan muy r\u00e1pido, y al final es como: <strong>v<\/strong><strong>amos a estar aqu\u00ed, vamos a compartir la felicidad, vamos a celebrar con todo el mundo que sacamos un disco nuevo<\/strong> y de alguna manera devolver el cari\u00f1o y la confianza que la gente ha dado.<\/p>\n<p class=\"answer-s1\" id=\"eskW7ttyl6ZY\" data-wc=\"9\"><strong>Alberto<\/strong>: La gente piensa que vamos a <strong>repartir marineras\u2026<\/strong><\/p>\n","protected":false},"excerpt":{"rendered":"El pasado jueves, en el centro de Madrid las dos palabras que m\u00e1s se escucharon fueron \u201cViva Suecia\u201d.&hellip;\n","protected":false},"author":2,"featured_media":168462,"comment_status":"","ping_status":"","sticky":false,"template":"","format":"standard","meta":{"footnotes":""},"categories":[174],"tags":[517,255,146,147,25,24,256,185,23],"class_list":{"0":"post-168461","1":"post","2":"type-post","3":"status-publish","4":"format-standard","5":"has-post-thumbnail","7":"category-famosos","8":"tag-actualidad","9":"tag-celebrities","10":"tag-entertainment","11":"tag-entretenimiento","12":"tag-es","13":"tag-espana","14":"tag-famosos","15":"tag-musica","16":"tag-spain"},"share_on_mastodon":{"url":"","error":""},"_links":{"self":[{"href":"https:\/\/www.europesays.com\/es\/wp-json\/wp\/v2\/posts\/168461","targetHints":{"allow":["GET"]}}],"collection":[{"href":"https:\/\/www.europesays.com\/es\/wp-json\/wp\/v2\/posts"}],"about":[{"href":"https:\/\/www.europesays.com\/es\/wp-json\/wp\/v2\/types\/post"}],"author":[{"embeddable":true,"href":"https:\/\/www.europesays.com\/es\/wp-json\/wp\/v2\/users\/2"}],"replies":[{"embeddable":true,"href":"https:\/\/www.europesays.com\/es\/wp-json\/wp\/v2\/comments?post=168461"}],"version-history":[{"count":0,"href":"https:\/\/www.europesays.com\/es\/wp-json\/wp\/v2\/posts\/168461\/revisions"}],"wp:featuredmedia":[{"embeddable":true,"href":"https:\/\/www.europesays.com\/es\/wp-json\/wp\/v2\/media\/168462"}],"wp:attachment":[{"href":"https:\/\/www.europesays.com\/es\/wp-json\/wp\/v2\/media?parent=168461"}],"wp:term":[{"taxonomy":"category","embeddable":true,"href":"https:\/\/www.europesays.com\/es\/wp-json\/wp\/v2\/categories?post=168461"},{"taxonomy":"post_tag","embeddable":true,"href":"https:\/\/www.europesays.com\/es\/wp-json\/wp\/v2\/tags?post=168461"}],"curies":[{"name":"wp","href":"https:\/\/api.w.org\/{rel}","templated":true}]}}