{"id":168473,"date":"2025-10-10T23:16:13","date_gmt":"2025-10-10T23:16:13","guid":{"rendered":"https:\/\/www.europesays.com\/es\/168473\/"},"modified":"2025-10-10T23:16:13","modified_gmt":"2025-10-10T23:16:13","slug":"el-duo-ofrece-su-ultimo-concierto-en-el-palacio-de-vistalegre-de-madrid","status":"publish","type":"post","link":"https:\/\/www.europesays.com\/es\/168473\/","title":{"rendered":"el d\u00fao ofrece su \u00faltimo concierto en el Palacio de Vistalegre de Madrid"},"content":{"rendered":"<p class=\"c-paragraph\"><a href=\"https:\/\/www.20minutos.es\/tags\/instituciones-empresas\/andy-y-lucas.html\" title=\"Andy y Lucas\" rel=\"nofollow noopener\" target=\"_blank\">Andy y Lucas<\/a> ponen <b>punto y final a una trayectoria profesional <\/b>que comenz\u00f3 en el a\u00f1o 2003. El d\u00fao gaditano act\u00faa este viernes 10 de octubre por \u00faltima vez juntos en el\u00a0Palacio de Vistalegre de Madrid, con motivo de su gira Nuestros \u00faltimos acordes, con la han recorrido diferentes ciudades espa\u00f1olas para despedirse de sus fans.<\/p>\n<p class=\"c-paragraph\">Horas antes, los fans aguardan con nervios y ilusi\u00f3n las inmediaciones del recinto madrile\u00f1o donde la pareja musical dir\u00e1 \u00abhasta siempre\u00bb desde las 21.30 horas. Un adi\u00f3s que llega envuelto en su\u00a0<a href=\"https:\/\/www.20minutos.es\/gente\/andy-lucas-no-se-dirigen-palabra-solo-hablan-traves-sus-abogados-estan-una-situacion-muy-compleja_6512242_0.html\" title=\"Andy y Lucas no se dirigen la palabra y solo hablan a trav\u00e9s de sus abogados: \" rel=\"nofollow noopener\" target=\"_blank\">pol\u00e9mica personal<\/a>, ya que los \u00faltimos meses<b><b>\u00a0su relaci\u00f3n ha pendido de un hilo<\/b><\/b>\u00a0tras las declaraciones que ambos han ofrecido sobre el otro.<\/p>\n<p>Cronolog\u00eda de la pol\u00e9mica entre Andy y Lucas<\/p>\n<p class=\"c-paragraph\">Todo empez\u00f3 en noviembre de 2023, cuando el d\u00fao acudi\u00f3 a El Hormiguero, donde anunciaron el fin de su carrera conjunta por un motivo de peso. \u00abHace cinco a\u00f1os que cog\u00ed las riendas de la empresa Andy y Lucas, pero no he parado. Hace un a\u00f1o empec\u00e9 a sufrir mareos, ten\u00eda la tensi\u00f3n muy alta\u2026 esto <b>me deriv\u00f3 al cardi\u00f3logo y me dijo que ten\u00eda problemas en una v\u00e1lvula<\/b>. Me dijo que ten\u00eda que parar [&#8230;] Todos los d\u00edas tomo mis pastillas, pero tengo 41 a\u00f1os y tengo que tomarme la vida con m\u00e1s calma, llevamos 20 a\u00f1os\u00bb, explic\u00f3 sobre la cardiopat\u00eda que sufre a d\u00eda de hoy y por la que tiene que cambiar la rutina tanto profesional como personal.<\/p>\n<p class=\"c-paragraph\">\u00abSeg\u00fan esto, lo mejor es bajar un poco el ritmo y hacer una gira de despedida para nuestro p\u00fablico\u00bb, a\u00f1adi\u00f3 Lucas. Su compa\u00f1ero Andy a\u00f1adi\u00f3: \u00abNo es separarnos, es tomarnos un descanso sin saber si volveremos porque su salud es lo primero, pero queremos despedirnos por todo lo alto [&#8230;] Yo mismo he visto que \u00e9l no para en los conciertos, en una balada te baila, y es verdad que este a\u00f1o ha sido monstruoso. Le he re\u00f1ido porque no para con el tel\u00e9fono y <b>\u00e9l para m\u00ed es como mi hermano<\/b>\u00ab.<\/p>\n<p class=\"c-paragraph\">En este entrevista la complicidad y el cari\u00f1o entre ellos era m\u00e1s que detectable, pero fue iniciar su gira de despedida Nuestro \u00faltimos acordes, cuando los problemas empezaron a brotar. El pasado\u00a09 de mayo dieron un concierto en\u00a0Badajoz y corri\u00f3 el rumor de que los cantantes hab\u00edan tenido una <b>fuerte discusi\u00f3n en el camerino<\/b>, en la que incluso <a href=\"https:\/\/www.20minutos.es\/television\/tardear-confirma-que-supuesta-pelea-entre-andy-lucas-tuvo-lugar-atribuye-estado-alterado-lucas-estaba-fuera-si-5709084\/\" title=\"Una persona cercana a Andy y Lucas confirma la supuesta pelea de ambos y la atribuye al estado alterado de Lucas: &quot;Se le fue la cabeza&quot;\" rel=\"nofollow noopener\" target=\"_blank\">habr\u00edan llegado a las manos<\/a>.\u00a0\u00abLucas estaba muy nervioso el d\u00eda del concierto, empez\u00f3 a tratar muy mal a la gente y se le empez\u00f3 a ir la cabeza [&#8230;]\u00a0Andy, en un intento de tranquilizarlo, empez\u00f3 una discusi\u00f3n acalorada con su compa\u00f1ero hasta tal punto que en esa discusi\u00f3n fue a darle una patada a Lucas para pararlo y ah\u00ed es cuando se rompe el abductor\u00bb, explic\u00f3 Cayetana Llorca Mart\u00ednez en el plat\u00f3 de TardeAR.<\/p>\n<p class=\"c-paragraph\">Esta informaci\u00f3n fue <a href=\"https:\/\/www.20minutos.es\/television\/andy-lucas-podrian-haberse-peleado-camerino-despues-un-concierto-dice-que-estaban-jugando-5708521\/\" title=\"Lucas, de Andy y Lucas, desmiente su supuesta pelea en un camerino: &quot;Ser\u00e1 un topo al que no le pagamos bien&quot;\" rel=\"nofollow noopener\" target=\"_blank\">desmentida primero por Lucas<\/a> y seguidamente el d\u00fao comparti\u00f3 un <a href=\"https:\/\/www.20minutos.es\/noticia\/5713763\/0\/andy-lucas-emiten-un-comunicado-conjunto-sobre-su-relacion-personal-profesional\/\" title=\"Andy y Lucas emiten un comunicado conjunto sobre su relaci\u00f3n personal y profesional: &quot;Nos unen muchos a\u00f1os&quot;\" rel=\"nofollow noopener\" target=\"_blank\">comunicado oficial<\/a> en sus redes en el que aseguraron\u00a0que no se llevan mal ni existi\u00f3\u00a0<b><b>\u00abning\u00fan tipo de conflicto f\u00edsico\u00bb<\/b><\/b>\u00a0entre ellos.\u00a0\u00abDespu\u00e9s de una semana en la que hemos sido objeto de m\u00faltiples especulaciones por parte de ciertos medios de comunicaci\u00f3n, queremos desmentir rotundamente todas las informaciones que se han difundido acerca de nuestra relaci\u00f3n personal y profesional [&#8230;]\u00a0Nos une una amistad de muchos a\u00f1os, un cari\u00f1o sincero como el de dos hermanos, y una pasi\u00f3n compartida por la m\u00fasica que sigue tan viva como el primer d\u00eda\u00bb, rez\u00f3 parte del texto.<\/p>\n<p class=\"c-paragraph\">Esta controversia <b>se sum\u00f3 al estado de la nariz de Lucas,<\/b> quien confirm\u00f3, en otra visita a\u00a0El Hormiguero, que <a href=\"https:\/\/www.20minutos.es\/television\/lucas-rompe-llorar-hormiguero-hablar-las-criticas-que-recibio-por-su-nariz-fue-mi-culpa-no-hice-caso-los-medicos_5672514_0.html\" title=\"Lucas rompe a llorar en &#039;El Hormiguero&#039; al hablar de las cr\u00edticas que recibi\u00f3 por su nariz: &quot;Fue mi culpa, no hice caso a los m\u00e9dicos&quot;\" rel=\"nofollow noopener\" target=\"_blank\">se hab\u00eda sometido a una intervenci\u00f3n quir\u00fargica, algo que previamente hab\u00eda negado<\/a>. El cantante se sincer\u00f3 sobre este tema y su relaci\u00f3n con Andy en\u00a0<a href=\"https:\/\/www.20minutos.es\/gente\/lucas-andy-lucas-roto-habla-ruptura-duo-valiente-teniendo-nariz_6242942_0.html\" title=\"Lucas, de Andy y Lucas, roto, habla de la ruptura del d\u00fao: &quot;Es de ser valiente estar aqu\u00ed teniendo como tengo la nariz&quot;\" rel=\"nofollow noopener\" target=\"_blank\">Me quedo conmigo, el programa de Mediaset Infinity<\/a> en el que fue protagonista durante el mes de septiembre, pues cada semana se emit\u00eda una grabaci\u00f3n.\u00a0\u00abEs de ser valiente estar aqu\u00ed teniendo como tengo la nariz [&#8230;] He tenido que parar la grabaci\u00f3n tres o cuatro veces porque tengo sangrados en la nariz por la cicatriz [&#8230;] No fui buen enfermo\u00bb, reconoci\u00f3 sobre su operaci\u00f3n.<\/p>\n<p class=\"c-paragraph\"><a href=\"https:\/\/www.20minutos.es\/gente\/lucas-andy-lucas-roto-habla-ruptura-duo-valiente-teniendo-nariz_6242942_0.html\" title=\"Lucas, de Andy y Lucas, roto, habla de la ruptura del d\u00fao: &quot;Es de ser valiente estar aqu\u00ed teniendo como tengo la nariz&quot;\" rel=\"nofollow noopener\" target=\"_blank\">De Andy dijo lo siguiente<\/a>: \u00abApoyar me apoya, pero Andy no vale para hacer eso. Hay que tener una disciplina y Andy no la tiene [&#8230;] \u00abNo puedo cambiar su forma de ser. <b>No quiero tirarle por los suelos, pero no tiene disciplina. <\/b>No vale para hacer eso. Es como si yo intento ser c\u00e1mara, pues no valgo. No quiero dejarlo por los suelos, pero es que no\u00bb. \u00abLe dije que iba a ser yo el empresario del grupo, porque era el m\u00e1s solvente. Puse el dinero y desde entonces lo llevo todo: soy el que pago a los m\u00fasicos, soy el que pago por sonido, soy el que pago al propio Andy, el que lleva el merchandising, el que habla con nuestro representante&#8230;\u00bb.<\/p>\n<p class=\"c-paragraph\">Estas declaraciones calaron hondo en Andy, que hizo uso de sus redes sociales para publicar diferentes <b>indirectas que ir\u00edan dirigidas a su compa\u00f1ero<\/b> en cuesti\u00f3n. \u00abGana en silencio, deja que piensen que est\u00e1s perdiendo\u00bb, \u00abToda deuda se paga. Toda verdad se releva. Ley de vida\u00bb, \u00abNo gastes energ\u00eda probando nada, el tiempo siempre pone la verdad donde todos puedas verla. Paciencia\u00bb o \u00abNo subestimes al que no habla mucho. Mientras t\u00fa te muestras, \u00e9l te estudia\u00bb, son <a href=\"https:\/\/www.20minutos.es\/gente\/andy-comparte-nuevas-indirectas-tras-las-palabras-lucas-hacia-que-falla-encuentra-una-forma-hacerse-victima_6326238_0.html\" title=\"Andy comparte nuevas indirectas tras las palabras de Lucas hacia \u00e9l: &quot;El que falla encuentra una forma de hacerse la v\u00edctima&quot;\" rel=\"nofollow noopener\" target=\"_blank\">algunas de las frases<\/a> que el m\u00fasico comparti\u00f3 en sus historias de Instagram.<\/p>\n<p class=\"c-paragraph\">Despu\u00e9s de estos mensajes encriptados, se public\u00f3 un nuevo episodio de Lucas en Me quedo conmigo, done abord\u00f3 <a href=\"https:\/\/www.20minutos.es\/gente\/lucas-sorprende-sobre-separacion-andy-su-futuro-musical-se-que-no-quiero_6327207_0.html\" title=\"Lucas sorprende sobre la separaci\u00f3n de Andy y su futuro musical: &quot;S\u00e9 lo que no quiero&quot;\" rel=\"nofollow noopener\" target=\"_blank\">la separaci\u00f3n o no del d\u00fao y de su futuro musical<\/a>: \u00abDespu\u00e9s de la gira vendr\u00e1 el momento de estar tranquilo, de recapacitar, de ver c\u00f3mo est\u00e1 el mundo de la m\u00fasica, de si tenemos que renovar, si a lo mejor tenemos que cambiar look&#8230; Pero <b>recomiendo a todo artista que tiene que hacer un par\u00e9ntesis en su carrera, <\/b>un descanso, porque estar siempre en la palestra te quema\u00bb.<\/p>\n<p class=\"c-paragraph\">En este sentido, dijo: \u00abS\u00e9 lo que no quiero ni deseo, y es cantar en un futuro en solitario. No me veo de verdad, de hecho me siento raro aqu\u00ed hablando contigo sin Andy. Siempre hemos estado los dos, entonces ahora mismo no me veo cantando solo.<b> \u00c9l es mi media naranja, mi amigo, mi familia<\/b> y y no s\u00e9, tengo uso de raz\u00f3n, miro para un lado y siempre ha estado \u00e9l\u00bb.<\/p>\n<p class=\"c-paragraph\">Unas emotivas palabras que sorprendieron despu\u00e9s de lo que hab\u00eda dicho sobre Andy, pero que parec\u00edan calmar las aguas. Sin embargo, d\u00edas despu\u00e9s se volvi\u00f3 a abrir otro frente: <b>una nueva bronca por la que habr\u00edan dejado de dirigirse la palabra<\/b>. \u00abNo se hablan [&#8230;] No es la primera que han tenido, ya sab\u00e9is que hace unos meses tuvieron una\u00bb, asegur\u00f3 el colaborador de 20minutos <a href=\"https:\/\/www.20minutos.es\/gente\/fuerte-bronca-entre-andy-lucas-sus-caminos-por-separado-plena-gira-no-se-hablan_6369909_0.html\" title=\"La fuerte bronca entre Andy y Lucas y sus caminos por separado, en plena gira: &quot;No se hablan&quot;\" rel=\"nofollow noopener\" target=\"_blank\">Sa\u00fal Ortiz en el programa Fiesta<\/a>. Adem\u00e1s, Andy habr\u00eda empezado ya a\u00a0<a href=\"https:\/\/www.20minutos.es\/gente\/andy-lucas-no-se-hablan-andy-ya-prepara-su-futuro-solitario-con-una-gira-varias-canciones-grabadas_6370481_0.html\" title=\"Andy y Lucas no se hablan: Andy ya prepara su futuro en solitario con una gira y varias canciones grabadas\" rel=\"nofollow noopener\" target=\"_blank\">emprender en su carrera en solitario<\/a>. \u00abHa grabado no solo un\u00a0single, sino dos temas. Es m\u00e1s que probable que veamos sus primeras actuaciones en el primer trimestre de 2026\u00bb, apunt\u00f3 el periodista.<\/p>\n<p class=\"c-paragraph\">Entre medias surgi\u00f3 un tercer foco en la historia: una\u00a0deuda millonaria ras la\u00a0<a href=\"https:\/\/www.20minutos.es\/television\/lucas-andy-lucas-responde-las-acusaciones-su-exrepresentante-asegura-que-es-un-tipo-sinvergueenza_6371518_0.html\" rel=\"nofollow noopener\" target=\"_blank\">denuncia del encargado de la organizaci\u00f3n de sus conciertos<\/a>.\u00a0Tal como destac\u00f3\u00a0<a href=\"https:\/\/www.20minutos.es\/tags\/instituciones-empresas\/espejo-publico.html\" title=\"Espejo P\u00fablico\" rel=\"nofollow noopener\" target=\"_blank\">Espejo P\u00fablico<\/a>, este exrepresentante habr\u00eda logrado cerrar una gira de m\u00e1s de 20 conciertos que fue un \u00e9xito, pues se vendieron todas las entradas. Sin embargo, con la gira en marcha, supuestamente,\u00a0<b><b><b><b>Andy decidi\u00f3 despedir a esta persona<\/b><\/b><\/b><\/b>\u00a0y la relaci\u00f3n acab\u00f3 con el bloqueo de toda manera de comunicaci\u00f3n entre ellos.<\/p>\n<p class=\"c-paragraph\">Pese a que\u00a0<a href=\"https:\/\/www.20minutos.es\/television\/lucas-andy-lucas-responde-las-acusaciones-su-exrepresentante-asegura-que-es-un-tipo-sinvergueenza_6371518_0.html\" rel=\"nofollow noopener\" target=\"_blank\">Lucas negara estas acusaciones<\/a>, incluso ha dicho que \u00abcuando gane el juicio\u00bb le va a pedir \u00abdisculpas\u00bb, lo cierto es que seg\u00fan el matinal de Antena 3 esto ha abierto aun m\u00e1s la brecha entre los artistas.\u00a0\u00abAndy se siente enga\u00f1ado [&#8230;] Ya se ha cansado porque ve que Lucas est\u00e1 siendo demasiado pol\u00e9mico, no solo es por la m\u00fasica. \u00ab<b>Quiere salir de ah\u00ed y desvincularse por completo<\/b> [&#8230;] Al principio confiaba en \u00e9l, pero ahora Andy est\u00e1 convencido de que le ha ocultado cosas. Hay personas que ellos tienen en com\u00fan que le han advertido, le han dicho que se f\u00eda demasiado de Lucas\u00bb, <a href=\"https:\/\/www.20minutos.es\/gente\/grieta-entre-andy-lucas-se-agranda-tras-demanda-por-deudas-andy-se-siente-enganado-quiere-salir-ahi_6373111_0.html\" title=\"La grieta entre Andy y Lucas se agranda tras la demanda por deudas: &quot;Andy se siente enga\u00f1ado y quiere salir de ah\u00ed&quot;\" rel=\"nofollow noopener\" target=\"_blank\">relat\u00f3 la periodista Gema L\u00f3pez<\/a>.<\/p>\n<p class=\"c-paragraph\">Todo ello desemboc\u00f3 en una <b>crisis total <\/b>que provoc\u00f3 la cancelaci\u00f3n del concierto que iban a ofrecer el pasado 5 de octubre en A Coru\u00f1a.\u00a0Seg\u00fan un comunicado de la promotora Cersa Music, la anulaci\u00f3n del show se atribuy\u00f3 a \u00abproblemas en la producci\u00f3n del concierto\u00bb, asegurando que \u00abgestionar\u00e1n los reembolsos correspondientes\u00bb. Por otro lado, esta decisi\u00f3n coincidi\u00f3 con unas <a href=\"https:\/\/www.20minutos.es\/gente\/andy-lucas-crisis-total-cancelan-su-concierto-coruna-andy-estalla-yo-personalmente-habria-suspendido-gira_6508969_0.html\" title=\"Andy y Lucas, crisis total: cancelan su concierto en A Coru\u00f1a y Andy estalla: &quot;Yo personalmente habr\u00eda suspendido la gira&quot;\" rel=\"nofollow noopener\" target=\"_blank\">declaraciones de Andy sobre la gira<\/a>, en las que dijo para el medio El Debate que<b> si hubiera sido por \u00e9l, la habr\u00eda \u00absuspendido\u00bb.<\/b><\/p>\n<p class=\"c-paragraph\">Lo \u00faltimo que se conoce de esta trama es que Andy y Lucas <b>se comunican entre ellos a trav\u00e9s de sus abogados.<\/b> \u00abLa informaci\u00f3n que tengo es que no hablan y ha llegado un punto en que, cuando hay que hacer una comunicaci\u00f3n entre ambas partes, lo hacen por sus abogados. No se hablan en ning\u00fan caso [&#8230;] Est\u00e1n en una situaci\u00f3n muy compleja. Su representante est\u00e1 intentando que la sangre no llegue al r\u00edo, pero es muy complicado\u00bb, <a href=\"https:\/\/www.20minutos.es\/gente\/andy-lucas-no-se-dirigen-palabra-solo-hablan-traves-sus-abogados-estan-una-situacion-muy-compleja_6512242_0.html\" title=\"Andy y Lucas no se dirigen la palabra y solo hablan a trav\u00e9s de sus abogados: &quot;Est\u00e1n en una situaci\u00f3n muy compleja&quot;\" rel=\"nofollow noopener\" target=\"_blank\">inform\u00f3 Sa\u00fal Ortiz<\/a>.<\/p>\n<p class=\"c-paragraph\">Una vez terminen el concierto en el Palacio de Vistalegre, ambos <a href=\"https:\/\/www.20minutos.es\/gente\/los-nuevos-proyectos-musicales-lucas-tras-dejar-duo-andy-lucas-llevaba-detras-ello-desde-hacia-mucho-tiempo_6509071_0.html\" title=\"Los nuevos proyectos musicales de Lucas tras dejar el d\u00fao Andy y Lucas: &quot;Llevaba detr\u00e1s de ello desde hac\u00eda mucho tiempo&quot;\" rel=\"nofollow noopener\" target=\"_blank\">comenzar\u00e1n sus caminos por separado<\/a>. Lucas descarta continuar con una carrera en solitario, pero seguir\u00e1 vinculado a la m\u00fasica con la\u00a0academia que ha abierto en Yuncos (Toledo), cerca de donde vive, pero Andy, por su parte, s\u00ed volver\u00e1 a los estudios de grabaci\u00f3n.\u00a0<b>\u00abSi saca un disco, ser\u00e9 el primero en ir a verlo. Si triunfa, lo juro, no tendr\u00e9 celos<\/b>. Me alegrar\u00e9 mucho\u00bb, asegur\u00f3 Lucas sobre su compa\u00f1ero en una entrevista en \u00a1Hola!.<\/p>\n","protected":false},"excerpt":{"rendered":"Andy y Lucas ponen punto y final a una trayectoria profesional que comenz\u00f3 en el a\u00f1o 2003. El&hellip;\n","protected":false},"author":2,"featured_media":168474,"comment_status":"","ping_status":"","sticky":false,"template":"","format":"standard","meta":{"footnotes":""},"categories":[91],"tags":[36191,2339,2125,146,147,25,24,23,3667],"class_list":{"0":"post-168473","1":"post","2":"type-post","3":"status-publish","4":"format-standard","5":"has-post-thumbnail","7":"category-entretenimiento","8":"tag-andy-y-lucas","9":"tag-concierto","10":"tag-directo","11":"tag-entertainment","12":"tag-entretenimiento","13":"tag-es","14":"tag-espana","15":"tag-spain","16":"tag-ultimo"},"share_on_mastodon":{"url":"","error":""},"_links":{"self":[{"href":"https:\/\/www.europesays.com\/es\/wp-json\/wp\/v2\/posts\/168473","targetHints":{"allow":["GET"]}}],"collection":[{"href":"https:\/\/www.europesays.com\/es\/wp-json\/wp\/v2\/posts"}],"about":[{"href":"https:\/\/www.europesays.com\/es\/wp-json\/wp\/v2\/types\/post"}],"author":[{"embeddable":true,"href":"https:\/\/www.europesays.com\/es\/wp-json\/wp\/v2\/users\/2"}],"replies":[{"embeddable":true,"href":"https:\/\/www.europesays.com\/es\/wp-json\/wp\/v2\/comments?post=168473"}],"version-history":[{"count":0,"href":"https:\/\/www.europesays.com\/es\/wp-json\/wp\/v2\/posts\/168473\/revisions"}],"wp:featuredmedia":[{"embeddable":true,"href":"https:\/\/www.europesays.com\/es\/wp-json\/wp\/v2\/media\/168474"}],"wp:attachment":[{"href":"https:\/\/www.europesays.com\/es\/wp-json\/wp\/v2\/media?parent=168473"}],"wp:term":[{"taxonomy":"category","embeddable":true,"href":"https:\/\/www.europesays.com\/es\/wp-json\/wp\/v2\/categories?post=168473"},{"taxonomy":"post_tag","embeddable":true,"href":"https:\/\/www.europesays.com\/es\/wp-json\/wp\/v2\/tags?post=168473"}],"curies":[{"name":"wp","href":"https:\/\/api.w.org\/{rel}","templated":true}]}}