{"id":168498,"date":"2025-10-10T23:37:08","date_gmt":"2025-10-10T23:37:08","guid":{"rendered":"https:\/\/www.europesays.com\/es\/168498\/"},"modified":"2025-10-10T23:37:08","modified_gmt":"2025-10-10T23:37:08","slug":"mbappe-anota-pero-sale-lesionado-en-victoria-de-francia-en-eliminatorias-alemania-se-recupera","status":"publish","type":"post","link":"https:\/\/www.europesays.com\/es\/168498\/","title":{"rendered":"Mbapp\u00e9 anota pero sale lesionado en victoria de Francia en eliminatorias. Alemania se recupera"},"content":{"rendered":"<p>Kylian Mbapp\u00e9 jug\u00f3, anot\u00f3 un gol&#8230; y se lesion\u00f3.<\/p>\n<p>El astro no mostr\u00f3 problemas por una reciente lesi\u00f3n en el tobillo al marcar en una carrera el primer gol de Francia en la victoria el viernes 3-0 ante Azerbaiy\u00e1n 3-0 en las eliminatorias de la Copa Mundial.<\/p>\n<p>Tambi\u00e9n a\u00f1adi\u00f3 una asistencia para el segundo gol franc\u00e9s, pero el delantero del Real Madrid tuvo que salir cojeando al final despu\u00e9s de disputar un bal\u00f3n con un oponente.<\/p>\n<p>Francia sigue con paso perfecto despu\u00e9s de tres partidos. Alemania enderez\u00f3 su campa\u00f1a al vencer c\u00f3modamente 4-0 a Luxemburgo.<\/p>\n<p>Les Bleus dominaron a Azerbaiy\u00e1n pero sufrieron para generar ocasiones y fue un momento de genio de Mbapp\u00e9 lo que rompi\u00f3 el empate en los descuentos de la primera mitad. Recibi\u00f3 un bal\u00f3n en el centro del campo y regate\u00f3 a varios rivales antes de rematar al \u00e1ngulo inferior derecho.<\/p>\n<p>Mbapp\u00e9 ha anotado en 10 partidos consecutivos con su club y la selecci\u00f3n.<\/p>\n<p>Lleg\u00f3 a los 53 goles con Francia, segundo en la tabla hist\u00f3rica del equipo nacional. El delantero de 26 a\u00f1os necesita cinco m\u00e1s para superar a Olivier Giroud como el n\u00famero uno.<\/p>\n<p>Gest\u00f3 el segundo tanto franc\u00e9s con un pase elevado en el \u00e1rea que Adrien Rabiot remat\u00f3 de cabeza a los 69 minutos.<\/p>\n<p>Mbapp\u00e9 fue duda durante toda la semana por una lesi\u00f3n en su tobillo derecho, sufrida en un partido de La Liga espa\u00f1ola con el Madrid, y pareci\u00f3 lastimarse el mismo tobillo al final, lo que lo oblig\u00f3 a salir a los 83.<\/p>\n<p>Florian Thauvin, convocado de \u00faltima hora, ingres\u00f3 por Mbapp\u00e9 y ampli\u00f3 de inmediato la ventaja de Francia con su primer gol para Les Bleus desde que marc\u00f3 en su \u00faltima aparici\u00f3n internacional hace seis a\u00f1os.<\/p>\n<p>Francia encabeza el Grupo D con nueve puntos, cinco m\u00e1s que Ucrania, que con dos goles postreros venci\u00f3 5-3 a Islandia despu\u00e9s de que sus oponentes hab\u00edan remontado un d\u00e9ficit de dos tantos.<\/p>\n<p>Islandia tiene tres puntos, con Azerbaiy\u00e1n en el fondo con apenas un punto.<\/p>\n<p>Recuperaci\u00f3n alemana<\/p>\n<p>La campa\u00f1a de Alemania se vio en peligro inmediato cuando perdi\u00f3 ante Eslovaquia el mes pasado. Ahora encabeza el Grupo A, aunque solo por diferencia de goles. Joshua Kimmich factur\u00f3 un doblete contra Luxemburgo, que jug\u00f3 con diez hombres durante la mayor parte del partido despu\u00e9s de que el defensor Dirk Carlson fuera expulsado a los 20 minutos.<\/p>\n<p>Irlanda del Norte venci\u00f3 a Eslovaquia 2-0. Esos dos equipos y Alemania tienen seis puntos.<\/p>\n<p>B\u00e9lgica tropieza<\/p>\n<p>B\u00e9lgica remat\u00f3 25 veces a puerta pero se conform\u00f3 con el empate 0-0 contra Macedonia del Norte, que encabeza el Grupo J.<\/p>\n<p>Los belgas siguen un punto detr\u00e1s de Macedonia del Norte, aunque tiene un partido menos. Gales est\u00e1 un punto m\u00e1s atr\u00e1s.<\/p>\n<p>Kazajist\u00e1n qued\u00f3 seis puntos detr\u00e1s de Macedonia del Norte despu\u00e9s de aplastar 4-0 a Liechtenstein.<\/p>\n<p>Perfecci\u00f3n suiza<\/p>\n<p>Suiza se consolid\u00f3 como l\u00edder del Grupo con un pleno de tres victorias y sin goles en contra tras vencer 2-0 a Suecia.<\/p>\n<p>Kosovo se mantuvo segundo, cinco puntos por debajo de Suiza, despu\u00e9s de un empate 0-0 en casa contra Eslovenia.<\/p>\n<p>___<\/p>\n<p>Deportes AP: https:\/\/apnews.com\/hub\/deportes<\/p>\n","protected":false},"excerpt":{"rendered":"Kylian Mbapp\u00e9 jug\u00f3, anot\u00f3 un gol&#8230; y se lesion\u00f3. El astro no mostr\u00f3 problemas por una reciente lesi\u00f3n&hellip;\n","protected":false},"author":2,"featured_media":168499,"comment_status":"","ping_status":"","sticky":false,"template":"","format":"standard","meta":{"footnotes":""},"categories":[93],"tags":[168,25,24,30125,23,167],"class_list":{"0":"post-168498","1":"post","2":"type-post","3":"status-publish","4":"format-standard","5":"has-post-thumbnail","7":"category-deportes","8":"tag-deportes","9":"tag-es","10":"tag-espana","11":"tag-eurocopa-2024","12":"tag-spain","13":"tag-sports"},"share_on_mastodon":{"url":"","error":""},"_links":{"self":[{"href":"https:\/\/www.europesays.com\/es\/wp-json\/wp\/v2\/posts\/168498","targetHints":{"allow":["GET"]}}],"collection":[{"href":"https:\/\/www.europesays.com\/es\/wp-json\/wp\/v2\/posts"}],"about":[{"href":"https:\/\/www.europesays.com\/es\/wp-json\/wp\/v2\/types\/post"}],"author":[{"embeddable":true,"href":"https:\/\/www.europesays.com\/es\/wp-json\/wp\/v2\/users\/2"}],"replies":[{"embeddable":true,"href":"https:\/\/www.europesays.com\/es\/wp-json\/wp\/v2\/comments?post=168498"}],"version-history":[{"count":0,"href":"https:\/\/www.europesays.com\/es\/wp-json\/wp\/v2\/posts\/168498\/revisions"}],"wp:featuredmedia":[{"embeddable":true,"href":"https:\/\/www.europesays.com\/es\/wp-json\/wp\/v2\/media\/168499"}],"wp:attachment":[{"href":"https:\/\/www.europesays.com\/es\/wp-json\/wp\/v2\/media?parent=168498"}],"wp:term":[{"taxonomy":"category","embeddable":true,"href":"https:\/\/www.europesays.com\/es\/wp-json\/wp\/v2\/categories?post=168498"},{"taxonomy":"post_tag","embeddable":true,"href":"https:\/\/www.europesays.com\/es\/wp-json\/wp\/v2\/tags?post=168498"}],"curies":[{"name":"wp","href":"https:\/\/api.w.org\/{rel}","templated":true}]}}