{"id":168515,"date":"2025-10-10T23:52:08","date_gmt":"2025-10-10T23:52:08","guid":{"rendered":"https:\/\/www.europesays.com\/es\/168515\/"},"modified":"2025-10-10T23:52:08","modified_gmt":"2025-10-10T23:52:08","slug":"las-palabras-de-pedro-martinez-tras-la-derrota-del-valencia-basket-ante-el-barca-en-euroliga","status":"publish","type":"post","link":"https:\/\/www.europesays.com\/es\/168515\/","title":{"rendered":"Las palabras de Pedro Mart\u00ednez tras la derrota del Valencia Basket ante el Bar\u00e7a en Euroliga"},"content":{"rendered":"<p><strong>Pedro Mart\u00ednez<\/strong> atendi\u00f3 a los medios en rueda de prensa despu\u00e9s de que el <a href=\"https:\/\/www.gigantes.com\/euroliga\/barca-valencia-basket-jornada-3-resumen-resultado-cronica\/\" rel=\"nofollow noopener\" target=\"_blank\"><strong>Valencia Basket<\/strong> cayera en la tercera jornada<\/a> de Euroliga ante el <strong>Bar\u00e7a<\/strong>. Esta derrota supone la primera de la temporada para los taronja.<\/p>\n<p>La rueda de prensa de Pedro Mart\u00ednez tras la derrota ante el Bar\u00e7a en Euroliga<\/p>\n<p>\u00abCreo que ha sido un buen partido de baloncesto. Los dos equipos han jugado bastante bien en ataque. Ha habido algunos momentos no demasiado buenos, hemos tenido en el inicio tiros fallados que parec\u00edamos incapaces de meterlos, pero que luego se ha demostrado que tenemos calidad para meterlos. En el tercer cuarto, que lo hemos empezado bien con un triple de Kameron Taylor, pero despu\u00e9s hemos perdido cuatro posesiones seguidas, que no solo son las p\u00e9rdidas, son los puntos f\u00e1ciles. Una antideportiva, un contraataque de Shengelia\u2026 han anotado f\u00e1cil. En el \u00faltimo cuarto hemos hecho un buen esfuerzo para volver al partido, pero ellos han anotado canastas incre\u00edbles, de much\u00edsima calidad, de much\u00edsimo m\u00e9rito. Siempre te da la sensaci\u00f3n de que puedes hacer m\u00e1s, pero se ha de reconocer la calidad de los jugadores, los nuestros pero tambi\u00e9n los del Bar\u00e7a, que han estado muy bien\u00bb.<\/p>\n<p>\u00abHa habido m\u00e1s energ\u00eda, m\u00e1s contactos. Ha sido un partido mucho m\u00e1s intenso desde el principio. Han salido con much\u00edsima intensidad, nosotros no tanto, pero despu\u00e9s nos hemos puesto a su altura y ha sido un partido m\u00e1s duro que el del otro d\u00eda\u00bb.<\/p>\n<p>\u00abLa verdad es que no tengo una valoraci\u00f3n porque estamos delante de una temporada muy larga, vamos a jugar much\u00edsimo partidos. Hemos jugado pocos partidos para estar pensando en valoraciones, hay que vivir al d\u00eda. Hoy estams tristes porque hemos perdido, pero se nos tiene que pasar r\u00e1pido para el domingo que es muy importante. Nos tenemos que recuperar, primero, mentalmente para afrontar el siguiente reto\u00bb.<\/p>\n<p>\u00abEl factor pista es mejor tenerlo, pero lo que s\u00ed es decisivo es defender bien, rebotear y el talento de los jugadores. Eso s\u00ed que es decisivo. Evidentemente, los jugadores se encontrar\u00e1n m\u00e1s agusto cuando tienen el apoyo de sus aficionados y evidentemente es m\u00e1s dif\u00edcil, no solo para los \u00e1nimos, sino otras juegas que rodean al juego, cosas o personas que hay dentro de la pista, normalmente cuando juegas en casa pitan un poco mejor, alguna dudosa\u2026 pero nada que decir. Nosotros podemos ganar fuera, el Bar\u00e7a puede ganar en Valencia\u2026 que sea m\u00e1s dif\u00edcil no quiere decir que no se pueda conseguir\u00bb.<\/p>\n<p style=\"text-align: right;\">Foto: Getty<\/p>\n<p><a href=\"https:\/\/www.gigantes.com\/tienda\/ultimos-numeros\/guia-euroliga-2025-26-no-1-561b-octubre-2025\/\" rel=\"nofollow noopener\" target=\"_blank\"><img loading=\"lazy\" decoding=\"async\" class=\"aligncenter wp-image-761458 size-large\" src=\"https:\/\/cdn.gigantes.com\/wp-content\/smush-webp\/2025\/10\/INSTAGRAM-1024x1024.jpg.webp\" alt=\"Gu\u00eda Euroliga\" width=\"680\" height=\"680\"  \/><\/a><\/p>\n<p>\t\t\t\t\t<img loading=\"lazy\" decoding=\"async\" src=\"https:\/\/cdn.gigantes.com\/wp-content\/uploads\/2024\/01\/mano.png\" width=\"60\" height=\"60\" alt=\"Deliza hacia abajo\"\/>Sigue deslizando hacia abajo para ver m\u00e1s contenidos<\/p>\n","protected":false},"excerpt":{"rendered":"Pedro Mart\u00ednez atendi\u00f3 a los medios en rueda de prensa despu\u00e9s de que el Valencia Basket cayera en&hellip;\n","protected":false},"author":2,"featured_media":168516,"comment_status":"","ping_status":"","sticky":false,"template":"","format":"standard","meta":{"footnotes":""},"categories":[269],"tags":[299,298,168,25,24,833,23,167,2916],"class_list":{"0":"post-168515","1":"post","2":"type-post","3":"status-publish","4":"format-standard","5":"has-post-thumbnail","7":"category-baloncesto","8":"tag-baloncesto","9":"tag-basketball","10":"tag-deportes","11":"tag-es","12":"tag-espana","13":"tag-euroliga","14":"tag-spain","15":"tag-sports","16":"tag-valencia-basket"},"share_on_mastodon":{"url":"","error":""},"_links":{"self":[{"href":"https:\/\/www.europesays.com\/es\/wp-json\/wp\/v2\/posts\/168515","targetHints":{"allow":["GET"]}}],"collection":[{"href":"https:\/\/www.europesays.com\/es\/wp-json\/wp\/v2\/posts"}],"about":[{"href":"https:\/\/www.europesays.com\/es\/wp-json\/wp\/v2\/types\/post"}],"author":[{"embeddable":true,"href":"https:\/\/www.europesays.com\/es\/wp-json\/wp\/v2\/users\/2"}],"replies":[{"embeddable":true,"href":"https:\/\/www.europesays.com\/es\/wp-json\/wp\/v2\/comments?post=168515"}],"version-history":[{"count":0,"href":"https:\/\/www.europesays.com\/es\/wp-json\/wp\/v2\/posts\/168515\/revisions"}],"wp:featuredmedia":[{"embeddable":true,"href":"https:\/\/www.europesays.com\/es\/wp-json\/wp\/v2\/media\/168516"}],"wp:attachment":[{"href":"https:\/\/www.europesays.com\/es\/wp-json\/wp\/v2\/media?parent=168515"}],"wp:term":[{"taxonomy":"category","embeddable":true,"href":"https:\/\/www.europesays.com\/es\/wp-json\/wp\/v2\/categories?post=168515"},{"taxonomy":"post_tag","embeddable":true,"href":"https:\/\/www.europesays.com\/es\/wp-json\/wp\/v2\/tags?post=168515"}],"curies":[{"name":"wp","href":"https:\/\/api.w.org\/{rel}","templated":true}]}}