{"id":168521,"date":"2025-10-10T23:55:05","date_gmt":"2025-10-10T23:55:05","guid":{"rendered":"https:\/\/www.europesays.com\/es\/168521\/"},"modified":"2025-10-10T23:55:05","modified_gmt":"2025-10-10T23:55:05","slug":"una-escultura-de-maojo-pinta-la-sidra-de-colores-en-la-capital-maliayesa","status":"publish","type":"post","link":"https:\/\/www.europesays.com\/es\/168521\/","title":{"rendered":"Una escultura de Maojo pinta la sidra de colores en la capital maliayesa"},"content":{"rendered":"<p class=\"ft-text\">El<strong> parque Ballina de Villaviciosa<\/strong> luce desde la tarde de ayer de m\u00e1s colores, con una singular creaci\u00f3n que recuerda que el concejo es la capital manzanera de Espa\u00f1a. Dentro de los actos del Festival de la Manzana, y tras los reconocimientos a sus creadores, este viernes tuvo lugar el descubrimiento de una escultura conmemorativa de la declaraci\u00f3n de la <strong>Cultura Sidrera Asturiana como Patrimonio Inmaterial de la Humanidad por la UNESCO<\/strong>, y en homenaje a los <strong>fundadores del Festival de la Manzana y a la primera comisi\u00f3n organizadora<\/strong>.<\/p>\n<p class=\"ft-text\">Se trata de una <strong>obra del escultor <\/strong><a class=\"ft-link ft-link--decoration\" href=\"https:\/\/www.lne.es\/gijon\/2017\/12\/15\/pablo-maojo-obra-interviene-azar-19142843.html\" rel=\"nofollow noopener\" target=\"_blank\"><strong>Pablo Maojo<\/strong><\/a><strong> <\/strong>que se ha colocado junto a <strong>escultura \u00abExaltaci\u00f3n de la Manzana\u00bb en homenaje a Jos\u00e9 Card\u00edn Fern\u00e1ndez<\/strong>, y que supone la recuperaci\u00f3n de parte de un patrimonio local perdido, am\u00e9n de llevar el sello en madera y a todo color del artista maliay\u00e9s.<\/p>\n<p class=\"ft-text\">\u00c9l mismo fue el encargado de explicar c\u00f3mo en los a\u00f1os sesenta se instal\u00f3 un monumento en el parque Ballina con <strong>una pegoyera y un pegoyu coronados por una manzana<\/strong>. \u00abMe acuerdo de verla aqu\u00ed en el parque, pero aquella pieza desapareci\u00f3 con el tiempo. Despu\u00e9s de un trabajo de invesigaci\u00f3n <strong>reapareci\u00f3 en los almacenes del Ayuntamiento<\/strong>, y me pidieron que hiciera algo con ella, lo que <a class=\"ft-link ft-link--decoration\" href=\"https:\/\/www.lne.es\/villaviciosa\/2025\/10\/03\/sera-gran-escultura-sidrera-maojo-122256041.html\" rel=\"nofollow noopener\" target=\"_blank\">no fue tarea f\u00e1cil<\/a>\u00ab, brome\u00f3 Maojo.<\/p>\n<p class=\"ft-text\">La manzana, de fundici\u00f3n, fue obra de <strong>Manuel Tamargo<\/strong>, quien le dio forma en los antiguos talleres Adaro de Gij\u00f3n. Para hacerla de nuevo visible al p\u00fablico, Pablo Maojo ha echado mano de ingenio y tradici\u00f3n, recuperando un gran bloque de madera extra\u00eddo de una viga de un antiguo llagar, seg\u00fan se explic\u00f3.<\/p>\n<p class=\"ft-text\">Concretamente \u00abde <strong>un llagar de Valdeb\u00e1rcena, el de un personaje muy conocido llamado Anselmo<\/strong> que fue emigrante <strong>en Cuba y en Alemania<\/strong> y que regres\u00f3 y se dedic\u00f3 a hacer sidra en El Cuetu\u00bb, se\u00f1al\u00f3 el escultor. Tambi\u00e9n quiso agradecer a \u00ab<strong>To\u00f1o el de Mogoyu<\/strong> que me dej\u00f3 el taller para trabajar sobre la pieza, que pesa lo suyo\u00bb.<\/p>\n<p class=\"ft-text\">A la obra le ha a\u00f1adido elementos de hierro de los utilizados en las prensas para hacer sidra hasta completar una obra de tres metros de alto y medio metro de ancho, con el color que es la se\u00f1a de identidad de Maojo: <strong>vibrantes rojos, naranjas y azules <\/strong>que ya son un reclamo m\u00e1s para acercarse a la cultura manzanera local.<\/p>\n<p class=\"ft-text\">Las actividades del Festival c<strong>ontin\u00faan hoy con una apretada agenda<\/strong>: a las 11.00 horas tendr\u00e1 lugar la<strong> apertura de la XXXVII Exposici\u00f3n de manzana de mesa y de sidra de Asturias<\/strong>, y de 12.00 a 13.30 se podr\u00e1 degustar una <strong>copa de sidra solidaria<\/strong> a un precio de 5 euros que ir\u00e1n destinados a las acciones de C\u00e1ritas Arciprestal de Villaviciosa. Los caldos han sido cedidos por El Gaitero, Mayador, Cortina, El Gobernador y Casta\u00f1\u00f3n. A las 13. 30 habr\u00e1 una <strong>cata de sidras asturianas e internacionales <\/strong>(de<strong> Alemania, Normand\u00eda, Tirol, Italia, Irlanda y Villaviciosa<\/strong>), y por la tarde habr\u00e1 un<strong> taller de cocina para ni\u00f1os con Natalia Mart\u00ednez de Masterchef<\/strong>.<\/p>\n<p class=\"ft-text\">Adem\u00e1s se abrir\u00e1n los <strong>mercados de la manzana y del oto\u00f1o<\/strong>. A las 17.00 horas ser\u00e1 el acto de <strong>bendici\u00f3n del primer mosto de manzana y la ofrenda a la Portalina<\/strong>, con el baile de la <a class=\"ft-link ft-link--decoration\" href=\"https:\/\/www.lne.es\/videos\/villaviciosa\/2025\/09\/14\/danza-portal-viste-fiesta-calles-121563378.html\" rel=\"nofollow noopener\" target=\"_blank\">Danza-Salve del Portal<\/a> bajo la direcci\u00f3n de Ana Mar\u00eda Gonz\u00e1lez y la direcci\u00f3n musical de Jos\u00e9 Antonio Fern\u00e1ndez. A las 18.30 horas saldr\u00e1 el desfile de carrozas por las calles del centro, para poner el broche a una jornada redonda.<\/p>\n","protected":false},"excerpt":{"rendered":"El parque Ballina de Villaviciosa luce desde la tarde de ayer de m\u00e1s colores, con una singular creaci\u00f3n&hellip;\n","protected":false},"author":2,"featured_media":168522,"comment_status":"","ping_status":"","sticky":false,"template":"","format":"standard","meta":{"footnotes":""},"categories":[173],"tags":[1660,229,233,231,230,8045,232,234,146,147,25,1246,24,6552,49225,1397,34548,16602,23],"class_list":{"0":"post-168521","1":"post","2":"type-post","3":"status-publish","4":"format-standard","5":"has-post-thumbnail","7":"category-arte-y-diseno","8":"tag-alemania","9":"tag-arte","10":"tag-arte-y-diseno","11":"tag-arts","12":"tag-arts-and-design","13":"tag-colores","14":"tag-design","15":"tag-diseno","16":"tag-entertainment","17":"tag-entretenimiento","18":"tag-es","19":"tag-escultura","20":"tag-espana","21":"tag-homenaje","22":"tag-maojo","23":"tag-patrimonio","24":"tag-pinta","25":"tag-sidra","26":"tag-spain"},"share_on_mastodon":{"url":"","error":""},"_links":{"self":[{"href":"https:\/\/www.europesays.com\/es\/wp-json\/wp\/v2\/posts\/168521","targetHints":{"allow":["GET"]}}],"collection":[{"href":"https:\/\/www.europesays.com\/es\/wp-json\/wp\/v2\/posts"}],"about":[{"href":"https:\/\/www.europesays.com\/es\/wp-json\/wp\/v2\/types\/post"}],"author":[{"embeddable":true,"href":"https:\/\/www.europesays.com\/es\/wp-json\/wp\/v2\/users\/2"}],"replies":[{"embeddable":true,"href":"https:\/\/www.europesays.com\/es\/wp-json\/wp\/v2\/comments?post=168521"}],"version-history":[{"count":0,"href":"https:\/\/www.europesays.com\/es\/wp-json\/wp\/v2\/posts\/168521\/revisions"}],"wp:featuredmedia":[{"embeddable":true,"href":"https:\/\/www.europesays.com\/es\/wp-json\/wp\/v2\/media\/168522"}],"wp:attachment":[{"href":"https:\/\/www.europesays.com\/es\/wp-json\/wp\/v2\/media?parent=168521"}],"wp:term":[{"taxonomy":"category","embeddable":true,"href":"https:\/\/www.europesays.com\/es\/wp-json\/wp\/v2\/categories?post=168521"},{"taxonomy":"post_tag","embeddable":true,"href":"https:\/\/www.europesays.com\/es\/wp-json\/wp\/v2\/tags?post=168521"}],"curies":[{"name":"wp","href":"https:\/\/api.w.org\/{rel}","templated":true}]}}