{"id":16853,"date":"2025-07-31T18:01:07","date_gmt":"2025-07-31T18:01:07","guid":{"rendered":"https:\/\/www.europesays.com\/es\/16853\/"},"modified":"2025-07-31T18:01:07","modified_gmt":"2025-07-31T18:01:07","slug":"isabel-pantoja-la-diva-de-il-divo-reaparece-en-las-redes-entusiasmada-por-su-colaboracion-musical","status":"publish","type":"post","link":"https:\/\/www.europesays.com\/es\/16853\/","title":{"rendered":"Isabel Pantoja, la diva de Il Divo, reaparece en las redes entusiasmada por su colaboraci\u00f3n musical"},"content":{"rendered":"<p class=\"c-paragraph\">Isabel Pantoja, que vive casi &#8216;recluida&#8217; y solo aparece en p\u00fablico cuando tiene alg\u00fan espect\u00e1culo o concierto, <b>ha dado se\u00f1ales de vida en las redes por su colaboraci\u00f3n con Il Divo<\/b>, con quienes ha grabado un tema que la ha llenado de satisfacci\u00f3n.<\/p>\n<p class=\"c-paragraph\">Fue la propia Isabel quien pidi\u00f3 a este cuarteto de voces que participara en un tema suyo, lo que para ellos ha sido un privilegio. \u00abHace unos meses, Isabel Pantoja nos contact\u00f3 para ver si quer\u00edamos grabar una canci\u00f3n suya. Estamos muy contentos de grabar y cantar con una estrella como ella. Estamos superemocionados porque no nos lo esper\u00e1bamos\u00bb, apuntaban en un encuentro con Europa Press.<\/p>\n<p class=\"c-paragraph\">Isabel ha compartido en las redes sociales la feliz noticia con todos sus seguidores. \u00ab\u00a1Qu\u00e9 alegr\u00eda tan grande! Es una felicidad inmensa compartir esta noticia con estos maravillosos artistas.\u00a0Muy pronto os contaremos m\u00e1s detalles. Gracias de coraz\u00f3n por tanto cari\u00f1o. Con todo mi amor, vuestra Isabel\u00bb, ha escrito.<\/p>\n<p class=\"c-paragraph\"><b><b>\u00abUn sue\u00f1o hecho realidad\u00bb,<\/b><\/b>\u00a0han indicado tanto la tonadillera como el grupo italiano al compartir la imagen. Eso s\u00ed, ambos han optado por limitar los comentarios en la publicaci\u00f3n conjunta que han hecho en sus respectivas cuentas de Instagram.<\/p>\n","protected":false},"excerpt":{"rendered":"Isabel Pantoja, que vive casi &#8216;recluida&#8217; y solo aparece en p\u00fablico cuando tiene alg\u00fan espect\u00e1culo o concierto, ha&hellip;\n","protected":false},"author":2,"featured_media":16854,"comment_status":"","ping_status":"","sticky":false,"template":"","format":"standard","meta":{"footnotes":""},"categories":[170],"tags":[10879,10881,146,147,25,24,10880,1729,184,185,10878,23],"class_list":{"0":"post-16853","1":"post","2":"type-post","3":"status-publish","4":"format-standard","5":"has-post-thumbnail","7":"category-musica","8":"tag-diva","9":"tag-divo","10":"tag-entertainment","11":"tag-entretenimiento","12":"tag-es","13":"tag-espana","14":"tag-il","15":"tag-isabel","16":"tag-music","17":"tag-musica","18":"tag-pantoja","19":"tag-spain"},"share_on_mastodon":{"url":"","error":""},"_links":{"self":[{"href":"https:\/\/www.europesays.com\/es\/wp-json\/wp\/v2\/posts\/16853","targetHints":{"allow":["GET"]}}],"collection":[{"href":"https:\/\/www.europesays.com\/es\/wp-json\/wp\/v2\/posts"}],"about":[{"href":"https:\/\/www.europesays.com\/es\/wp-json\/wp\/v2\/types\/post"}],"author":[{"embeddable":true,"href":"https:\/\/www.europesays.com\/es\/wp-json\/wp\/v2\/users\/2"}],"replies":[{"embeddable":true,"href":"https:\/\/www.europesays.com\/es\/wp-json\/wp\/v2\/comments?post=16853"}],"version-history":[{"count":0,"href":"https:\/\/www.europesays.com\/es\/wp-json\/wp\/v2\/posts\/16853\/revisions"}],"wp:featuredmedia":[{"embeddable":true,"href":"https:\/\/www.europesays.com\/es\/wp-json\/wp\/v2\/media\/16854"}],"wp:attachment":[{"href":"https:\/\/www.europesays.com\/es\/wp-json\/wp\/v2\/media?parent=16853"}],"wp:term":[{"taxonomy":"category","embeddable":true,"href":"https:\/\/www.europesays.com\/es\/wp-json\/wp\/v2\/categories?post=16853"},{"taxonomy":"post_tag","embeddable":true,"href":"https:\/\/www.europesays.com\/es\/wp-json\/wp\/v2\/tags?post=16853"}],"curies":[{"name":"wp","href":"https:\/\/api.w.org\/{rel}","templated":true}]}}