{"id":168547,"date":"2025-10-11T00:16:11","date_gmt":"2025-10-11T00:16:11","guid":{"rendered":"https:\/\/www.europesays.com\/es\/168547\/"},"modified":"2025-10-11T00:16:11","modified_gmt":"2025-10-11T00:16:11","slug":"brais-mendez-podeis-criticar-mi-rendimiento-pero-mi-compromiso-esta-fuera-de-toda-duda","status":"publish","type":"post","link":"https:\/\/www.europesays.com\/es\/168547\/","title":{"rendered":"Brais M\u00e9ndez: \u00abPod\u00e9is criticar mi rendimiento, pero mi compromiso est\u00e1 fuera de toda duda\u00bb"},"content":{"rendered":"<p class=\"v-mdl-ath__p v-mdl-ath__p--6\">\nViernes, 10 de octubre 2025, 14:16<\/p>\n<p>| Actualizado 20:47h.<\/p>\n<p class=\"v-p\">Brais M\u00e9ndez, uno de los jugadores m\u00e1s veteranos de la plantilla de la Real Sociedad, ha dejado ver su malestar por un &#8216;reel&#8217; de Instagram del <a href=\"https:\/\/www.diariovasco.com\/real-sociedad\/goazen-reala-consejo-real-sociedad-sergio-francisco-20251009192335-nt.html\" title=\"www.diariovasco.com\" data-voc-vtm-id=\"in-text-traffic\" data-mrf-link=\"www.diariovasco.com\" rel=\"nofollow noopener\" target=\"_blank\">programa Goazen Reala!<\/a> de este peri\u00f3dico, en el que se se hablaba de su rendimiento y de dar s\u00edntomas de estar \u00abdesconectado\u00bb, como otros jugadores. <\/p>\n<p class=\"v-p\">La publicaci\u00f3n en cuesti\u00f3n ofrec\u00eda un extracto del \u00faltimo programa de Goazen Reala!, en el que el periodista \u00c1ngel L\u00f3pez explicaba que, frente a algunos jugadores de la casa, a los que se les ve\u00eda \u00abcomprometidos y reponsabilizados\u00bb, parec\u00eda que hab\u00eda otros, como Sadiq, Sucic o el propio Brais, que parec\u00edan desconectados \u00abpor lo que paso en verano\u00bb, en el caso del de Mos, por su opci\u00f3n frustrada de ir a Arabia.<\/p>\n<p class=\"v-p\">En respuesta al reel, Brais ha escrito que \u00abno voy a permitir que ni vosotros ni nadie ponga en duda mi compromiso o falta de preocupaci\u00f3n cuando creo que mi compromiso con el club y con el equipo est\u00e1 fuera de cualquier tipo de dudas como he demostrado a lo largo de estos a\u00f1os aqu\u00ed, podr\u00e9is criticar mi rendimiento o que las cosas no est\u00e1n saliendo como todos queremos pero de eso a insinuar falta de compromiso o preocupaci\u00f3n me parece bastante sorprendente cuando no ten\u00e9is ni idea de lo que cada uno piensa, siente o hace para intentar revertir la situaci\u00f3n\u00bb.<\/p>\n<p class=\"v-p\">Goazen Reala! le ha ofrecido al jugador en respuesta a su comentario la oportunidad de ofrecer su an\u00e1lisis sobre la situaci\u00f3n actual de la Real en el propio programa, para el que \u00abtiene las puertas abiertas\u00bb.<\/p>\n<p class=\"v-p\">El rendimiento y el compromiso de Brais con la Real Sociedad ha sido tema de conversaci\u00f3n por parte de la afici\u00f3n ya desde finales de la pasada temporada, cuando se not\u00f3 una bajada de prestaciones por parte del centrocampista tras unas temporadas en las que hab\u00eda sido uno de los jugadores txuri-urdin con mejores n\u00fameros en su haber.<\/p>\n<p><a href=\"http:\/\/www.diariovasco.com\/real-sociedad\/goazen-reala-consejo-real-sociedad-sergio-francisco-20251009192335-nt.html#vtm_modulosEngag=mod-rel:real-sociedad:noticia:1:cmp:1-not\" class=\"v-a-link\" title=\"Vuelve a ver el \u00faltimo programa de Goazen Reala!\" rel=\"nofollow noopener\" target=\"_blank\"><br \/>\n<img decoding=\"async\" loading=\"lazy\" src=\"https:\/\/www.europesays.com\/es\/wp-content\/uploads\/2025\/10\/goazen2-kyKE--1200x840@Diario Vasco.png\" class=\"v-a-img\" width=\"258\" height=\"180\" alt=\"Vuelve a ver el \u00faltimo programa de Goazen Reala!\"\/><\/p>\n<p><\/a><\/p>\n<p class=\"v-p\">Se esperaba que el par\u00f3n de selecciones fuera a ser tranquilo si se lograba la victoria ante el Rayo Vallecano el pasado domingo, pero la realidad es que el rendimiento del equipo no est\u00e1 siendo el esperado y la Real se encuentra en pen\u00faltima posici\u00f3n con solo cinco puntos de veinticuatro. queremos\u00bb. <\/p>\n<p class=\"v-p\">La reacci\u00f3n debe ser inmediata y el partido de Vigo se presenta como la mayor &#8216;final&#8217; de lo que llevamos de temporada. Lo que suceda en Bala\u00eddos y en los pr\u00f3ximos encuentros marcar\u00e1n el rumbo del club. <\/p>\n<p>Reporta un error<\/p>\n","protected":false},"excerpt":{"rendered":"Viernes, 10 de octubre 2025, 14:16 | Actualizado 20:47h. Brais M\u00e9ndez, uno de los jugadores m\u00e1s veteranos de&hellip;\n","protected":false},"author":2,"featured_media":168548,"comment_status":"","ping_status":"","sticky":false,"template":"","format":"standard","meta":{"footnotes":""},"categories":[268],"tags":[49230,1625,168,2681,25,24,280,282,29910,13942,49231,6213,37273,281,23,167],"class_list":{"0":"post-168547","1":"post","2":"type-post","3":"status-publish","4":"format-standard","5":"has-post-thumbnail","7":"category-futbol","8":"tag-brais","9":"tag-compromiso","10":"tag-deportes","11":"tag-duda","12":"tag-es","13":"tag-espana","14":"tag-football","15":"tag-futbol","16":"tag-mendez","17":"tag-permitir","18":"tag-pongais","19":"tag-queremos","20":"tag-saliendo","21":"tag-soccer","22":"tag-spain","23":"tag-sports"},"share_on_mastodon":{"url":"","error":""},"_links":{"self":[{"href":"https:\/\/www.europesays.com\/es\/wp-json\/wp\/v2\/posts\/168547","targetHints":{"allow":["GET"]}}],"collection":[{"href":"https:\/\/www.europesays.com\/es\/wp-json\/wp\/v2\/posts"}],"about":[{"href":"https:\/\/www.europesays.com\/es\/wp-json\/wp\/v2\/types\/post"}],"author":[{"embeddable":true,"href":"https:\/\/www.europesays.com\/es\/wp-json\/wp\/v2\/users\/2"}],"replies":[{"embeddable":true,"href":"https:\/\/www.europesays.com\/es\/wp-json\/wp\/v2\/comments?post=168547"}],"version-history":[{"count":0,"href":"https:\/\/www.europesays.com\/es\/wp-json\/wp\/v2\/posts\/168547\/revisions"}],"wp:featuredmedia":[{"embeddable":true,"href":"https:\/\/www.europesays.com\/es\/wp-json\/wp\/v2\/media\/168548"}],"wp:attachment":[{"href":"https:\/\/www.europesays.com\/es\/wp-json\/wp\/v2\/media?parent=168547"}],"wp:term":[{"taxonomy":"category","embeddable":true,"href":"https:\/\/www.europesays.com\/es\/wp-json\/wp\/v2\/categories?post=168547"},{"taxonomy":"post_tag","embeddable":true,"href":"https:\/\/www.europesays.com\/es\/wp-json\/wp\/v2\/tags?post=168547"}],"curies":[{"name":"wp","href":"https:\/\/api.w.org\/{rel}","templated":true}]}}