{"id":168551,"date":"2025-10-11T00:18:32","date_gmt":"2025-10-11T00:18:32","guid":{"rendered":"https:\/\/www.europesays.com\/es\/168551\/"},"modified":"2025-10-11T00:18:32","modified_gmt":"2025-10-11T00:18:32","slug":"tendencias-decorativas-2026-los-interioristas-declaran-la-guerra-a-los-techos-llenos-de-focos-al-color-beige-y-al-falso-mediterraneo","status":"publish","type":"post","link":"https:\/\/www.europesays.com\/es\/168551\/","title":{"rendered":"Tendencias decorativas 2026: los interioristas declaran la guerra a los techos llenos de focos, al color beige y al \u2018falso mediterr\u00e1neo\u2019"},"content":{"rendered":"<p>Hace apenas una d\u00e9cada, el gris era el nuevo blanco; despu\u00e9s vino la fiebre por el beige y lo neutro, el efecto \u00abmediterr\u00e1neo chic\u00bb y, con \u00e9l, los espacios calcados unos de otros, donde la autenticidad brillaba por su ausencia. Ahora, <a href=\"https:\/\/www.revistaad.es\/articulos\/decoracion-gen-z-en-casa-ideas-reales-de-4-jovenes-creativos-espanoles\" rel=\"nofollow noopener\" target=\"_blank\"><strong>una nueva generaci\u00f3n de interioristas<\/strong><\/a>, comienza a trazar el mapa de lo que no quieren volver a repetir. En sus palabras no encontramos solo preferencias sobre colores o materiales, sino una nueva manera de pensar el espacio, m\u00e1s cr\u00edtica, m\u00e1s personal y m\u00e1s consciente.<\/p>\n<p>El a\u00f1o 2026, m\u00e1s que un horizonte cronol\u00f3gico, funciona aqu\u00ed como met\u00e1fora: <strong>el momento en que algunos gestos decorativos quedar\u00e1n desterrados por obvios, caducos o directamente absurdos<\/strong>. Y esa lista no la marcan algoritmos fr\u00edos ni informes de tendencias de dudosa procedencia, sino la voz de quienes trabajan cada d\u00eda con clientes, espacios y materiales. Ocho profesionales patrios ponen sobre la mesa aquello a lo que ya no dir\u00e1n que s\u00ed. El resultado es un cat\u00e1logo de \u201cnoes\u201d que, en realidad, abre el camino a formas m\u00e1s libres, expresivas y sinceras de dise\u00f1ar.<\/p>\n<p><img decoding=\"async\" alt=\"Retrato de Sigfrido Serra. \u00a9 Nuel Puig\" loading=\"lazy\" class=\"ResponsiveImageContainer-eNxvmU cfBbTk responsive-image__image\"   src=\"https:\/\/www.europesays.com\/es\/wp-content\/uploads\/2025\/10\/CASA_COCTEL_DE_COLOR_SIGFRIDO_SERRA_VALENCIA_INTERIORISMO_DISEN%CC%83O_ARQUITECTURA_STUDIO_INTERIOR_.jpeg\"\/><\/p>\n<p>Retrato de Sigfrido Serra. \u00a9 Nuel Puig<\/p>\n<p><strong>Sigfrido Serra: adi\u00f3s al blanco roto<\/strong><\/p>\n<p>En Valencia, Sigfrido Serra lleva a\u00f1os trabajando con un objetivo claro: que cada espacio sea \u201cuna experiencia\u201d para quien lo habita. Sus proyectos se basan en creatividad, armon\u00eda y riesgo calculado. Por eso, no nos sorprende su renuncia: \u201cEn 2026 ya no volver\u00e9 a decir que s\u00ed a pintar una pared en \u2018blanco roto\u2019, porque al final nunca es blanco, ni roto y acabamos en debates eternos de c\u00f3digos de color\u201d. Serra prefiere la valent\u00eda crom\u00e1tica: \u201c<strong>Prefiero arriesgar con colores que tengan personalidad y que de verdad cuenten una historia, en el espacio<\/strong>\u201d. El consenso de lo neutro, dice, solo conduce al tedio.<\/p>\n<p><img decoding=\"async\" alt=\"El dise\u00f1ador Omar Miranda. Foto omaramor\" loading=\"lazy\" class=\"ResponsiveImageContainer-eNxvmU cfBbTk responsive-image__image\"   src=\"https:\/\/www.europesays.com\/es\/wp-content\/uploads\/2025\/10\/Acostumbrado%20al%20contacto%20es%20una%20instalacio%CC%81n%20que%20reflexiona%20sobre%20el%20cuerpo.jpeg\"\/><\/p>\n<p>El dise\u00f1ador Omar Miranda. Foto: @omar_amor__<\/p>\n<p><strong>Omar Miranda: pensar antes de eliminar<\/strong><\/p>\n<p>Definir a Omar Miranda es complicado, pero olvidar sus propuestas es imposible: provocativas, contempor\u00e1neas y siempre inesperados. Esa mirada cr\u00edtica lo lleva a desafiar lo obvio como la man\u00eda de quitar el gotel\u00e9 para dejar las paredes blancas y lisas. \u00ab<strong>Creo que a nivel material se puede probar y experimentar con soluciones alternativas que den un gradiente m\u00e1s interesante a los paramentos verticales<\/strong>\u201d, explica.<\/p>\n<p>Su segundo \u201cno\u201d es a\u00fan m\u00e1s contundente: \u201cTenemos que pensar antes de quitar un pasillo solo por el hecho funcional o de aprovechamiento del espacio\u2026 <strong>Un pasillo introduce el elemento tiempo, el recorrido y la narrativa dentro de la arquitectura<\/strong>. Me encanta la idea de los interiores como recorridos e historias, espacios donde apareces, desapareces, corres y esperas\u201d. Para Miranda, renunciar a ese recurso espacial es perder parte de la magia al habitar.<\/p>\n","protected":false},"excerpt":{"rendered":"Hace apenas una d\u00e9cada, el gris era el nuevo blanco; despu\u00e9s vino la fiebre por el beige y&hellip;\n","protected":false},"author":2,"featured_media":168552,"comment_status":"","ping_status":"","sticky":false,"template":"","format":"standard","meta":{"footnotes":""},"categories":[173],"tags":[229,233,231,230,232,234,146,147,25,24,23,37055],"class_list":{"0":"post-168551","1":"post","2":"type-post","3":"status-publish","4":"format-standard","5":"has-post-thumbnail","7":"category-arte-y-diseno","8":"tag-arte","9":"tag-arte-y-diseno","10":"tag-arts","11":"tag-arts-and-design","12":"tag-design","13":"tag-diseno","14":"tag-entertainment","15":"tag-entretenimiento","16":"tag-es","17":"tag-espana","18":"tag-spain","19":"tag-tendencias-2025"},"share_on_mastodon":{"url":"","error":""},"_links":{"self":[{"href":"https:\/\/www.europesays.com\/es\/wp-json\/wp\/v2\/posts\/168551","targetHints":{"allow":["GET"]}}],"collection":[{"href":"https:\/\/www.europesays.com\/es\/wp-json\/wp\/v2\/posts"}],"about":[{"href":"https:\/\/www.europesays.com\/es\/wp-json\/wp\/v2\/types\/post"}],"author":[{"embeddable":true,"href":"https:\/\/www.europesays.com\/es\/wp-json\/wp\/v2\/users\/2"}],"replies":[{"embeddable":true,"href":"https:\/\/www.europesays.com\/es\/wp-json\/wp\/v2\/comments?post=168551"}],"version-history":[{"count":0,"href":"https:\/\/www.europesays.com\/es\/wp-json\/wp\/v2\/posts\/168551\/revisions"}],"wp:featuredmedia":[{"embeddable":true,"href":"https:\/\/www.europesays.com\/es\/wp-json\/wp\/v2\/media\/168552"}],"wp:attachment":[{"href":"https:\/\/www.europesays.com\/es\/wp-json\/wp\/v2\/media?parent=168551"}],"wp:term":[{"taxonomy":"category","embeddable":true,"href":"https:\/\/www.europesays.com\/es\/wp-json\/wp\/v2\/categories?post=168551"},{"taxonomy":"post_tag","embeddable":true,"href":"https:\/\/www.europesays.com\/es\/wp-json\/wp\/v2\/tags?post=168551"}],"curies":[{"name":"wp","href":"https:\/\/api.w.org\/{rel}","templated":true}]}}