{"id":168559,"date":"2025-10-11T00:25:09","date_gmt":"2025-10-11T00:25:09","guid":{"rendered":"https:\/\/www.europesays.com\/es\/168559\/"},"modified":"2025-10-11T00:25:09","modified_gmt":"2025-10-11T00:25:09","slug":"este-disco-esta-hecho-en-un-momento-en-el-que-el-mundo-es-una-mierda-bastante-grande","status":"publish","type":"post","link":"https:\/\/www.europesays.com\/es\/168559\/","title":{"rendered":"\u00abEste disco est\u00e1 hecho en un momento en el que el mundo es una mierda bastante grande\u00bb"},"content":{"rendered":"<p style=\"\">El tir\u00f3n de <a href=\"https:\/\/www.abc.es\/cultura\/musica\/viva-suecia-pandemia-mejor-oportunidad-siglo-empaticos-20221007163520-nt.html\" target=\"_blank\" data-voc-vtm-id=\"in-text-traffic\" title=\"Viva Suecia\" data-mrf-link=\"www.abc.es\" rel=\"nofollow noopener\">Viva Suecia<\/a> no decae: a punto de cumplir diez a\u00f1os de vida, su sexto disco ha generado tantas ganas de reencuentro en directo que se vendieron 80.000 entradas de su correspondiente gira en tan s\u00f3lo 24 horas. Se ve que  &#8230; cada nuevo trabajo de los murcianos es como medicina para sus fans, que a partir de hoy ya pueden degustar al completo <strong>&#8216;Hecho en tiempos de paz&#8217;<\/strong>, un feel-good album en tiempos revueltos (con nota de prensa escrita por Carlos del Amor) grabado en los impresionantes estudios PKO de Boadilla del Monte (Madrid) que incluye colaboraciones de Silo\u00e9, Carmen Hoonine y Samurai.<\/p>\n<p class=\"voc-p\" style=\"\"><strong>Menudo vacile lo de &#8216;Hecho en tiempos de paz&#8217;, \u00bfno? \u00a1Cada d\u00eda hay una nueva guerra en alguna parte! Supongo que el t\u00edtulo se refiere a una paz interior\u2026 \u00bfO el disco tambi\u00e9n tiene un poco el esp\u00edritu de re\u00edrse por no llorar ante c\u00f3mo est\u00e1 todo?<\/strong><\/p>\n<p class=\"voc-p\" style=\"\">Rafa Val (cantante): Tiene un poco de eso. Somos conscientes de que es ir\u00f3nico llamarlo as\u00ed, pero en realidad este disco est\u00e1 compuesto en un momento en el que el mundo es una mierda bastante grande. Sin embargo, nosotros encontramos unos cuantos peque\u00f1os huecos de paz, donde de verdad sent\u00edamos tranquilidad, alejados de todo lo que pasaba. Tuvimos la libertad de hacer un disco sereno, tranquilo y de olvidarnos, por ratos, de todo lo terrible que ocurre en el mundo. Tambi\u00e9n, a la vez, es un canto a la paz: es reivindicar esos peque\u00f1os espacios de paz y recordarnos, como seres humanos, que deber\u00edamos dejar de parecernos m\u00e1s a los animales, reivindicar nuestro lado racional y disolver tanta guerra.<\/p>\n<p class=\"voc-p\" style=\"\"><strong>\u00bfEl \u00e9xito da confianza para afrontar nuevos procesos creativos? \u00bfEn qu\u00e9 marco temporal se desarroll\u00f3 el proceso de escritura, y qu\u00e9 os rondaba la cabeza por entonces?<\/strong><\/p>\n<p class=\"voc-p\" style=\"\">Jess Fabric (bajo): Es curioso, porque la composici\u00f3n de este disco llega justo despu\u00e9s de sacar uno de que m\u00e1s alegr\u00eda nos ha dado. Con alegr\u00eda me refiero a lo que tiene que ver con llegar al p\u00fablico y a los oyentes. Y bueno, es verdad que eso te da una seguridad, porque te hace ver que est\u00e1s haciendo las cosas bien, pero por otro lado tambi\u00e9n hay una presi\u00f3n a\u00f1adida: la de querer estar a la altura del trabajo que acabas de sacar. Tenemos mucha m\u00e1s confianza en nosotros mismos; nos conocemos m\u00e1s y mejor que nunca. Nos encanta hacer canciones juntos, pero, bueno, ese picantito que da tener la responsabilidad del amor \u2014de la clase que sea\u2014 detr\u00e1s, nos viene muy bien y nos mantiene muy emocionados y nerviosos, evidentemente, ante el lanzamiento. Sea como sea, es un disco que hemos hecho muy seguros de lo que est\u00e1bamos haciendo y que nos ha encantado crear. Es decir, cada canci\u00f3n ha sido una alegr\u00eda, y nos encanta lo que escuchamos. Ahora, lo que la gente pueda pensar, es lo que tenemos que ver.<\/p>\n<p class=\"voc-p\" style=\"\"><strong>\u00bfC\u00f3mo fue el proceso de grabaci\u00f3n? \u00bfHubo alguna diferencia destacable en comparaci\u00f3n con los anteriores discos?<\/strong><\/p>\n<p class=\"voc-p\" style=\"\">Fernando Campillo (bater\u00eda): Pues este proceso ha sido\u2026 bueno, hemos estado en nuestro remanso de paz, que es Ri\u00f3par, una casa en mitad del bosque.<\/p>\n<p class=\"voc-p\" style=\"\">Jess: De grabaci\u00f3n&#8230;<\/p>\n<p class=\"voc-p\" style=\"\">Fernando: \u00bfDe grabaci\u00f3n? Vale perd\u00f3n. La grabaci\u00f3n ha sido en PKO. Gracias a Universal y a Paco Salazar, nuestro productor que nos recomendaron el sitio, y la verdad que desde la primera vez que llegamos nos sentimos muy muy muy a gusto all\u00ed. Nos tratan all\u00ed del carajo y la verdad que el proceso ha sido desde el primer d\u00eda una maravilla con Paco Salazar, con la gente de all\u00ed y seguramente repetiremos.<\/p>\n<p class=\"voc-p\" style=\"\"><strong>\u00bfDe d\u00f3nde nace la canci\u00f3n &#8216;Los afortunados&#8217;? Parece una letra bastante importante a nivel personal\u2026<\/strong><\/p>\n<p class=\"voc-p\" style=\"\">Rafa: Pues la canci\u00f3n es una canci\u00f3n de amor en toda regla. Es uno de los motivos de paz del disco. El amor, creo que para todos nosotros \u2014como ya dejamos bastante claro en el disco anterior\u2014, es un pilar fundamental en nuestras vidas y tambi\u00e9n forma parte de nuestra paz. Nos lleva trayendo paz desde hace muchos a\u00f1os: cuando volvemos a casa, cuando estamos destruidos, cuando las cosas no salen bien, cuando estamos estresados\u2026 el amor de nuestra familia, de nuestros amigos, de nuestras parejas, de todo el mundo, es lo que nos trae paz, lo que nos devuelve a la tierra. Y supongo que es una oda a todo eso. Es una canci\u00f3n que tiene un concentrado de amor importante y no pretende ser m\u00e1s que lo que es.<\/p>\n<p class=\"voc-p\" style=\"\"><strong>\u00bfC\u00f3mo surgieron las tres colaboraciones que hay en el disco?<\/strong><\/p>\n<p class=\"voc-p\" style=\"\">Alberto Cant\u00faa (guitarra): Bueno, con Silo\u00e9 yo creo que ya vienen a pedir pan a casa, o sal, o lo que sea, y ya sale (risas). O sea, decimos de broma que los vemos m\u00e1s que a nuestra familia, as\u00ed que, bueno, es algo natural.<\/p>\n<p class=\"voc-p\" style=\"\">Rafa: Bueno\u2026 de broma no (risas).<\/p>\n<p class=\"voc-p\" style=\"\">Alberto: Lo decimos de broma, pero es real, \u00bfeh? Llevamos muchos a\u00f1os compartiendo carretera, conversaciones, dudas, miedos\u2026 y, bueno, al final quiz\u00e1 ha sido la colaboraci\u00f3n m\u00e1s evidente y natural. Est\u00e1 tambi\u00e9n la de Carmen, Carmen Hoonine, que ha sido una apuesta personal por mostrarle al mundo el gran talento que tiene esta chica tan alta que llevamos de gira (risas) y tan incre\u00edble. Creo que estamos todos un poco con la sensaci\u00f3n de que es la gran tapada del disco, la canci\u00f3n que va a dar sorpresas, porque a todo el que se la ponemos le genera algo s\u00faper bonito.<\/p>\n<p class=\"voc-p\" style=\"\">Jess: Y, finalmente, Samu (Samurai), a quien todos le seguimos la pista: es una t\u00eda con un talento incuestionable. Podr\u00edamos ser su padre algunos, lo cual es incre\u00edble, ver a alguien tan joven con ese talento y esa desfachatez para enfrentarse a una composici\u00f3n. Esa s\u00ed que fue la carta a los Reyes Magos. Por suerte, ten\u00edamos a Paco cerca, que comparte con ella procesos creativos, y es tambi\u00e9n una de las canciones m\u00e1s bonitas del disco, seguramente.<\/p>\n<p class=\"voc-p\" style=\"\"><strong>En el disco hay mucha presencia de instrumentos de viento y coros gospelianos, \u00bfhay una intencionalidad emocional consciente detr\u00e1s de eso?<\/strong><\/p>\n<p class=\"voc-p\" style=\"\">Jess: A ver, a nosotros nos gustar\u00eda (risas). Siempre hay una intenci\u00f3n en casi todo lo que hacemos. Es cierto que llevamos mucho tiempo detr\u00e1s de meter un coro g\u00f3spel, de meter vientos y de convertirnos en americanos. Llevamos muchos a\u00f1os con esa idea.<\/p>\n<p class=\"voc-p\" style=\"\">Rafa: Norteamericanos (risas). Pero solo musicalmente (risas).<\/p>\n<p class=\"voc-p\" style=\"\">Jess: Pero s\u00ed que es cierto que, cuando componemos, ya vemos estos arreglos. Ya lo hacemos pensando un poco: \u00abOye, aqu\u00ed vamos a hacer esto para que quepan unos vientos; vamos a hacer esto para poder meter un coro y que suene g\u00f3spel, por favor\u00bb. Es algo que nos ha hecho much\u00edsima ilusi\u00f3n y que llevamos persiguiendo mucho tiempo. Hemos podido hacerlo aqu\u00ed, y encantados. Adem\u00e1s, lo vamos a llevar tambi\u00e9n a la gira; no es algo que se vaya a quedar solamente en el disco.<\/p>\n<p><img decoding=\"async\" loading=\"lazy\" src=\"https:\/\/www.europesays.com\/es\/wp-content\/uploads\/2025\/10\/1-vivasuecia2-U63225671367Zca-170x170@diario_abc.jpg\" class=\"voc-img\" width=\"170\" height=\"170\" alt=\"Imagen - \u00abAceptamos las cr\u00edticas, y de hecho algunas nos han hecho cambiar cosas. Pero cuando alguien va a sacar su basura en redes sociales, pasamos\u00bb\"\/><\/p>\n<p class=\"voc-title\">\u00abAceptamos las cr\u00edticas, y de hecho algunas nos han hecho cambiar cosas. Pero cuando alguien va a sacar su basura en redes sociales, pasamos\u00bb<\/p>\n<p class=\"voc-p\" style=\"\"><strong>\u00bfCu\u00e1l creen que va a ser el mayor reto de la traslaci\u00f3n de este disco al directo?<\/strong><\/p>\n<p class=\"voc-p\" style=\"\">Rafa: Ya lo hemos podido comprobar. Hemos hecho la primera parte de los ensayos y el gran reto es enfrentarnos a estilos y a tocar en directo cosas que no hab\u00edamos tocado nunca, lo cual es un desaf\u00edo maravilloso. Estamos s\u00faper emocionados, pero hemos tenido que aprender a tocar estilos y canciones que antes no hac\u00edamos, lo cual tambi\u00e9n es muy bonito. Adem\u00e1s, vamos a tener una banda mucho m\u00e1s grande: entran muchos m\u00fasicos, el show es gigante, hemos apostado todo y estamos ensayando mucho para que salga bien.<\/p>\n<p class=\"voc-p\" style=\"\"><strong>He le\u00eddo que la banda lleg\u00f3 a pasar por un momento dif\u00edcil, \u00bfcu\u00e1l fue la raz\u00f3n, y c\u00f3mo lo solucionaron?<\/strong><\/p>\n<p class=\"voc-p\" style=\"\">Fer: Bueno, quiz\u00e1 hemos pasado por alg\u00fan momento dif\u00edcil, como puede ser el cambio de discogr\u00e1fica. Al final, el estar juntos los cuatro y el apoyo de nuestra nueva oficina nos ayud\u00f3, sobre todo, a quitarnos esa inseguridad, a coger confianza y a seguir con nuestro proyecto, que es lo que nos mueve el alma ahora mismo. Y bueno, pues aqu\u00ed estamos. Ah\u00ed est\u00e1 todo (risas). Fue dur\u00edsimo (risas).<\/p>\n<p class=\"voc-p\" style=\"\"><strong>Si pudieran volver al primer d\u00eda de su carrera, \u00bfhar\u00edan todo exactamente igual, o hay algo que cambiar\u00edan sin dudarlo?<\/strong><\/p>\n<p class=\"voc-p\" style=\"\">Rafa: No cambiar\u00eda absolutamente nada, porque seguramente, de otra manera, no estar\u00edamos aqu\u00ed. Igual nos habr\u00eda ido mejor o peor, no lo s\u00e9. Ahora echo la vista atr\u00e1s y no cambiar\u00eda ni una coma. No cambiar\u00eda nada.<\/p>\n<p class=\"voc-p\" style=\"\">Todos: No cambiar\u00edamos nada.<\/p>\n<p class=\"voc-p\" style=\"\"><strong>\u00bfC\u00f3mo ha evolucionado su relaci\u00f3n con la cr\u00edtica musical a lo largo de estos a\u00f1os?<\/strong><\/p>\n<p class=\"voc-p\" style=\"\">Rafa: Nuestra relaci\u00f3n con la cr\u00edtica musical creo que siempre ha sido la misma. De hecho, siempre hemos escuchado muy atentamente las cr\u00edticas cuando nos ayudan a mejorar. Hemos cambiado muchas cosas en las canciones y en los directos a lo largo de toda nuestra carrera, porque hemos le\u00eddo una cr\u00edtica que ten\u00eda todo el sentido del mundo y hemos dicho: \u00abPues es verdad, esto est\u00e1 mal\u00bb, y lo hemos cambiado. Ahora, cuando es una cr\u00edtica, la aceptamos; pero cuando alguien va a sacar su basura en redes sociales, pues pasamos un poco. Creo que siempre duele que digan algo malo de ti, siempre duele leer algo negativo sobre tu trabajo, pero en general, en lo que se refiere estrechamente a la cr\u00edtica musical, creo que siempre hemos tenido una buena relaci\u00f3n. Sabemos asumir las cr\u00edticas cuando creemos que nos ayudan a mejorar.<\/p>\n<p class=\"voc-p\" style=\"\"><strong>\u00bfC\u00f3mo fue la experiencia de tocar en la apertura de la Feria de Murcia a los pies de la Catedral?<\/strong><\/p>\n<p class=\"voc-p\" style=\"\">Alberto: Pues, joder, es dif\u00edcil, muy dif\u00edcil de explicar lo que sentimos. Siempre estamos en una vor\u00e1gine completamente absurda de cosas, en una bola de nieve que baja sin parar. Pero es verdad que ese d\u00eda, estar en ese sitio emblem\u00e1tico de la ciudad, por el que hemos pasado mil veces, con ese reconocimiento de la sociedad civil, la sociedad pol\u00edtica y toda la gente que, al final, conforma el d\u00eda a d\u00eda de tu ciudad, fue bastante emocionante. Yo creo que no somos muy conscientes, porque al final, como con todo lo que nos pasa, si tomas demasiada consciencia dejas de hacer las cosas. As\u00ed que, con esta inconsciencia, hicimos aquello y lo llevamos para siempre dentro.<\/p>\n<p class=\"voc-p\" style=\"\"><strong>\u00bfCu\u00e1l es su opini\u00f3n acerca de todo lo que ha pasado con el tema del fondo KKR y los festivales espa\u00f1oles? \u00bfTienen una postura consensuada de cara a d\u00f3nde actuar y d\u00f3nde no el verano que viene?<\/strong><\/p>\n<p class=\"voc-p\" style=\"\">Alberto: Lo que tenemos claro, consensuado y que creo que es la opini\u00f3n de casi todo el mundo, es que lo que est\u00e1 sucediendo ah\u00ed es una absoluta barbaridad. Sobre todo, teniendo esto claro, al margen de cualquier duda, cada uno puede tomar las decisiones que considere oportunas para estar tranquilo con su opini\u00f3n. En nuestro caso, haremos las acciones que creamos que est\u00e1n acordes con lo que pensamos; ser\u00e1n cosas concretas, haremos la gira que tenemos que hacer y punto. Y lo que no vamos a hacer es decirle a nadie lo que tiene que hacer ni c\u00f3mo tiene que hacerlo.<\/p>\n","protected":false},"excerpt":{"rendered":"El tir\u00f3n de Viva Suecia no decae: a punto de cumplir diez a\u00f1os de vida, su sexto disco&hellip;\n","protected":false},"author":2,"featured_media":168560,"comment_status":"","ping_status":"","sticky":false,"template":"","format":"standard","meta":{"footnotes":""},"categories":[91],"tags":[146,147,25,24,23,7218,10748],"class_list":{"0":"post-168559","1":"post","2":"type-post","3":"status-publish","4":"format-standard","5":"has-post-thumbnail","7":"category-entretenimiento","8":"tag-entertainment","9":"tag-entretenimiento","10":"tag-es","11":"tag-espana","12":"tag-spain","13":"tag-suecia","14":"tag-viva"},"share_on_mastodon":{"url":"","error":""},"_links":{"self":[{"href":"https:\/\/www.europesays.com\/es\/wp-json\/wp\/v2\/posts\/168559","targetHints":{"allow":["GET"]}}],"collection":[{"href":"https:\/\/www.europesays.com\/es\/wp-json\/wp\/v2\/posts"}],"about":[{"href":"https:\/\/www.europesays.com\/es\/wp-json\/wp\/v2\/types\/post"}],"author":[{"embeddable":true,"href":"https:\/\/www.europesays.com\/es\/wp-json\/wp\/v2\/users\/2"}],"replies":[{"embeddable":true,"href":"https:\/\/www.europesays.com\/es\/wp-json\/wp\/v2\/comments?post=168559"}],"version-history":[{"count":0,"href":"https:\/\/www.europesays.com\/es\/wp-json\/wp\/v2\/posts\/168559\/revisions"}],"wp:featuredmedia":[{"embeddable":true,"href":"https:\/\/www.europesays.com\/es\/wp-json\/wp\/v2\/media\/168560"}],"wp:attachment":[{"href":"https:\/\/www.europesays.com\/es\/wp-json\/wp\/v2\/media?parent=168559"}],"wp:term":[{"taxonomy":"category","embeddable":true,"href":"https:\/\/www.europesays.com\/es\/wp-json\/wp\/v2\/categories?post=168559"},{"taxonomy":"post_tag","embeddable":true,"href":"https:\/\/www.europesays.com\/es\/wp-json\/wp\/v2\/tags?post=168559"}],"curies":[{"name":"wp","href":"https:\/\/api.w.org\/{rel}","templated":true}]}}