{"id":168572,"date":"2025-10-11T00:38:10","date_gmt":"2025-10-11T00:38:10","guid":{"rendered":"https:\/\/www.europesays.com\/es\/168572\/"},"modified":"2025-10-11T00:38:10","modified_gmt":"2025-10-11T00:38:10","slug":"coto-a-la-violencia-en-el-baloncesto-proteccion-a-menores-multas-a-padres-y-suspension-de-partidos","status":"publish","type":"post","link":"https:\/\/www.europesays.com\/es\/168572\/","title":{"rendered":"Coto a la violencia en el baloncesto: protecci\u00f3n a menores, multas a padres y suspensi\u00f3n de partidos"},"content":{"rendered":"<p>\u00abTenemos un problem\u00f3n&#8230; y va a la alza\u00bb. Son las palabras que resumen el sentir del baloncesto de Castilla y Le\u00f3n. \u00abHace quince a\u00f1os  &#8230; no exist\u00eda, y ahora hay agresiones verbales a los \u00e1rbitros todas las semanas\u00bb, analiza el director general de la Federaci\u00f3n de Baloncesto de Castilla y Le\u00f3n, Jos\u00e9 Alberto Mart\u00edn.<\/p>\n<p class=\"v-p\">Los insultos y la violencia gestual y verbal hacia los colegiados son una pr\u00e1ctica al alza, que ha propiciado que la federaci\u00f3n regional tome cartas en el asunto y haya aprobado un protocolo antiviolencia para la presente temporada. <\/p>\n<p class=\"v-p\">El plan eleva la potestad del colegiado para parar, expulsar, incluso suspender un partido cuando entienda que se est\u00e1 produciendo un episodio violento, y aunque est\u00e1 focalizado en su persona y los ataques que est\u00e1n recibiendo semanalmente, tambi\u00e9n contempla otro tipos de agresiones de tinte machista, xen\u00f3foba o racista. \u00abEn el momento que se aplique el protocolo, el \u00e1rbitro lo reflejar\u00e1 en el acta, y el club local recibir\u00e1 una multa\u00bb, agrega el director general de la FBCYL, que explica que a todos los clubes se les ha invitado a que repercutan estas a los agresores \u2013en la mayor\u00eda de los casos padres o familiares de los propios jugadores\u2013. \u00abEsto solo funciona si los clubes se involucran, y logran que los propios padres hagan lo propio\u00bb, admite el representante federativo.<\/p>\n<p class=\"v-p\">\u00abQuiz\u00e1 la primera multa de 300 euros&#8230; se asuma, pero ya veremos cuando se acumulen. Son esos padres que van a una cancha a vivir un partido tranquilo y en convivencia con los dem\u00e1s los que tienen que denunciar al de al lado que est\u00e1 actuando de forma incorrecta\u00bb, analiza Jos\u00e9 Alberto Mart\u00edn. \u00abNo creo que haga mucha gracia que haya grupos de padres que tengan que pagar multas a escote, porque uno o dos la est\u00e9n liando\u00bb, subraya.<\/p>\n<p class=\"v-p\">El protocolo es la respuesta a una \u00abnormalizaci\u00f3n del odio\u00bb. \u00abNo es normal que se de por usual que en partidos de ni\u00f1os de diez a\u00f1os, los padres hablen de robo, aunque solo digan esta palabra. Eso no suced\u00eda hace quince a\u00f1os\u00bb, lamenta Mart\u00edn, quien asegura que esta corriente viene derivada de otros deportes y el bombo medi\u00e1tico que se dan a las actuaciones de los \u00e1rbitros. \u00abEs inaudito que se piense que un \u00e1rbitro de 14 a\u00f1os va con una idea preconcebida a partidos de benjamines\u00bb.<\/p>\n<p class=\"v-p\">En este sentido, desde la FBCYL se pondr\u00e1 especial celo a la hora de proteger a los menores, y los \u00e1rbitros y jueces de mesa que sean menores llevar\u00e1n un brazalete que les identificar\u00e1. \u00abAs\u00ed el p\u00fablico sabr\u00e1 que ante una denuncia en un tribunal tendr\u00e1 toda las de perder\u00bb.<\/p>\n<p class=\"v-p\">Los insultos y vejaciones hacia los colegiados adem\u00e1s han derivado en una falta de \u00e1rbitros que amenaza a todo el entramado deportivo en Castilla y Le\u00f3n. \u00abVienen al curso y duran menos de un a\u00f1o&#8230; Ven el panorama y no vuelven\u00bb, admite el director general, quien admite que ya hay problemas en provincias como Zamora, \u00c1vila o Palencia. \u00abVan a arbitrar de otras provincias, con lo que eso conlleva a nivel de gastos para las propias competiciones\u00bb.<\/p>\n","protected":false},"excerpt":{"rendered":"\u00abTenemos un problem\u00f3n&#8230; y va a la alza\u00bb. Son las palabras que resumen el sentir del baloncesto de&hellip;\n","protected":false},"author":2,"featured_media":168573,"comment_status":"","ping_status":"","sticky":false,"template":"","format":"standard","meta":{"footnotes":""},"categories":[269],"tags":[299,298,10049,168,25,24,1567,8671,3621,6758,588,23,167,7680,432],"class_list":{"0":"post-168572","1":"post","2":"type-post","3":"status-publish","4":"format-standard","5":"has-post-thumbnail","7":"category-baloncesto","8":"tag-baloncesto","9":"tag-basketball","10":"tag-coto","11":"tag-deportes","12":"tag-es","13":"tag-espana","14":"tag-menores","15":"tag-multas","16":"tag-padres","17":"tag-partidos","18":"tag-proteccion","19":"tag-spain","20":"tag-sports","21":"tag-suspension","22":"tag-violencia"},"share_on_mastodon":{"url":"","error":""},"_links":{"self":[{"href":"https:\/\/www.europesays.com\/es\/wp-json\/wp\/v2\/posts\/168572","targetHints":{"allow":["GET"]}}],"collection":[{"href":"https:\/\/www.europesays.com\/es\/wp-json\/wp\/v2\/posts"}],"about":[{"href":"https:\/\/www.europesays.com\/es\/wp-json\/wp\/v2\/types\/post"}],"author":[{"embeddable":true,"href":"https:\/\/www.europesays.com\/es\/wp-json\/wp\/v2\/users\/2"}],"replies":[{"embeddable":true,"href":"https:\/\/www.europesays.com\/es\/wp-json\/wp\/v2\/comments?post=168572"}],"version-history":[{"count":0,"href":"https:\/\/www.europesays.com\/es\/wp-json\/wp\/v2\/posts\/168572\/revisions"}],"wp:featuredmedia":[{"embeddable":true,"href":"https:\/\/www.europesays.com\/es\/wp-json\/wp\/v2\/media\/168573"}],"wp:attachment":[{"href":"https:\/\/www.europesays.com\/es\/wp-json\/wp\/v2\/media?parent=168572"}],"wp:term":[{"taxonomy":"category","embeddable":true,"href":"https:\/\/www.europesays.com\/es\/wp-json\/wp\/v2\/categories?post=168572"},{"taxonomy":"post_tag","embeddable":true,"href":"https:\/\/www.europesays.com\/es\/wp-json\/wp\/v2\/tags?post=168572"}],"curies":[{"name":"wp","href":"https:\/\/api.w.org\/{rel}","templated":true}]}}