{"id":168578,"date":"2025-10-11T00:42:16","date_gmt":"2025-10-11T00:42:16","guid":{"rendered":"https:\/\/www.europesays.com\/es\/168578\/"},"modified":"2025-10-11T00:42:16","modified_gmt":"2025-10-11T00:42:16","slug":"el-terror-y-la-comedia-son-las-dos-caras-de-la-misma-moneda","status":"publish","type":"post","link":"https:\/\/www.europesays.com\/es\/168578\/","title":{"rendered":"\u00abEl terror y la comedia son las dos caras de la misma moneda\u00bb"},"content":{"rendered":"<p class=\"entradilla\">El escritor y guionista presenta su cuarto libro, \u2018Gritos\u2019, una antolog\u00eda con relatos que exploran el g\u00e9nero desde una mirada que combina miedo y humor negro. &#13;<br \/>\n&#13;\n<\/p>\n<p>El escritor y guionista Javier Chavanel presenta su cuarto libro, Gritos, una antolog\u00eda con relatos escritos ex profeso que \u2014seg\u00fan explica\u2014 exploran el g\u00e9nero desde una mirada que combina miedo y humor negro. Reivindica el cuento como forma mayor, cita a referentes anglosajones y defiende que las historias \u00abno tienen una duraci\u00f3n concreta\u00bb, porque \u00ablo que cuenta es lo que te est\u00e1 pidiendo la historia que bulle en tu cabeza\u00bb.\u00a0<\/p>\n<p><strong>Un regreso al terror en formato breve<\/strong><\/p>\n<p>Chavanel subraya que Gritos \u00abes un libro de terror, s\u00ed, terror puro\u00bb, y que el volumen re\u00fane piezas con \u00abel mismo ADN\u00bb porque han sido concebidas para este t\u00edtulo y no recopiladas a lo largo del tiempo. \u00abContiene bastante humor, humor negro\u00bb, se\u00f1ala, y promete una experiencia intensa: \u00abEst\u00e1 todo reunido ah\u00ed, o sea, todos los horrores inimaginables intentado reunir en ese libro\u00bb.\u00a0<\/p>\n<p><strong>Defensa del relato como forma mayor<\/strong><\/p>\n<p>Frente a la idea de que el relato ser\u00eda \u00abalgo menor\u00bb, sostiene: \u00abNo estoy de acuerdo\u00bb. Para \u00e9l, el cuento exige precisi\u00f3n y pulso: \u00abEl reto es condensar una idea muy clara, una trayectoria, el viaje del protagonista en poco tiempo, ir directo, ser conciso, crear el ambiente necesario\u00bb. Cita a Ray Bradbury, Stephen King y Patricia Highsmith como autores que \u00abse han bregado en el mundo de los relatos\u00bb y recuerda que \u00abStephen King sigue a d\u00eda de hoy publicando libros de relatos\u00bb.\u00a0<\/p>\n<p><strong>Lo que \u00abpide\u00bb cada historia<\/strong><\/p>\n<p>El autor remarca que la elecci\u00f3n entre novela y relato responde a la naturaleza de cada idea: \u00abHay ideas que tienen una duraci\u00f3n, otras son de una novela y el relato me permite contar cosas que no podr\u00eda alcanzar una novela\u00bb. Por eso reivindica que un libro de cuentos no es \u00abun paso atr\u00e1s\u00bb, sino una apuesta \u00abescrita con el coraz\u00f3n\u00bb.\u00a0<\/p>\n<p><strong>Lecturas para conocerse<\/strong><\/p>\n<p>Chavanel comparte adem\u00e1s una idea de su editor: los cuentos permiten \u00abconocer a un autor sin tener que haberte le\u00eddo una novela\u00bb. En Gritos esa \u00abcarta de presentaci\u00f3n\u00bb se concreta en relatos que \u00abtocan la misma m\u00fasica\u00bb, concebidos para que el lector entre y salga de diferentes universos sin perder la coherencia del conjunto.\u00a0<\/p>\n<p><strong>Recomendaci\u00f3n seri\u00e9fila: \u00abLa suerte\u00bb<\/strong><\/p>\n<p>Entre sus recomendaciones, destaca la serie espa\u00f1ola \u00abLa suerte\u00bb, reci\u00e9n estrenada: \u00abHa sido una sorpresa\u00bb. Explica que sigue a un taxista que, por casualidad, acompa\u00f1a a una cuadrilla de toreros, y valora su tratamiento \u00abcon mucho respeto\u00bb hacia posturas antitaurinas y taurinas. \u00abEs una serie que lo que intenta es que exista el di\u00e1logo, no tenemos por qu\u00e9 entender el punto de vista del otro pero s\u00ed respetarlo\u00bb, resume. A\u00f1ade que cada episodio dura 20 minutos, son seis cap\u00edtulos y puede verse en Disney.\u00a0<\/p>\n<p><strong>Provocaci\u00f3n y clasicismo<\/strong><\/p>\n<p>Al hilo de unas pol\u00e9micas declaraciones de Ridley Scott sobre el estado del cine, Chavanel celebra la franqueza del veterano director y se divierte con su iron\u00eda autoreferencial. En su an\u00e1lisis, contrapone la \u00abverdad\u00bb y fisicidad de ciertas pel\u00edculas cl\u00e1sicas de acci\u00f3n a un presente dominado por \u00abtantos efectos especiales\u00bb, y se pregunta c\u00f3mo se rodar\u00edan hoy con \u00ablimitaciones presupuestarias\u00bb que empujan al \u00abcroma y ordenador\u00bb.\u00a0<\/p>\n<p><strong>Paul Greengrass y el pulso de la realidad<\/strong><\/p>\n<p>Chavanel pone como ejemplo Laberinto en llamas, la nueva cinta de Paul Greengrass basada en los incendios de California de 2018: \u00abEs ultra realista\u00bb, afirma, con la mirada puesta en los servicios de emergencia y en un conductor que mantiene la calma \u00aben medio de un infierno\u00bb. Destaca el regreso interpretativo de Matthew McConaughey \u2014\u00abtransmite verdad en cada l\u00ednea, cada mirada\u00bb\u2014 y apunta que puede verse en Apple TV y a trav\u00e9s de Movistar.<\/p>\n","protected":false},"excerpt":{"rendered":"El escritor y guionista presenta su cuarto libro, \u2018Gritos\u2019, una antolog\u00eda con relatos que exploran el g\u00e9nero desde&hellip;\n","protected":false},"author":2,"featured_media":168579,"comment_status":"","ping_status":"","sticky":false,"template":"","format":"standard","meta":{"footnotes":""},"categories":[172],"tags":[224,146,147,25,24,225,23],"class_list":{"0":"post-168578","1":"post","2":"type-post","3":"status-publish","4":"format-standard","5":"has-post-thumbnail","7":"category-libros","8":"tag-books","9":"tag-entertainment","10":"tag-entretenimiento","11":"tag-es","12":"tag-espana","13":"tag-libros","14":"tag-spain"},"share_on_mastodon":{"url":"","error":""},"_links":{"self":[{"href":"https:\/\/www.europesays.com\/es\/wp-json\/wp\/v2\/posts\/168578","targetHints":{"allow":["GET"]}}],"collection":[{"href":"https:\/\/www.europesays.com\/es\/wp-json\/wp\/v2\/posts"}],"about":[{"href":"https:\/\/www.europesays.com\/es\/wp-json\/wp\/v2\/types\/post"}],"author":[{"embeddable":true,"href":"https:\/\/www.europesays.com\/es\/wp-json\/wp\/v2\/users\/2"}],"replies":[{"embeddable":true,"href":"https:\/\/www.europesays.com\/es\/wp-json\/wp\/v2\/comments?post=168578"}],"version-history":[{"count":0,"href":"https:\/\/www.europesays.com\/es\/wp-json\/wp\/v2\/posts\/168578\/revisions"}],"wp:featuredmedia":[{"embeddable":true,"href":"https:\/\/www.europesays.com\/es\/wp-json\/wp\/v2\/media\/168579"}],"wp:attachment":[{"href":"https:\/\/www.europesays.com\/es\/wp-json\/wp\/v2\/media?parent=168578"}],"wp:term":[{"taxonomy":"category","embeddable":true,"href":"https:\/\/www.europesays.com\/es\/wp-json\/wp\/v2\/categories?post=168578"},{"taxonomy":"post_tag","embeddable":true,"href":"https:\/\/www.europesays.com\/es\/wp-json\/wp\/v2\/tags?post=168578"}],"curies":[{"name":"wp","href":"https:\/\/api.w.org\/{rel}","templated":true}]}}