{"id":168590,"date":"2025-10-11T00:51:10","date_gmt":"2025-10-11T00:51:10","guid":{"rendered":"https:\/\/www.europesays.com\/es\/168590\/"},"modified":"2025-10-11T00:51:10","modified_gmt":"2025-10-11T00:51:10","slug":"aterrizaje-de-emergencia-en-manchester-el-avion-solo-tenia-combustible-para-cinco-minutos-mas-de-vuelo-el-mundo","status":"publish","type":"post","link":"https:\/\/www.europesays.com\/es\/168590\/","title":{"rendered":"Aterrizaje de emergencia en Manchester: el avi\u00f3n s\u00f3lo ten\u00eda combustible para cinco minutos m\u00e1s de vuelo &#8211; El Mundo"},"content":{"rendered":"<ol>\n<li><a href=\"https:\/\/news.google.com\/rss\/articles\/CBMifEFVX3lxTE1lN1lWOFZVenBfUS1TWVQ4QU5kVlRtbWZ1bEdxSHdBdmVMeU9RaDNKTGpvZnBtaHRBc2czOWRIWHdKX0FFWVlUS3J0endyWGEwSFVYdUc0emJueEtpQkVVbFU4SWtuOWhRbjZoU0Q5clhWd3NCbFJWVE5MRW3SAXxBVV95cUxQV1hIWG0wZ25NQTd5TG9qT0ZwNXZUcnpsMHY5N191QUVuVGh4MWZaU050aU05MUlTeTBPYzl4cWF6YVBkd08tZkVjSXJXZ3NsVEI0d01yOGR6eHVXdXN1Nm5Id3EyUFJZejhtZkRmVWZIZ1AzTE0ydlFZYmR2?oc=5\" target=\"_blank\" rel=\"nofollow noopener\">Aterrizaje de emergencia en Manchester: el avi\u00f3n s\u00f3lo ten\u00eda combustible para cinco minutos m\u00e1s de vuelo<\/a>&nbsp;&nbsp;El Mundo<\/li>\n<li><a href=\"https:\/\/news.google.com\/rss\/articles\/CBMi_gFBVV95cUxOYUZLdEJmNm5tS1VWalE5cG5jdGl2MTlFbWNFODhSek5Ca01DRmZQSS1PSHFCeGNvdGtTZ292dGRjTkYtS0NkYVVTRVdDajA0a28xMVVSNzd3eS1JM2NkaE4wam9ZNm5rVUdPN2hSOWF2M2lDQUF1X2pzNlRvdXZIUDdnTXJISmI4YUg1T25lZmRjNllIcHdVVmRETGlVOWZ5LWhGMFgybThfOUpIV2lMUG1FdGFYS25rWWJuTzhtck5pbVRJRWlCcUp1VXJnZGtaaEN2QUUyYVNyck5LRUFKcDkwWUk1RF9JZW50WDBZOGJXNXJRVUw1TU5wSmZEQdIBmAJBVV95cUxONDBRd2pDMkVEODZ2VHNENldWMGRkOWJxd2xqamtwb0hJLVpFMVRYd2JiQlhOOXgwOVQ5bE96MmpuWHFTblVUV2lzWU9oQTRLX0Fvd1BUSDBNcnhwbnpwUlE4cnlsUjZsMk54Z2QwQWNWNkhidUU2c2NKWWpSR1BMbVRrWU5neUZaa05tYXRPS2NXNVhFSmdINnJNX3pUYTJwZm9fcVFHcjZ3QzlHS2tXTXFNSGlLZ0lMdWh2QldDS041RVk0NTItNU5LRTNqU2puVTNWZmVUWHpCTHVGOEJXdGstUXZvTU5TRjZrSExYZGpxR29XRlVsU28zd2xSYUgzMzF5UEk3RDFvRjZNcDFKRURBalpYUHBr?oc=5\" target=\"_blank\" rel=\"nofollow noopener\">Un vuelo de Ryanair procedente de Pisa se queda a seis minutos de agotar el combustible: aterrizaje de emergencia en Manchester<\/a>&nbsp;&nbsp;Infobae<\/li>\n<li><a href=\"https:\/\/news.google.com\/rss\/articles\/CBMizgFBVV95cUxOakREMEExRjZlbXU2cWxfRE9seGJPc0hCdUVXX29LOEFYOWZRRVJabWNtOFE4QWc0RDJ2VDRMWktjeTh5Y214ZWRzMGl4anpjeEVITWhYaklYR0dLcmVjRGY5WXFBTGhBTThVaURPTlVSbUJkTXJKbG15dFpmQUNObWZsQjZuMVA4WjloMllFOWNTMWlHOW5XYnY5YW81ODFndmFUbkU0c1pXS3Eyd3NrUTB3SWs2VndFVWpYV0FuSy1zQjBRZHlFWi1MQVRDZw?oc=5\" target=\"_blank\" rel=\"nofollow noopener\">Pasajeros \u2018rezan\u2019 en un vuelo de Ryanair con menos de 6 minutos de combustible: informe<\/a>&nbsp;&nbsp;archivoprisma.com.ar<\/li>\n<li><a href=\"https:\/\/news.google.com\/rss\/articles\/CBMi3AFBVV95cUxQLWozd0l1YU9rUmRKVFZWaWFkM3BVWndtRkQyaGItU1NiTU1LeFlLY1VncVJTQVlLZlRuV201T0ZTeTE1eFdDMm5seHJTSjVIaExDSTloUWZqWlI1c296cWJiWkJrdzFYQXVDRThQdVczMnM5TXV6OVRRQWRHRnNTa3B5THhDQ3FDeHh1VFctTm5jRGtuNUN1WVE4YXVxYkhCS3hwMXZRNzA2RmVvTVotWkU5RlM1WmhocXIxSUg3Mk5JV0xCNlVTSnE5b1Z1VXZ0VlhGMVlsQ0Y1cHNy0gH3AUFVX3lxTFB1NVg0djc0VXVOMlpqWTdwRXNNbEZPRzZueDM0ZHFXbktjT1lFekcxcEhQaE9HWUlabjRWS01qelIwR3hNVTlwWHk0dm5QYV9fRmhnUVI4MFdMR3NHNkE0a0tuVVBUcm4yUmMzQldmNEpWXzdobzZoRm5NWk9rOGxJb1U1el9kN2JaeUhRSGI1ZzV2OGd6X3dZU1oyNWVkNWduUjVCdWc1cllzcXB0VWl4dTJIZnJWemtkMmxvOF84LUFUcmRoUl8zV243dFJYN1hxQmFHMHNZTm9NSnd5bEFEeDFoLUVXMXZYbng1ZDdoZC11TnR4c2M?oc=5\" target=\"_blank\" rel=\"nofollow noopener\">Avi\u00f3n de Ryanair realiza aterrizaje de emergencia tras quedarse a minutos de agotar su combustible<\/a>&nbsp;&nbsp;El Imparcial<\/li>\n<li><a href=\"https:\/\/news.google.com\/rss\/articles\/CBMi4gFBVV95cUxOdnp3SUFlaGdOODlqNzVIRXptRnZNVmdSNFVpaVFYMUFINTduQzQydV9kT0F2OEhOOVJhVGd3ZWpEQ3hqNjQycFhFZDU0a3JQOWVHMVZzTHZHSnFCeHhsVnlXZ3Y4QjN1dEtIYW4yTlhwT3ZhZGVsVzJMZnY3WUU4ZE5mX2FIYzRIV3ZSdllkaHFXV2E3elJFTWdtZ1N4VVpBUWh1TEhLeEdyTTN6VnhhTnVOMDhQZlIyZ1pBTHRrU1hDLUZJUVJuM2I4aGpwMnBRQmUzOTRUWFJRa2I1SzZTQXJR?oc=5\" target=\"_blank\" rel=\"nofollow noopener\">P\u00e1nico en el aire: un vuelo de Ryanair aterriza de emergencia a minutos de quedarse sin combustible<\/a>&nbsp;&nbsp;catalunyapress.es<\/li>\n<\/ol>\n","protected":false},"excerpt":{"rendered":"Aterrizaje de emergencia en Manchester: el avi\u00f3n s\u00f3lo ten\u00eda combustible para cinco minutos m\u00e1s de vuelo&nbsp;&nbsp;El Mundo Un&hellip;\n","protected":false},"author":2,"featured_media":168591,"comment_status":"","ping_status":"","sticky":false,"template":"","format":"standard","meta":{"footnotes":""},"categories":[42],"tags":[17,18,95,13,14,11,61,62,63,64,19,20,9,10,15,16,4478,12,21,22,65,66,67],"class_list":{"0":"post-168590","1":"post","2":"type-post","3":"status-publish","4":"format-standard","5":"has-post-thumbnail","7":"category-internacional","8":"tag-breaking-news","9":"tag-breakingnews","10":"tag-economia","11":"tag-featured-news","12":"tag-featurednews","13":"tag-headlines","14":"tag-internacional","15":"tag-international","16":"tag-international-news","17":"tag-internationalnews","18":"tag-latest-news","19":"tag-latestnews","20":"tag-news","21":"tag-noticias","22":"tag-noticias-destacadas","23":"tag-noticiasdestacadas","24":"tag-ryanair","25":"tag-titulares","26":"tag-ultimas-noticias","27":"tag-ultimasnoticias","28":"tag-world","29":"tag-world-news","30":"tag-worldnews"},"share_on_mastodon":{"url":"","error":""},"_links":{"self":[{"href":"https:\/\/www.europesays.com\/es\/wp-json\/wp\/v2\/posts\/168590","targetHints":{"allow":["GET"]}}],"collection":[{"href":"https:\/\/www.europesays.com\/es\/wp-json\/wp\/v2\/posts"}],"about":[{"href":"https:\/\/www.europesays.com\/es\/wp-json\/wp\/v2\/types\/post"}],"author":[{"embeddable":true,"href":"https:\/\/www.europesays.com\/es\/wp-json\/wp\/v2\/users\/2"}],"replies":[{"embeddable":true,"href":"https:\/\/www.europesays.com\/es\/wp-json\/wp\/v2\/comments?post=168590"}],"version-history":[{"count":0,"href":"https:\/\/www.europesays.com\/es\/wp-json\/wp\/v2\/posts\/168590\/revisions"}],"wp:featuredmedia":[{"embeddable":true,"href":"https:\/\/www.europesays.com\/es\/wp-json\/wp\/v2\/media\/168591"}],"wp:attachment":[{"href":"https:\/\/www.europesays.com\/es\/wp-json\/wp\/v2\/media?parent=168590"}],"wp:term":[{"taxonomy":"category","embeddable":true,"href":"https:\/\/www.europesays.com\/es\/wp-json\/wp\/v2\/categories?post=168590"},{"taxonomy":"post_tag","embeddable":true,"href":"https:\/\/www.europesays.com\/es\/wp-json\/wp\/v2\/tags?post=168590"}],"curies":[{"name":"wp","href":"https:\/\/api.w.org\/{rel}","templated":true}]}}