{"id":168598,"date":"2025-10-11T01:00:27","date_gmt":"2025-10-11T01:00:27","guid":{"rendered":"https:\/\/www.europesays.com\/es\/168598\/"},"modified":"2025-10-11T01:00:27","modified_gmt":"2025-10-11T01:00:27","slug":"el-mensaje-de-colapinto-se-viene","status":"publish","type":"post","link":"https:\/\/www.europesays.com\/es\/168598\/","title":{"rendered":"El mensaje de Colapinto: \u00abSe viene&#8230;\u00bb"},"content":{"rendered":"<p>&#13;<br \/>\n                    &#13;<br \/>\n                        &#13;<br \/>\n&#13;<\/p>\n<p>Tras correr en el Gran Premio de Singapur el pasado fin de semana en la F1 con Alpine, el argentino se prepara para afrontar la gira en Am\u00e9rica por Estados Unidos, M\u00e9xico y Brasil.<\/p>\n<p>&#13;<br \/>\n<img decoding=\"async\" class=\"mainImg r16x9\" width=\"416\" height=\"234\" fetchpriority=\"high\" src=\"https:\/\/www.europesays.com\/es\/wp-content\/uploads\/2025\/10\/1760144421_837_colapinto_416x234.webp.webp\"  alt=\"Colapinto\" title=\"Colapinto\"\/> El posteo de Colapinto en Instagram: \u00abSe viene la mejor parte del a\u00f1o\u00bb (GettyImages).<\/p>\n<p>Luego de finalizar en la <b>16\u00b0 posici\u00f3n del <a onclick=\"ga4SelectContentEvent(&quot;El posteo y mensaje de Franco Colapinto en Instagram: \\&quot;Se viene la mejor parte del a\\u00f1o\\&quot;&quot;, &quot;Automovilismo&quot;, &quot;Nota&quot;);\" href=\"https:\/\/www.tycsports.com\/automovilismo\/f1-horario-y-donde-ver-en-vivo-la-carrera-del-gp-de-singapur-id689725.html\" target=\"_blank\" rel=\"nofollow noopener\">Gran Premio de Singapur<\/a><\/b> con <b>Alpine<\/b>, <b>Franco Colapinto<\/b> se prepara para afrontar la gira por Am\u00e9rica prevista en el calendario de la F1 que comprende a Estados Unidos, con Austin y Las Vegas, M\u00e9xico y Brasil. En ese sentido, subi\u00f3 un posteo a su cuenta oficial de Instagram acompa\u00f1ado de un texto que dice: \u00abSe viene la mejor parte del a\u00f1o\u00bb.<\/p>\n<p>&#13;<\/p>\n<p>        En la foto se puede ver al oriundo de Pilar con una sonrisa en su rostro y sosteniendo un matafuegos, con una mujer detr\u00e1s suyo que pareciera indicarle que lo suelte. Adem\u00e1s, acompa\u00f1\u00f3 la publicaci\u00f3n de una canci\u00f3n de El Payaso Plim Plim, Bomberos al Rescate.<\/p>\n<p>Lo cierto es que no es la primera vez que Colapinto sube una foto con m\u00fasica. El fin de semana pasado, luego del GP de Singapur, <a onclick=\"ga4SelectContentEvent(&quot;El posteo y mensaje de Franco Colapinto en Instagram: \\&quot;Se viene la mejor parte del a\\u00f1o\\&quot;&quot;, &quot;Automovilismo&quot;, &quot;Nota&quot;);\" href=\"https:\/\/www.tycsports.com\/automovilismo\/el-curioso-posteo-de-colapinto-tras-el-gp-de-singapur-con-una-llamativa-cancion-id690663.html\" target=\"_blank\" rel=\"nofollow noopener\">poste\u00f3 una imagen con un texto<\/a>. \u00abOtro d\u00eda dif\u00edcil, dando todo siempre, pero las cosas no salen. A seguir empujando siempre, <b>ya vendr\u00e1 alguna buena<\/b>\u00ab, junto al tema \u00abHistoria de un taxi\u00bb, de <b>Ricardo Arjona<\/b>.<\/p>\n<p>Antes del GP, una respuesta suya se volvi\u00f3 viral en redes. En un video publicado por Alpine, le preguntaron qu\u00e9 canci\u00f3n escuchar\u00eda en loop. El pilarense eligi\u00f3 dos temas: \u201cTu jard\u00edn con enanitos\u201d e \u201cHistoria de un taxi\u201d. La inesperada menci\u00f3n al cantante guatemalteco gener\u00f3 revuelo entre sus seguidores y fue tomada con humor por el contexto: el A525, lejos de ser un b\u00f3lido, <b>fue comparado con el viejo taxi de la canci\u00f3n<\/b>.<\/p>\n<p><img decoding=\"async\" class=\"mainImg\" fetchpriority=\"low\" loading=\"lazy\" src=\"https:\/\/www.europesays.com\/es\/wp-content\/uploads\/2025\/10\/posteo-colapinto_w862.webp.webp\" alt=\"Posteo Colapinto\" title=\"Posteo Colapinto\"\/> El posteo de Colapinto en Instagram: \u00abSe viene la mejor parte del a\u00f1o\u00bb (@francolapinto).F1: los horarios y el cronograma completo del GP de Estados Unidos<br \/>Viernes 17 de octubre<\/p>\n<ul>\n<li><b>Pr\u00e1cticas Libres <\/b>1: 14.30 horas a 15.30 horas<\/li>\n<li><b>Clasificaci\u00f3n Sprint<\/b>: 18.30 horas a 19.15 horas<\/li>\n<\/ul>\n<p>S\u00e1bado 18 de octubre<\/p>\n<ul>\n<li><b>Sprint<\/b>: 14 horas a 14.30 horas<\/li>\n<li><b>Clasificaci\u00f3n<\/b>: 18 horas a 19 horas<\/li>\n<\/ul>\n<p>Domingo 19 de octubre<\/p>\n<p>*Los horarios corresponden al huso horario de Argentina.<\/p>\n<p>&#13;<\/p>\n<p class=\"subs-tag\">&#13;<br \/>\n            &#13;<br \/>\n            &#13;<br \/>\n            &#13;<br \/>\n            &#13;<br \/>\n            &#13;<br \/>\n         No te pierdas nada<\/p>\n<p>        &#13;<br \/>\n            Recib\u00ed las \u00faltimas noticias de F1 \u00a1y m\u00e1s!    &#13;<br \/>\n    &#13;<\/p>\n<p>&#13;<br \/>\n    &#13;<br \/>\n       &#13;<br \/>\n&#13;<br \/>\n        Te puede interesar<a href=\"https:\/\/www.tycsports.com\/automovilismo\/alpine-lidera-el-peor-campeonato-de-la-f1-pero-no-por-colapinto-id691432.html\" onclick=\"ga4SelectContentEvent(&quot;Alpine lidera el peor \\&quot;campeonato\\&quot;, pero no por Colapinto&quot;,&quot;Automovilismo&quot;,&quot;page_nota-comun-2024-blo_4109&quot;,&quot;Juan Manuel Collazo&quot;);\" class=\"cardImageHolder\" rel=\"nofollow noopener\" target=\"_blank\"><img decoding=\"async\" class=\"cardImage r16x9\" width=\"416\" height=\"234\" fetchpriority=\"low\" loading=\"lazy\" src=\"https:\/\/www.europesays.com\/es\/wp-content\/uploads\/2025\/10\/1760135895_829_colapinto_416x234.webp\"  alt=\"Alpine lidera el peor &quot;campeonato&quot;, pero no por Colapinto\" title=\"Alpine lidera el peor &quot;campeonato&quot;, pero no por Colapinto\"\/><\/a><a href=\"https:\/\/www.tycsports.com\/automovilismo\/james-vowles-elogio-franco-colapinto-williams-alpine-sigue-siendo-rapido-formula-1-f1-id691273.html\" onclick=\"ga4SelectContentEvent(&quot;El exjefe de Colapinto volvi\\u00f3 a respaldar al argentino en la F\\u00f3rmula 1: \\&quot;Sigue siendo muy r\\u00e1pido\\&quot;&quot;,&quot;Automovilismo&quot;,&quot;page_nota-comun-2024-blo_4109&quot;,&quot;Mat\\u00edas Besana&quot;);\" class=\"cardImageHolder\" rel=\"nofollow noopener\" target=\"_blank\"><img decoding=\"async\" class=\"cardImage r16x9\" width=\"416\" height=\"234\" fetchpriority=\"low\" loading=\"lazy\" src=\"https:\/\/www.europesays.com\/es\/wp-content\/uploads\/2025\/10\/james-vowles-jefe-del-equipo-williams-de-la-formula-1_416x234.webp\"  alt=\"El exjefe de Colapinto volvi\u00f3 a respaldar al argentino en la F\u00f3rmula 1: &quot;Sigue siendo muy r\u00e1pido&quot;\" title=\"El exjefe de Colapinto volvi\u00f3 a respaldar al argentino en la F\u00f3rmula 1: &quot;Sigue siendo muy r\u00e1pido&quot;\"\/><\/a><a href=\"https:\/\/www.tycsports.com\/automovilismo\/campeon-y-en-llamas-alarma-en-mclaren-por-la-interna-entre-piastri-y-norris-id691247.html\" onclick=\"ga4SelectContentEvent(&quot;Campe\\u00f3n y en llamas: alarma en McLaren por la interna entre Piastri y Norris&quot;,&quot;Automovilismo&quot;,&quot;page_nota-comun-2024-blo_4109&quot;,&quot;Juan Manuel Collazo&quot;);\" class=\"cardImageHolder\" rel=\"nofollow noopener\" target=\"_blank\"><img decoding=\"async\" class=\"cardImage r16x9\" width=\"416\" height=\"234\" fetchpriority=\"low\" loading=\"lazy\" src=\"https:\/\/www.europesays.com\/es\/wp-content\/uploads\/2025\/10\/norris-y-piastri_416x234.webp\"  alt=\"Campe\u00f3n y en llamas: alarma en McLaren por la interna entre Piastri y Norris\" title=\"Campe\u00f3n y en llamas: alarma en McLaren por la interna entre Piastri y Norris\"\/><\/a><a href=\"https:\/\/www.tycsports.com\/automovilismo\/las-simulaciones-y-un-gran-problema-para-los-equipos-de-la-formula-1-de-cara-al-2026-id691236.html\" onclick=\"ga4SelectContentEvent(&quot;El gran problema que afronta la F1 en el desarrollo para 2026&quot;,&quot;Automovilismo&quot;,&quot;page_nota-comun-2024-blo_4109&quot;,&quot;Juan Manuel Collazo&quot;);\" class=\"cardImageHolder\" rel=\"nofollow noopener\" target=\"_blank\"><img decoding=\"async\" class=\"cardImage r16x9\" width=\"416\" height=\"234\" fetchpriority=\"low\" loading=\"lazy\" src=\"https:\/\/www.europesays.com\/es\/wp-content\/uploads\/2025\/10\/alpine-2026_416x234.webp\"  alt=\"El gran problema que afronta la F1 en el desarrollo para 2026\" title=\"El gran problema que afronta la F1 en el desarrollo para 2026\"\/><\/a><a href=\"https:\/\/www.tycsports.com\/automovilismo\/las-razones-por-las-que-colapinto-se-encamina-a-seguir-en-alpine-en-2026-id691173.html\" onclick=\"ga4SelectContentEvent(&quot;Las razones por las que Colapinto se encamina a seguir en Alpine en 2026&quot;,&quot;Automovilismo&quot;,&quot;page_nota-comun-2024-blo_4109&quot;,&quot;Gabriel Cottone&quot;);\" class=\"cardImageHolder\" rel=\"nofollow noopener\" target=\"_blank\"><img decoding=\"async\" class=\"cardImage r16x9\" width=\"416\" height=\"234\" fetchpriority=\"low\" loading=\"lazy\" src=\"https:\/\/www.europesays.com\/es\/wp-content\/uploads\/2025\/10\/1759728910_383_colapinto_416x234.webp\"  alt=\"Las razones por las que Colapinto se encamina a seguir en Alpine en 2026\" title=\"Las razones por las que Colapinto se encamina a seguir en Alpine en 2026\"\/><\/a><a href=\"https:\/\/www.tycsports.com\/al-angulo\/la-historia-del-hombre-que-ideo-a-mclaren-la-tragedia-que-lo-cambio-todo-y-como-hizo-para-dominar-la-f1-id691044.html\" onclick=\"ga4SelectContentEvent(&quot;La historia del hombre que ide\\u00f3 a McLaren, la tragedia que lo cambi\\u00f3 todo y c\\u00f3mo hizo para dominar la F1&quot;,&quot;Al \\u00c1ngulo&quot;,&quot;page_nota-comun-2024-blo_4109&quot;,&quot;Thiago Cammarota&quot;);\" class=\"cardImageHolder\" rel=\"nofollow noopener\" target=\"_blank\"><img decoding=\"async\" class=\"cardImage r16x9\" width=\"416\" height=\"234\" fetchpriority=\"low\" loading=\"lazy\" src=\"https:\/\/www.europesays.com\/es\/wp-content\/uploads\/2025\/10\/mclaren_416x234.webp\"  alt=\"La historia del hombre que ide\u00f3 a McLaren, la tragedia que lo cambi\u00f3 todo y c\u00f3mo hizo para dominar la F1\" title=\"La historia del hombre que ide\u00f3 a McLaren, la tragedia que lo cambi\u00f3 todo y c\u00f3mo hizo para dominar la F1\"\/><\/a>&#13;<br \/>\n&#13;<br \/>\n    &#13;<br \/>\n&#13;<br \/>\n&#13;<br \/>\n                  &#13;<\/p>\n","protected":false},"excerpt":{"rendered":"&#13; &#13; &#13; &#13; Tras correr en el Gran Premio de Singapur el pasado fin de semana en&hellip;\n","protected":false},"author":2,"featured_media":168599,"comment_status":"","ping_status":"","sticky":false,"template":"","format":"standard","meta":{"footnotes":""},"categories":[270],"tags":[168,25,24,306,271,272,23,167],"class_list":{"0":"post-168598","1":"post","2":"type-post","3":"status-publish","4":"format-standard","5":"has-post-thumbnail","7":"category-formula-1","8":"tag-deportes","9":"tag-es","10":"tag-espana","11":"tag-f1","12":"tag-formula-1","13":"tag-formula1","14":"tag-spain","15":"tag-sports"},"share_on_mastodon":{"url":"","error":""},"_links":{"self":[{"href":"https:\/\/www.europesays.com\/es\/wp-json\/wp\/v2\/posts\/168598","targetHints":{"allow":["GET"]}}],"collection":[{"href":"https:\/\/www.europesays.com\/es\/wp-json\/wp\/v2\/posts"}],"about":[{"href":"https:\/\/www.europesays.com\/es\/wp-json\/wp\/v2\/types\/post"}],"author":[{"embeddable":true,"href":"https:\/\/www.europesays.com\/es\/wp-json\/wp\/v2\/users\/2"}],"replies":[{"embeddable":true,"href":"https:\/\/www.europesays.com\/es\/wp-json\/wp\/v2\/comments?post=168598"}],"version-history":[{"count":0,"href":"https:\/\/www.europesays.com\/es\/wp-json\/wp\/v2\/posts\/168598\/revisions"}],"wp:featuredmedia":[{"embeddable":true,"href":"https:\/\/www.europesays.com\/es\/wp-json\/wp\/v2\/media\/168599"}],"wp:attachment":[{"href":"https:\/\/www.europesays.com\/es\/wp-json\/wp\/v2\/media?parent=168598"}],"wp:term":[{"taxonomy":"category","embeddable":true,"href":"https:\/\/www.europesays.com\/es\/wp-json\/wp\/v2\/categories?post=168598"},{"taxonomy":"post_tag","embeddable":true,"href":"https:\/\/www.europesays.com\/es\/wp-json\/wp\/v2\/tags?post=168598"}],"curies":[{"name":"wp","href":"https:\/\/api.w.org\/{rel}","templated":true}]}}