{"id":168600,"date":"2025-10-11T01:01:10","date_gmt":"2025-10-11T01:01:10","guid":{"rendered":"https:\/\/www.europesays.com\/es\/168600\/"},"modified":"2025-10-11T01:01:10","modified_gmt":"2025-10-11T01:01:10","slug":"el-siroko-gijon-debuta-en-casa-contra-el-aceites-abril-adba","status":"publish","type":"post","link":"https:\/\/www.europesays.com\/es\/168600\/","title":{"rendered":"el Siroko Gij\u00f3n debuta en casa contra el Aceites Abril ADBA"},"content":{"rendered":"<p class=\"ft-text\">Con apenas unas horas de vuelo, el Siroko Gij\u00f3n Basketball se convierte este s\u00e1bado en anfitri\u00f3n del <strong>primer derbi femenino asturiano de baloncesto en muchos a\u00f1os<\/strong>. El Palacio de los Deportes de Gij\u00f3n, a partir de las 17 horas, acoge el encuentro de la segunda jornada de Liga Femenina 2 entre el Siroko y el Aceites Abril ADBA Sanfer.<\/p>\n<p class=\"ft-text\">La cita llega un poco pronto para unas y otras, m\u00e1s si cabe despu\u00e9s del<strong> enfrentamiento que tuvieron hace un par de semanas en el Quirinal en la Copa Asturias<\/strong> (gan\u00f3 el ADBA 75-64), pero ambas formaciones est\u00e1n decididas a convertir el partido en una fiesta y en una reivindicaci\u00f3n. \u00abMe hubiera gustado jugarlo un poco m\u00e1s adelante, con el equipo m\u00e1s consolidado, pero es lo que toca\u00bb, apunta Mar\u00eda Rodr\u00edguez, presidenta del Siroko. \u00abA diferencia de lo que piensa otra gente, yo creo que el hecho de que haya otro equipo es algo positivo para Asturias. Es nuestro rival y todos queremos ganar, pero sobre todo vamos a disfrutar de una tarde de baloncesto\u00bb, incide Carlos Gal\u00e1n, entrenador del ADBA.<\/p>\n<p class=\"ft-text\">El partido tiene m\u00e1s historia para el Siroko Gij\u00f3n Basketball, <strong>un club nuevo que afronta el primer partido de su historia en casa<\/strong>. Su idea es jugar en el Palacio de Deportes de Gij\u00f3n los s\u00e1bados a las 20 horas, pero la coincidencia con el C\u00edrculo les ha empujado a adelantar el choque.<\/p>\n<p>Una pasi\u00f3n <\/p>\n<p class=\"ft-text\">\u00abLa idea surge por la pasi\u00f3n por este deporte tanto de mi marido como yo, ambos jugamos al baloncesto desde peque\u00f1os. Ten\u00edamos ganas de que Gij\u00f3n tuviese un equipo femenino en una categor\u00eda nacional\u00bb, explica Mar\u00eda Rodr\u00edguez.<\/p>\n<p class=\"ft-text\">El trabajo se acumula para un club que empieza, sin base detr\u00e1s. <strong>Apenas tuvo unas semanas para configurar una plantilla para la Liga Femenina 2<\/strong>, con jugadoras de fuera por la falta de tiempo para asentar una base. De cara al futuro, el club ha alcanzado un <strong>acuerdo con el Grupo Covadonga<\/strong> para que el Siroko sea la v\u00eda natural de progresi\u00f3n para las cadetes y juveniles grupistas. De momento, ya hay una joven grupista en Liga Femenina 2, Luc\u00eda Mera.<\/p>\n<p class=\"ft-text\">El objetivo del Siroko, dadas las circunstancias, no puede ser otro que salvar la categor\u00eda y ganar tiempo para solidificar el proyecto. \u00abEn general estoy bastante contento con el equipo que hemos hecho. <strong>La idea es asentarse<\/strong>, una vez que lleguemos a las diez u once victorias igual podemos mirar m\u00e1s arriba\u00bb. El debut en la pista del UE Matar\u00f3 arroj\u00f3 un resultado peor que las sensaciones en pista (65-48): \u00abEn el segundo cuarto fuimos capaces de engancharnos, estuvimos 25 minutos en 4-6 puntos, pero al fina llegamos justas de piernas y un poco frustradas porque no sal\u00edan las cosas\u00bb, incide Carlos Fern\u00e1ndez, el entrenador.<\/p>\n<p>Ilusi\u00f3n en el ADBA<\/p>\n<p class=\"ft-text\">Para su tocayo y colega en el banquillo del ADBA Carlos Gal\u00e1n, la temporada es de ilusi\u00f3n pese al relevo de buena parte de la plantilla: \u00abPor diferentes circunstancias\u00a0\u00a0no hemos podido mantener el bloque, pero no porque no quisi\u00e9ramos. Volvemos a tener el mismo n\u00famero de jugadoras de la casa, pero son una oleada nueva y necesitan tiempo. Tenemos sensaciones muy positivas\u00bb. Ayudar\u00e1 el papel de dos jugadoras que fueron determinantes en el primer triunfo ante el Manresa (74-56), Emilie Larsen y Taylor Janssen, aunque \u00ablos n\u00fameros ir\u00e1n cambiando\u00bb. Sobre el derbi, Gal\u00e1n apunta que \u00abes un refuerzo para el baloncesto asturiano ver a entrenadores asturianos en los banquillos, implicados. Es una pena que no haya m\u00e1s jugadoras, pero los proyectos necesitan tiempo\u00bb.<\/p>\n<p><img decoding=\"async\" src=\"https:\/\/www.europesays.com\/es\/wp-content\/uploads\/2025\/10\/9305ce78-7fb4-4c40-90ea-fc02fa123ab2_alta-libre-aspect-ratio_default_0_x1234y930.jpg\" width=\"1200\" height=\"800\" alt=\"Plantilla del Aceites Abril ADBA: de pie, por la izquierda, Gabi Fuentes, Carmen Mart\u00ednez, Esther Sevilla, Taylor Hanssen, Lorena Lorenzo, Noemi Ogochukwu y Emilie Gudmand; abajo, Sof\u00eda Ramos, Carlota Azqueta, Sara Fraile, Marina S\u00e1nchez, L\u00faa P\u00e9rez y Helena Prats.\" class=\"ft-helper-img-rd\" loading=\"lazy\" hasdataaida=\"true\"\/><\/p>\n<p class=\"ft-helper-fontColor-quaternary ft-helper-fontSize-body-S ft-helper-spacer-t-xxs\">Plantilla del Aceites Abril ADBA: de pie, por la izquierda, Gabi Fuentes, Carmen Mart\u00ednez, Esther Sevilla, Taylor Hanssen, Lorena Lorenzo, Noemi Ogochukwu y Emilie Gudmand; abajo, Sof\u00eda Ramos, Carlota Azqueta, Sara Fraile, Marina S\u00e1nchez, L\u00faa P\u00e9rez y Helena Prats.  \/ Miki L\u00f3pez<\/p>\n","protected":false},"excerpt":{"rendered":"Con apenas unas horas de vuelo, el Siroko Gij\u00f3n Basketball se convierte este s\u00e1bado en anfitri\u00f3n del primer&hellip;\n","protected":false},"author":2,"featured_media":168601,"comment_status":"","ping_status":"","sticky":false,"template":"","format":"standard","meta":{"footnotes":""},"categories":[269],"tags":[12232,299,298,1798,168,18298,25,24,1903,49234,23,167],"class_list":{"0":"post-168600","1":"post","2":"type-post","3":"status-publish","4":"format-standard","5":"has-post-thumbnail","7":"category-baloncesto","8":"tag-asturiano","9":"tag-baloncesto","10":"tag-basketball","11":"tag-club","12":"tag-deportes","13":"tag-derbi","14":"tag-es","15":"tag-espana","16":"tag-historico","17":"tag-siroko","18":"tag-spain","19":"tag-sports"},"share_on_mastodon":{"url":"","error":""},"_links":{"self":[{"href":"https:\/\/www.europesays.com\/es\/wp-json\/wp\/v2\/posts\/168600","targetHints":{"allow":["GET"]}}],"collection":[{"href":"https:\/\/www.europesays.com\/es\/wp-json\/wp\/v2\/posts"}],"about":[{"href":"https:\/\/www.europesays.com\/es\/wp-json\/wp\/v2\/types\/post"}],"author":[{"embeddable":true,"href":"https:\/\/www.europesays.com\/es\/wp-json\/wp\/v2\/users\/2"}],"replies":[{"embeddable":true,"href":"https:\/\/www.europesays.com\/es\/wp-json\/wp\/v2\/comments?post=168600"}],"version-history":[{"count":0,"href":"https:\/\/www.europesays.com\/es\/wp-json\/wp\/v2\/posts\/168600\/revisions"}],"wp:featuredmedia":[{"embeddable":true,"href":"https:\/\/www.europesays.com\/es\/wp-json\/wp\/v2\/media\/168601"}],"wp:attachment":[{"href":"https:\/\/www.europesays.com\/es\/wp-json\/wp\/v2\/media?parent=168600"}],"wp:term":[{"taxonomy":"category","embeddable":true,"href":"https:\/\/www.europesays.com\/es\/wp-json\/wp\/v2\/categories?post=168600"},{"taxonomy":"post_tag","embeddable":true,"href":"https:\/\/www.europesays.com\/es\/wp-json\/wp\/v2\/tags?post=168600"}],"curies":[{"name":"wp","href":"https:\/\/api.w.org\/{rel}","templated":true}]}}