{"id":16861,"date":"2025-07-31T18:05:08","date_gmt":"2025-07-31T18:05:08","guid":{"rendered":"https:\/\/www.europesays.com\/es\/16861\/"},"modified":"2025-07-31T18:05:08","modified_gmt":"2025-07-31T18:05:08","slug":"no-me-parece-nada-bien","status":"publish","type":"post","link":"https:\/\/www.europesays.com\/es\/16861\/","title":{"rendered":"No me parece nada bien"},"content":{"rendered":"<p class=\"article-text\">\n        Esta ma\u00f1ana de jueves, 31 de julio, <strong>Nacho Abad <\/strong>agradec\u00eda a los espectadores de<strong> En boca de todos<\/strong> haberse dado cuenta de un insulto a <strong>Pedro S\u00e1nchez<\/strong>, que \u00e9l no hab\u00eda captado, para poder condenarlo en directo.\n    <\/p>\n<p>    <a href=\"https:\/\/www.eldiario.es\/noticias\/jorge-javier-duda-consecuencias-fichaje-noelia-nunez-boca-dificil-escapatoria_1_12504037.html\" data-mrf-recirculation=\"saber-mas\" data-dl-event=\"saber-mas\" rel=\"nofollow noopener\" target=\"_blank\"><\/p>\n<p class=\"know-more__title\">Jorge Javier duda de las consecuencias del fichaje de Noelia N\u00fa\u00f1ez por &#8216;En boca de todos&#8217;: \u00abTiene dif\u00edcil escapatoria\u00bb<\/p>\n<p>            <img decoding=\"async\" class=\"lazy\" loading=\"lazy\" data-src=\"https:\/\/static.eldiario.es\/clip\/bb364183-4cc7-41d1-b4b9-736c55b2b17c_16-9-aspect-ratio_default_0.jpg\" src=\"data:image\/svg+xml,%3Csvg xmlns=\" http:=\"\" viewbox=\"0 0 880 495\" alt=\"Jorge Javier duda de las consecuencias del fichaje de Noelia N\u00fa\u00f1ez por 'En boca de todos': &quot;Tiene dif\u00edcil escapatoria&quot;\"\/><\/p>\n<p>                        <\/a><\/p>\n<p class=\"article-text\">\n        Ocurr\u00eda durante la entrevista del programa de <strong>Cuatro <\/strong>a <strong>Donato Conde<\/strong>, el propietario de una corporaci\u00f3n especializada en retirar y restaurar barcos abandonados en puertos. El empresario conectaba con Abad por videollamada desde su despacho para denunciar que unos okupas hab\u00edan destrozado una de las embarcaciones.\n    <\/p>\n<p class=\"article-text\">\n        Durante los minutos que dur\u00f3 la charla, las redes sociales detectaron algo que comunicaron r\u00e1pidamente al programa: <strong>en la pizarra de detr\u00e1s del entrevistado hab\u00eda escrito un insulto a Pedro S\u00e1nchez. <\/strong>\n    <\/p>\n<blockquote class=\"twitter-tweet\" data-lang=\"es\"><p><a href=\"https:\/\/twitter.com\/X\/status\/1950841868465713265?ref_src=twsrc%5Etfw\" rel=\"nofollow noopener\" target=\"_blank\"><\/p><\/blockquote>\n<blockquote class=\"twitter-tweet\" data-lang=\"es\"><p><a href=\"https:\/\/twitter.com\/X\/status\/1950841566735778130?ref_src=twsrc%5Etfw\" rel=\"nofollow noopener\" target=\"_blank\"><\/p><\/blockquote>\n<p class=\"article-text\">\n        Pasados unos minutos de la entrevista, y tras haber cambiado de tema en el programa, Abad tomaba la palabra para disculparse por lo ocurrido: \u201cGracias a las redes sociales hemos descubierto algo que ha sucedido durante el programa, En boca de todos, de lo que <strong>yo sinceramente ni me hab\u00eda dado cuenta<\/strong>. Tienen ustedes una vista que yo no tengo, a veces\u201d.\n    <\/p>\n<p class=\"article-text\">\n        Y continu\u00f3: \u201cNo lo queremos pasar por alto. Durante esta videollamada de este invitado, Donato, se han dado cuenta de que detr\u00e1s hab\u00eda una pizarra con un mensaje contra Pedro S\u00e1nchez, acompa\u00f1ado de un <strong>insulto con las siglas que est\u00e1n viendo. Pone S\u00e1nchez HDP y corrupto\u201d. <\/strong>\n    <\/p>\n<p class=\"article-text\">\n        Para acabar condenando lo ocurrido: \u201cCondenamos, obviamente, la utilizaci\u00f3n de nuestro programa para mandar un mensaje encubierto del que no me he dado cuenta. <strong>Yo estaba hablando de un barco y no sab\u00eda que estaban utilizando esto para insultar a S\u00e1nchez\u201d. <\/strong>\n    <\/p>\n<p>    <a href=\"https:\/\/www.eldiario.es\/vertele\/noticias\/supervivientes-all-stars-resuelve-dudas-laura-madrueno-da-clave-nueva-edicion-telecinco_1_12505120.html\" data-mrf-recirculation=\"saber-mas-abajo\" data-dl-event=\"saber-mas-abajo\" rel=\"nofollow noopener\" target=\"_blank\"><\/p>\n<p class=\"know-more__title\">&#8216;Supervivientes All Stars&#8217; resuelve las dudas con Laura Madrue\u00f1o y da una clave de su nueva edici\u00f3n en Telecinco<\/p>\n<p>            <img decoding=\"async\" class=\"lazy\" loading=\"lazy\" data-src=\"https:\/\/static.eldiario.es\/clip\/b3a09c65-abc9-4bf4-ba28-7196d111696d_16-9-aspect-ratio_default_0.jpg\" src=\"data:image\/svg+xml,%3Csvg xmlns=\" http:=\"\" viewbox=\"0 0 880 495\" alt=\"'Supervivientes All Stars' resuelve las dudas con Laura Madrue\u00f1o y da una clave de su nueva edici\u00f3n en Telecinco\"\/><\/p>\n<p>                        <\/a><\/p>\n<blockquote class=\"twitter-tweet\" data-lang=\"es\"><p><a href=\"https:\/\/twitter.com\/X\/status\/1950858195276022226?ref_src=twsrc%5Etfw\" rel=\"nofollow noopener\" target=\"_blank\"><\/p><\/blockquote>\n<p class=\"article-text\">\n        Abad zanjaba reiter\u00e1ndose: \u201cLo condenamos y les damos gracias a ustedes que nos ven por alentarnos a condenarlo. <strong>Yo lo condeno porque no me parece nada bien\u201d. <\/strong>\n    <\/p>\n<p>                                <script async src=\"https:\/\/platform.twitter.com\/widgets.js\" charset=\"utf-8\"><\/script><\/p>\n","protected":false},"excerpt":{"rendered":"Esta ma\u00f1ana de jueves, 31 de julio, Nacho Abad agradec\u00eda a los espectadores de En boca de todos&hellip;\n","protected":false},"author":2,"featured_media":16862,"comment_status":"","ping_status":"","sticky":false,"template":"","format":"standard","meta":{"footnotes":""},"categories":[91],"tags":[8974,8601,793,10899,146,147,25,24,10806,10783,3300,689,3088,1822,199,23],"class_list":{"0":"post-16861","1":"post","2":"type-post","3":"status-publish","4":"format-standard","5":"has-post-thumbnail","7":"category-entretenimiento","8":"tag-abad","9":"tag-boca","10":"tag-condena","11":"tag-encubierto","12":"tag-entertainment","13":"tag-entretenimiento","14":"tag-es","15":"tag-espana","16":"tag-insulto","17":"tag-invitado","18":"tag-nacho","19":"tag-no","20":"tag-parece","21":"tag-pedro","22":"tag-sanchez","23":"tag-spain"},"share_on_mastodon":{"url":"","error":""},"_links":{"self":[{"href":"https:\/\/www.europesays.com\/es\/wp-json\/wp\/v2\/posts\/16861","targetHints":{"allow":["GET"]}}],"collection":[{"href":"https:\/\/www.europesays.com\/es\/wp-json\/wp\/v2\/posts"}],"about":[{"href":"https:\/\/www.europesays.com\/es\/wp-json\/wp\/v2\/types\/post"}],"author":[{"embeddable":true,"href":"https:\/\/www.europesays.com\/es\/wp-json\/wp\/v2\/users\/2"}],"replies":[{"embeddable":true,"href":"https:\/\/www.europesays.com\/es\/wp-json\/wp\/v2\/comments?post=16861"}],"version-history":[{"count":0,"href":"https:\/\/www.europesays.com\/es\/wp-json\/wp\/v2\/posts\/16861\/revisions"}],"wp:featuredmedia":[{"embeddable":true,"href":"https:\/\/www.europesays.com\/es\/wp-json\/wp\/v2\/media\/16862"}],"wp:attachment":[{"href":"https:\/\/www.europesays.com\/es\/wp-json\/wp\/v2\/media?parent=16861"}],"wp:term":[{"taxonomy":"category","embeddable":true,"href":"https:\/\/www.europesays.com\/es\/wp-json\/wp\/v2\/categories?post=16861"},{"taxonomy":"post_tag","embeddable":true,"href":"https:\/\/www.europesays.com\/es\/wp-json\/wp\/v2\/tags?post=16861"}],"curies":[{"name":"wp","href":"https:\/\/api.w.org\/{rel}","templated":true}]}}