{"id":168610,"date":"2025-10-11T01:11:08","date_gmt":"2025-10-11T01:11:08","guid":{"rendered":"https:\/\/www.europesays.com\/es\/168610\/"},"modified":"2025-10-11T01:11:08","modified_gmt":"2025-10-11T01:11:08","slug":"esto-es-por-todo-lo-que-nos-ha-costado-nuestros-lloros","status":"publish","type":"post","link":"https:\/\/www.europesays.com\/es\/168610\/","title":{"rendered":"Esto es por todo lo que nos ha costado, nuestros lloros"},"content":{"rendered":"<p class=\"paragraph\">Ya doctorado por Sebasti\u00e1n Castella, antes de tomar la muleta y dar muerte al toro de su alternativa, Pajarraco, de N\u00fa\u00f1ez del Cuvillo, <b>Cristiano Torres invit\u00f3 a ingresar en el ruedo a su padre, el exmatador Ricardo Torres<\/b>. Los dos tomaron asiento en el estribo, iniciando un di\u00e1logo repleto de l\u00e1grimas. Llorando se nace y llorando se muere. Y llorando, tambi\u00e9n, se triunfa, como este viernes hizo el matador zaragozano. Una vez cortadas las dos orejas, Ricardo Torres, entre toro y toro, confes\u00f3 el llanto entre padre e hijo. \u00abCristiano me ha dicho si\u00e9ntate aqu\u00ed. <b>Esto es para ti y para m\u00ed. Esto es por todo lo que nos ha costado, por nuestros esfuerzos, por nuestras alegr\u00edas, por nuestros lloros<\/b>\u00ab, se\u00f1al\u00f3 Ricardo Torres, visiblemente emocionado en el burladero. \u00abDios, que est\u00e1 all\u00e1 arriba, nos va a dar nuestra recompensa. Y despu\u00e9s, nos hemos echado a llorar\u00bb, concluy\u00f3 Ricardo Torres. <b>Las mismas l\u00e1grimas derramadas que cuando Ricardo se cort\u00f3 la coleta&#8230; a manos de Cristiano<\/b>. Despu\u00e9s llegaron dos orejas y una puerta grande que va a poner a caminar a este matador que llega dispuesto a todo. Y<b> todo consigui\u00f3 en su gran tarde de alternativa<\/b>.<\/p>\n","protected":false},"excerpt":{"rendered":"Ya doctorado por Sebasti\u00e1n Castella, antes de tomar la muleta y dar muerte al toro de su alternativa,&hellip;\n","protected":false},"author":2,"featured_media":168611,"comment_status":"","ping_status":"","sticky":false,"template":"","format":"standard","meta":{"footnotes":""},"categories":[91],"tags":[49236,14386,24983,146,147,25,24,49237,23,4655],"class_list":{"0":"post-168610","1":"post","2":"type-post","3":"status-publish","4":"format-standard","5":"has-post-thumbnail","7":"category-entretenimiento","8":"tag-costado","9":"tag-cristiano","10":"tag-dialogo","11":"tag-entertainment","12":"tag-entretenimiento","13":"tag-es","14":"tag-espana","15":"tag-lloros","16":"tag-spain","17":"tag-torres"},"share_on_mastodon":{"url":"","error":""},"_links":{"self":[{"href":"https:\/\/www.europesays.com\/es\/wp-json\/wp\/v2\/posts\/168610","targetHints":{"allow":["GET"]}}],"collection":[{"href":"https:\/\/www.europesays.com\/es\/wp-json\/wp\/v2\/posts"}],"about":[{"href":"https:\/\/www.europesays.com\/es\/wp-json\/wp\/v2\/types\/post"}],"author":[{"embeddable":true,"href":"https:\/\/www.europesays.com\/es\/wp-json\/wp\/v2\/users\/2"}],"replies":[{"embeddable":true,"href":"https:\/\/www.europesays.com\/es\/wp-json\/wp\/v2\/comments?post=168610"}],"version-history":[{"count":0,"href":"https:\/\/www.europesays.com\/es\/wp-json\/wp\/v2\/posts\/168610\/revisions"}],"wp:featuredmedia":[{"embeddable":true,"href":"https:\/\/www.europesays.com\/es\/wp-json\/wp\/v2\/media\/168611"}],"wp:attachment":[{"href":"https:\/\/www.europesays.com\/es\/wp-json\/wp\/v2\/media?parent=168610"}],"wp:term":[{"taxonomy":"category","embeddable":true,"href":"https:\/\/www.europesays.com\/es\/wp-json\/wp\/v2\/categories?post=168610"},{"taxonomy":"post_tag","embeddable":true,"href":"https:\/\/www.europesays.com\/es\/wp-json\/wp\/v2\/tags?post=168610"}],"curies":[{"name":"wp","href":"https:\/\/api.w.org\/{rel}","templated":true}]}}