{"id":168616,"date":"2025-10-11T01:16:08","date_gmt":"2025-10-11T01:16:08","guid":{"rendered":"https:\/\/www.europesays.com\/es\/168616\/"},"modified":"2025-10-11T01:16:08","modified_gmt":"2025-10-11T01:16:08","slug":"macron-encarga-de-nuevo-al-dimisionario-lecornu-formar-un-gobierno-para-zanjar-la-crisis-nacional-francesa","status":"publish","type":"post","link":"https:\/\/www.europesays.com\/es\/168616\/","title":{"rendered":"Macron encarga de nuevo al dimisionario Lecornu formar un Gobierno para zanjar la crisis nacional francesa"},"content":{"rendered":"<p style=\"\"><a href=\"https:\/\/www.abc.es\/internacional\/macron-intenta-negociar-posible-gobierno-extrema-derecha-20251010125856-nt.html\" target=\"_self\" data-voc-vtm-id=\"in-text-traffic\" title=\"Emmanuel Macron\" data-mrf-link=\"www.abc.es\" rel=\"nofollow noopener\">Emmanuel Macron<\/a> ha encargado de nuevo al dimisionario S\u00e9bastien Lecornu formar un Gobierno para zanjar la crisis nacional francesa.<\/p>\n<p style=\"\">Este mismo viernes, el presidente de la Rep\u00fablica present\u00f3 a los l\u00edderes socialistas, comunistas, ecologistas, centristas y conservadores, su proyecto personal para el pa\u00eds, con  &#8230; la esperanza de poder nombrar un primer ministro de \u00abconsenso\u00bb que deber\u00e1 afrontar, sin embargo, las cr\u00edticas generalizadas y las amenazas de censura de la extrema derecha y la extrema izquierda. Tras estas reuniones, Macron ha encargado otra vez a Lecornu, que present\u00f3 su dimisi\u00f3n -no aceptada por el presidente- el pasado lunes, que forme un nuevo Gobierno.<\/p>\n<p class=\"voc-p\" style=\"\">Macron present\u00f3 sus ideas al resto de partidos pol\u00edticos, pero escuch\u00f3 poco o nada las reservas de las izquierdas. Se trata, sin embargo, de una iniciativa sin precedentes en la historia de la V Rep\u00fablica, esperando poder evitar la convocatoria de elecciones anticipadas, legislativas y presidenciales, como reclaman <strong>Marine Le Pen<\/strong>, fundadora del primer partido de Francia, Agrupaci\u00f3n Nacional (AN, extrema derecha), y <strong>Jean-Luc M\u00e9lenchon,<\/strong> presidente del segundo partido nacional, La Francia Insumisa (LFI, extrema izquierda).<\/p>\n<p class=\"voc-p\" style=\"\">Ese intento de \u00abacuerdo de no censura\u00bb est\u00e1 muy lejos de ser un \u00abacuerdo de gobierno\u00bb. Las izquierdas lo critican con dureza. El centro calla. La derecha tradicional espera una \u00abevoluci\u00f3n\u00bb que le sea favorable.<\/p>\n<p class=\"voc-p\" style=\"\"><strong>Marine Tordelier<\/strong>, portavoz de<a href=\"https:\/\/www.abc.es\/internacional\/crisis-politica-francia-refuerza-partido-pen-primera-20251008181536-nt.html\" target=\"_self\" data-voc-vtm-id=\"in-text-traffic\" title=\" los ecologistas franceses\" data-mrf-link=\"www.abc.es\" rel=\"nofollow noopener\"> los ecologistas franceses<\/a>, hizo un balance muy negativo del encuentro con Macron: \u00abEl presidente no ha dado respuesta a ninguna de nuestras exigencias. Estoy muy inquieta. Parece ser que el presidente nombrar\u00e1 un jefe de gobierno que no ser\u00e1 de izquierdas. Con lo cual, no est\u00e1 claro qu\u00e9 podemos hacer juntos. Macron se obstina en defender una estabilidad que no existe. Temo que todo eso acabe mal, con la disoluci\u00f3n de la Asamblea Nacional y la convocatoria de elecciones anticipadas\u00bb.<\/p>\n<p class=\"voc-p\" style=\"\"><strong>Fabien Roussel,<\/strong> l\u00edder comunista, coment\u00f3 de este modo la reuni\u00f3n de trabajo en el El\u00edseo: \u00abNosotros aceptamos entrevistarnos con Macron para hacerle llegar nuestra posici\u00f3n: consideramos imprescindible cambiar de pol\u00edtica\u2026 A mi modo de ver, el presidente no nos ha clarificado nada, por decirlo amablemente. El presidente prefiere intentar un nuevo gobierno, antes convocar elecciones anticipadas, tras la disoluci\u00f3n que puede ser inevitable\u00bb.<\/p>\n<p>\nReacciones de los grupos\n<\/p>\n<p class=\"voc-p\" style=\"\">Olivier Faure, l\u00edder socialista, hizo esta declaraci\u00f3n tras la reuni\u00f3n en el El\u00edseo: \u00abNosotros consideramos imprescindible el nombramiento de un primer ministro de izquierdas. Parece que Macron no comparte nuestra opini\u00f3n. Hemos puesto nuestras condiciones sobre el futuro de Francia y sus problemas. No hemos recibido respuestas. Ninguna respuesta. De ah\u00ed nuestra inquietud. Hemos participado en un intento de no agresi\u00f3n. Pero no tenemos respuestas de fondo. De ah\u00ed nuestra incertidumbre. Y nuestras dudas\u00bb.<\/p>\n<p class=\"voc-p\" style=\"\">El \u00abacuerdo de no censura\u00bb entre Macron y las izquierdas est\u00e1 muy lejos de asegurar la estabilidad esperada del futuro gobierno que pudiera formar el nuevo jefe de gobierno, nombrado la noche del viernes o la ma\u00f1ana del s\u00e1bado.<\/p>\n<p class=\"voc-p\" style=\"\">Las personalidades centristas y conservadoras que participaron en la reuni\u00f3n del El\u00edseo prefirieron guardar silencio, sin hacer comentarios, esperando \u00abbeneficiarse\u00bb de la formaci\u00f3n de un posible gobierno amenazado antes de conocerse.<\/p>\n<p class=\"voc-p\" style=\"\"><strong>Jean-Luc M\u00e9lenchon,<\/strong> l\u00edder de LFI, reacciona con su tradicional franqueza brutal contra las maniobras del presidente de la Rep\u00fablica: \u00abLa elecci\u00f3n presidencial anticipada, la salida de Macron del El\u00edseo, es la \u00fanica salida sensata del caos absurdo en el que nos ha hundido el macronismo\u00bb.<\/p>\n<p class=\"voc-p\" style=\"\">Marine Le Pen, fundadora de Agrupaci\u00f3n Nacional (AN, extrema derecha), primer partido de Francia, repiti\u00f3 su tesis bien conocida: \u00abMacron es el culpable del caos pol\u00edtico nacional. Debe marcharse. Los franceses esperan la disoluci\u00f3n de la Asamblea Nacional y la convocatoria de elecciones para poder formar un gobierno que afronte los problemas que afectan a los franceses m\u00e1s modestos\u00bb.<\/p>\n<p class=\"voc-p\" style=\"\">Alain Duhamel, analista pol\u00edtico de referencia, resume la situaci\u00f3n francesa de esta manera: \u00abEstamos viviendo la peor crisis pol\u00edtica de la historia del R\u00e9gimen, la V Rep\u00fablica, fundada por Charles de Gaulle, entre 1958 y 1962. Y puede agravarse y convertirse en una crimen del R\u00e9gimen\u00bb.<\/p>\n","protected":false},"excerpt":{"rendered":"Emmanuel Macron ha encargado de nuevo al dimisionario S\u00e9bastien Lecornu formar un Gobierno para zanjar la crisis nacional&hellip;\n","protected":false},"author":2,"featured_media":168617,"comment_status":"","ping_status":"","sticky":false,"template":"","format":"standard","meta":{"footnotes":""},"categories":[5],"tags":[49238,17,18,49239,4170,25,24,13,14,11,19,20,11812,24564,9,10,15,16,6758,1965,23,12,575,21,22],"class_list":{"0":"post-168616","1":"post","2":"type-post","3":"status-publish","4":"format-standard","5":"has-post-thumbnail","7":"category-titulares","8":"tag-aclarar","9":"tag-breaking-news","10":"tag-breakingnews","11":"tag-consultar","12":"tag-crisis","13":"tag-es","14":"tag-espana","15":"tag-featured-news","16":"tag-featurednews","17":"tag-headlines","18":"tag-latest-news","19":"tag-latestnews","20":"tag-logra","21":"tag-macron","22":"tag-news","23":"tag-noticias","24":"tag-noticias-destacadas","25":"tag-noticiasdestacadas","26":"tag-partidos","27":"tag-salida","28":"tag-spain","29":"tag-titulares","30":"tag-tras","31":"tag-ultimas-noticias","32":"tag-ultimasnoticias"},"share_on_mastodon":{"url":"","error":""},"_links":{"self":[{"href":"https:\/\/www.europesays.com\/es\/wp-json\/wp\/v2\/posts\/168616","targetHints":{"allow":["GET"]}}],"collection":[{"href":"https:\/\/www.europesays.com\/es\/wp-json\/wp\/v2\/posts"}],"about":[{"href":"https:\/\/www.europesays.com\/es\/wp-json\/wp\/v2\/types\/post"}],"author":[{"embeddable":true,"href":"https:\/\/www.europesays.com\/es\/wp-json\/wp\/v2\/users\/2"}],"replies":[{"embeddable":true,"href":"https:\/\/www.europesays.com\/es\/wp-json\/wp\/v2\/comments?post=168616"}],"version-history":[{"count":0,"href":"https:\/\/www.europesays.com\/es\/wp-json\/wp\/v2\/posts\/168616\/revisions"}],"wp:featuredmedia":[{"embeddable":true,"href":"https:\/\/www.europesays.com\/es\/wp-json\/wp\/v2\/media\/168617"}],"wp:attachment":[{"href":"https:\/\/www.europesays.com\/es\/wp-json\/wp\/v2\/media?parent=168616"}],"wp:term":[{"taxonomy":"category","embeddable":true,"href":"https:\/\/www.europesays.com\/es\/wp-json\/wp\/v2\/categories?post=168616"},{"taxonomy":"post_tag","embeddable":true,"href":"https:\/\/www.europesays.com\/es\/wp-json\/wp\/v2\/tags?post=168616"}],"curies":[{"name":"wp","href":"https:\/\/api.w.org\/{rel}","templated":true}]}}