{"id":168622,"date":"2025-10-11T01:24:12","date_gmt":"2025-10-11T01:24:12","guid":{"rendered":"https:\/\/www.europesays.com\/es\/168622\/"},"modified":"2025-10-11T01:24:12","modified_gmt":"2025-10-11T01:24:12","slug":"fume-antes-de-enfrentarme-a-el-y-jugue","status":"publish","type":"post","link":"https:\/\/www.europesays.com\/es\/168622\/","title":{"rendered":"Fum\u00e9 antes de enfrentarme a \u00e9l y jugu\u00e9&#8230;"},"content":{"rendered":"<p class=\"ft-text\"><strong>Shawn Kemp <\/strong>ha sido un jugador m\u00e1s que medi\u00e1tico. El exjugador profesional de baloncesto estadonidense, fue uno de los mejores matadores de la liga y fue seleccionado 6 veces para el <strong>All-Star Game<\/strong>. A pesar de su \u00e9xito dentro de la pista, <strong>Kemp ha enfrentado problemas legales en los \u00faltimos a\u00f1os<\/strong>, incluyendo su declaraci\u00f3n de culpabilidad por agresi\u00f3n en un caso de tiroteo en 2023. En mayo de 2025, se le declar\u00f3 culpable, aunque nadie result\u00f3 herido.<\/p>\n<p class=\"ft-text\">Por lo que hace a su carrera en la <strong>NBA<\/strong>, jug\u00f3 14 temporadas, siendo m\u00e1s recordado por su estancia en los <strong>Seattle SuperSonics,<\/strong> con quienes lleg\u00f3 a las Finales de 1996. A nivel de juego, se le considera uno de los mejores matadores de la historia del baloncesto y fue 6 veces All-Star. Adem\u00e1s, form\u00f3 parte de la selecci\u00f3n de Estados Unidos que gan\u00f3 el oro en el Campeonato Mundial de Baloncesto FIBA de 1994.<\/p>\n<p>\u00abFumaba antes de enfrentarme a MJ\u00bb<\/p>\n<p class=\"ft-text\">En el video colgado por \u00ab<strong>Durant<\/strong>\u00bb en las redes sociales, procedente de<strong> Gezy\/TT,<\/strong> el entrevistador le pregunta a <strong>Shawn Kemp<\/strong> la an\u00e9cdota que tuvo el d\u00eda antes de enfrentarse a Michael Jordan. El de Indiana, cuando fue preguntado por su partido de campeonato, afirm\u00f3 que \u00abestaba fumado\u00bb, aunque jug\u00f3 muy bien.<\/p>\n<p class=\"ft-text\"><strong>&#8211; \u00ab\u00bfFumaste antes de un partido?\u00bb<\/strong><\/p>\n<p class=\"ft-text\">&#8211; \u00abPor supuesto.\u00bb<\/p>\n<p class=\"ft-text\"><strong>&#8211; \u00ab\u00bfY qu\u00e9 tal tu actuaci\u00f3n?\u00bb<\/strong><\/p>\n<p class=\"ft-text\">&#8211; \u00abFum\u00e9 antes del partido porque era natural para m\u00ed fumar antes de los partidos.\u00bb<\/p>\n<p class=\"ft-text\"><strong>&#8211; \u00ab\u00bfCu\u00e1l ha sido tu mejor actuaci\u00f3n?\u00bb<\/strong><\/p>\n<p class=\"ft-text\">&#8211; \u00abFum\u00e9 antes de que jugara contra Michael Jordan en el campeonato. Jugu\u00e9 genial.\u00bb<\/p>\n<p class=\"ft-text\">En el duelo entre Shawn Kemp y Michael Jordan,\u00a0Kemp tuvo un gran rendimiento en las Finales de 1996, liderando a los Seattle SuperSonics contra los Chicago Bulls, pero Jordan y los Bulls ganaron el campeonato.<\/p>\n<p class=\"ft-text\">A lo largo de sus carreras, Jordan fue superior en general, pero las estad\u00edsticas de Kemp contra Jordan fueron s\u00f3lidas en general, aunque no tan impresionantes como las de Jordan.\u00a0<\/p>\n","protected":false},"excerpt":{"rendered":"Shawn Kemp ha sido un jugador m\u00e1s que medi\u00e1tico. El exjugador profesional de baloncesto estadonidense, fue uno de&hellip;\n","protected":false},"author":2,"featured_media":168623,"comment_status":"","ping_status":"","sticky":false,"template":"","format":"standard","meta":{"footnotes":""},"categories":[269],"tags":[23835,299,298,168,25,24,16415,49241,2514,49240,23,167],"class_list":{"0":"post-168622","1":"post","2":"type-post","3":"status-publish","4":"format-standard","5":"has-post-thumbnail","7":"category-baloncesto","8":"tag-anecdota","9":"tag-baloncesto","10":"tag-basketball","11":"tag-deportes","12":"tag-es","13":"tag-espana","14":"tag-jordan","15":"tag-kemp","16":"tag-michael","17":"tag-shawn","18":"tag-spain","19":"tag-sports"},"share_on_mastodon":{"url":"","error":""},"_links":{"self":[{"href":"https:\/\/www.europesays.com\/es\/wp-json\/wp\/v2\/posts\/168622","targetHints":{"allow":["GET"]}}],"collection":[{"href":"https:\/\/www.europesays.com\/es\/wp-json\/wp\/v2\/posts"}],"about":[{"href":"https:\/\/www.europesays.com\/es\/wp-json\/wp\/v2\/types\/post"}],"author":[{"embeddable":true,"href":"https:\/\/www.europesays.com\/es\/wp-json\/wp\/v2\/users\/2"}],"replies":[{"embeddable":true,"href":"https:\/\/www.europesays.com\/es\/wp-json\/wp\/v2\/comments?post=168622"}],"version-history":[{"count":0,"href":"https:\/\/www.europesays.com\/es\/wp-json\/wp\/v2\/posts\/168622\/revisions"}],"wp:featuredmedia":[{"embeddable":true,"href":"https:\/\/www.europesays.com\/es\/wp-json\/wp\/v2\/media\/168623"}],"wp:attachment":[{"href":"https:\/\/www.europesays.com\/es\/wp-json\/wp\/v2\/media?parent=168622"}],"wp:term":[{"taxonomy":"category","embeddable":true,"href":"https:\/\/www.europesays.com\/es\/wp-json\/wp\/v2\/categories?post=168622"},{"taxonomy":"post_tag","embeddable":true,"href":"https:\/\/www.europesays.com\/es\/wp-json\/wp\/v2\/tags?post=168622"}],"curies":[{"name":"wp","href":"https:\/\/api.w.org\/{rel}","templated":true}]}}