{"id":168624,"date":"2025-10-11T01:25:16","date_gmt":"2025-10-11T01:25:16","guid":{"rendered":"https:\/\/www.europesays.com\/es\/168624\/"},"modified":"2025-10-11T01:25:16","modified_gmt":"2025-10-11T01:25:16","slug":"me-vino-llorando-y-me-pidio-perdon","status":"publish","type":"post","link":"https:\/\/www.europesays.com\/es\/168624\/","title":{"rendered":"\u00abMe vino llorando y me pidi\u00f3 perd\u00f3n\u00bb"},"content":{"rendered":"<p style=\"\"><strong>\u00d3liver Torres<\/strong>, actual jugador de <strong>Rayados de Monterrey<\/strong>, fue uno de los  futbolistas que formaron parte de la consecuci\u00f3n de las dos \u00faltimas <strong>Europa League<\/strong> conquistadas por el <strong>Sevilla FC<\/strong> en <strong>2020<\/strong> y <strong>2023<\/strong>. En su segunda campa\u00f1a en  &#8230; la liga mexicana, el jugador de Navalmoral de la Mata se ha convertido en uno de los futbolistas m\u00e1s relevantes del campeonato, donde comparte vestuario con otros exsevillistas como <strong>Sergio Ramos, Lucas Ocampos, Tecatito y Martial<\/strong>. <\/p>\n<p class=\"voc-p\" style=\"\">Este lunes, en el podcast de &#8216;We Are Brave Podcast&#8217;, <strong>\u00d3liver Torres<\/strong> fue entrevistado por <strong>Miguel Lay\u00fan<\/strong>, ex jugador de la entidad hispalense, donde destac\u00f3 su relaci\u00f3n con <strong>Julen Lopetegui<\/strong> y cont\u00f3 una an\u00e9cdota que jam\u00e1s olvidar\u00e1. <\/p>\n<p class=\"voc-p\" style=\"\">En 2022, debido a la gran cantidad de futbolistas en la primera plantilla del <strong>Sevilla<\/strong>, <strong>Julen Lopetegu<\/strong><strong>i<\/strong> tuvo que descartar a dos futbolistas para la lista de la <strong>Champions League<\/strong> y \u00d3liver fue uno de los perjudicados. \u00abEl d\u00eda 31 de agosto me llam\u00f3 Lopetegui a su despacho y me dijo que me quedaba fuera de la lista de Champions. Me dijo que si quer\u00eda buscarme un equipo, \u00e9l me iba a ayudar\u00bb, coment\u00f3 el ex sevillista. Ante esa situaci\u00f3n, el canterano del Atl\u00e9tico de Madrid pregunt\u00f3 a su familia, la cual le dijo que \u00abme quedara en Sevilla\u00bb. <\/p>\n<p class=\"voc-p\" style=\"\">Finalmente, <strong>\u00d3liver decidi\u00f3 seguir en el conjunto de Nervi\u00f3n<\/strong> y los malos resultados cosechados en el inicio de temporada, supusieron la <strong>destituci\u00f3n de Julen Lopetegui<\/strong> como t\u00e9cnico del Sevilla. \u00ab<strong>\u00c9l se fue a los cinco partidos y me vino llorando<\/strong>. En esos cinco encuentros, yo estaba muy bien y <strong>me dijo que dejarme fuera de la lista de la Champions fue una de las mayores cagadas de su vida y me pidi\u00f3 perd\u00f3n\u00bb<\/strong>, admiti\u00f3 el actual jugador de Rayados. Pese a todo lo ocurrido, \u00d3liver Torres reconoci\u00f3 que \u00abLopetegui fue el primer entrenador que apost\u00f3 por m\u00ed cuando yo no era nada. \u00c9l fue el que me puso en el mapa\u00bb.<\/p>\n<p class=\"voc-p\" style=\"\">En cambio, la campa\u00f1a termin\u00f3 de la mejor forma para el <strong>Sevilla<\/strong> y para el propio jugador tras levantar la <strong>Europa League<\/strong> ante la <strong>Roma<\/strong>. \u00abSegu\u00ed todo el a\u00f1o, insistiendo. Al final acabamos la temporada en Budapest, jugando la final de la Europa League de titular y gan\u00e1ndola\u00bb, concluy\u00f3 \u00d3liver.<\/p>\n","protected":false},"excerpt":{"rendered":"\u00d3liver Torres, actual jugador de Rayados de Monterrey, fue uno de los futbolistas que formaron parte de la&hellip;\n","protected":false},"author":2,"featured_media":168625,"comment_status":"","ping_status":"","sticky":false,"template":"","format":"standard","meta":{"footnotes":""},"categories":[268],"tags":[11681,168,49243,25,24,280,282,18940,49242,11991,5821,4165,57,281,23,167,4655,6028],"class_list":{"0":"post-168624","1":"post","2":"type-post","3":"status-publish","4":"format-standard","5":"has-post-thumbnail","7":"category-futbol","8":"tag-champions","9":"tag-deportes","10":"tag-descarte","11":"tag-es","12":"tag-espana","13":"tag-football","14":"tag-futbol","15":"tag-llorando","16":"tag-lopetegui","17":"tag-oliver","18":"tag-perdon","19":"tag-pidio","20":"tag-sobre","21":"tag-soccer","22":"tag-spain","23":"tag-sports","24":"tag-torres","25":"tag-vino"},"share_on_mastodon":{"url":"","error":""},"_links":{"self":[{"href":"https:\/\/www.europesays.com\/es\/wp-json\/wp\/v2\/posts\/168624","targetHints":{"allow":["GET"]}}],"collection":[{"href":"https:\/\/www.europesays.com\/es\/wp-json\/wp\/v2\/posts"}],"about":[{"href":"https:\/\/www.europesays.com\/es\/wp-json\/wp\/v2\/types\/post"}],"author":[{"embeddable":true,"href":"https:\/\/www.europesays.com\/es\/wp-json\/wp\/v2\/users\/2"}],"replies":[{"embeddable":true,"href":"https:\/\/www.europesays.com\/es\/wp-json\/wp\/v2\/comments?post=168624"}],"version-history":[{"count":0,"href":"https:\/\/www.europesays.com\/es\/wp-json\/wp\/v2\/posts\/168624\/revisions"}],"wp:featuredmedia":[{"embeddable":true,"href":"https:\/\/www.europesays.com\/es\/wp-json\/wp\/v2\/media\/168625"}],"wp:attachment":[{"href":"https:\/\/www.europesays.com\/es\/wp-json\/wp\/v2\/media?parent=168624"}],"wp:term":[{"taxonomy":"category","embeddable":true,"href":"https:\/\/www.europesays.com\/es\/wp-json\/wp\/v2\/categories?post=168624"},{"taxonomy":"post_tag","embeddable":true,"href":"https:\/\/www.europesays.com\/es\/wp-json\/wp\/v2\/tags?post=168624"}],"curies":[{"name":"wp","href":"https:\/\/api.w.org\/{rel}","templated":true}]}}