{"id":168628,"date":"2025-10-11T01:28:25","date_gmt":"2025-10-11T01:28:25","guid":{"rendered":"https:\/\/www.europesays.com\/es\/168628\/"},"modified":"2025-10-11T01:28:25","modified_gmt":"2025-10-11T01:28:25","slug":"drassana-compra-la-historica-libreria-leixam","status":"publish","type":"post","link":"https:\/\/www.europesays.com\/es\/168628\/","title":{"rendered":"Drassana compra la hist\u00f3rica librer\u00eda L&#8217;Eixam"},"content":{"rendered":"<p class=\"ft-text ft-helper-closenews\">La editorial<a class=\"ft-link ft-link--decoration\" href=\"https:\/\/www.levante-emv.com\/cultura\/panorama\/2011\/11\/05\/drassana-13029124.html\" rel=\"nofollow noopener\" target=\"_blank\"> Drassana<\/a> ha comprado <strong>L&#8217;Eixam,<\/strong> la hist\u00f3rica librer\u00eda de <strong>Tavernes Blanques<\/strong> dirigida desde hace casi 50 a\u00f1os por el librero y editor <strong>Rafa Arnal. <\/strong>La librer\u00eda pasa a ser gestionada por L\u2019Eixam Llibres Valencians, una nueva sociedad vinculada a los socios de la editorial Llibres de la Drassana, organizadora de los reconocidos Premis Lletraferit.<\/p>\n<p class=\"ft-text\">\u00abEsta alianza asegura la continuidad del proyecto y le aporta nuevas energ\u00edas, ideas y recursos para afrontar los retos que plantea el mundo del libro en el siglo XXI -se\u00f1alan en un comunicado-. L\u2019Eixam, situada en un enclave privilegiado en Tavernes Blanques, muy cerca de la <strong>Biblioteca Valenciana<\/strong> y de la ciudad de Val\u00e8ncia, continuar\u00e1 abierta como siempre y reforzar\u00e1 su presencia en ferias, encuentros e iniciativas culturales por todo el pa\u00eds\u00bb.<\/p>\n<p>Amor a las letras<\/p>\n<p class=\"ft-text\">\u201cQueremos que L\u2019Eixam sea un punto de encuentro para todos aquellos que aman las letras valencianas -explican los responsables de Drassana-. Llegamos al 50 aniversario con la voluntad de hacer m\u00e1s visible nuestra literatura y de mantener vivo el esp\u00edritu de una librer\u00eda que forma parte de nuestra memoria colectiva. Con este nuevo barco queremos seguir navegando los mares de la cultura valenciana\u00bb.<\/p>\n<p class=\"ft-text\">La celebraci\u00f3n de la efem\u00e9ride, que tendr\u00e1 lugar el pr\u00f3ximo a\u00f1o, ser\u00e1 tambi\u00e9n un homenaje a Rafa Arnal e Isabel Rodrigo, as\u00ed como una oportunidad para presentar las nuevas l\u00edneas de trabajo que marcar\u00e1n el camino de la librer\u00eda. \u00abCon este nuevo impulso, en definitiva, L\u2019Eixam contin\u00faa labrando el futuro fiel a su historia: medio siglo de libros y compromiso con la cultura, la lengua y el pueblo valenciano\u00bb, destacan.<\/p>\n<p>Hist\u00f3rico libertario y valencianista<\/p>\n<p class=\"ft-text\"><strong>Rafa Arnal\u00a0(Tavernes Blanques, 1948)\u00a0<\/strong>es un hist\u00f3rico de la\u00a0<a href=\"https:\/\/www.levante-emv.com\/tags\/politica\/\" class=\"ft-link ft-link--decoration\" rel=\"nofollow noopener\" target=\"_blank\">pol\u00edtica valenciana,\u00a0<\/a>ya que fue uno de los<strong>\u00a0fundadores del\u00a0<\/strong><a href=\"https:\/\/www.levante-emv.com\/tags\/pspv\/\" class=\"ft-link ft-link--decoration\" rel=\"nofollow noopener\" target=\"_blank\"><strong>PSPV\u00a0<\/strong><\/a><strong>junto a\u00a0<\/strong><a href=\"https:\/\/www.levante-emv.com\/opinion\/2024\/02\/22\/vicent-ventura-dels-nostres-98478007.html\" class=\"ft-link ft-link--decoration\" rel=\"nofollow noopener\" target=\"_blank\">Vicent Ventura\u00a0<\/a>y despu\u00e9s de UPV para acabar bati\u00e9ndose<strong>\u00a0por su cuenta y riesgo en las filas del nacionalismo y el movimiento libertario.\u00a0<\/strong>Es tambi\u00e9n un hist\u00f3rico la cultura valenciana: estuvo\u00a0<strong>entre los j\u00f3venes m\u00e1s rebeldes de\u00a0<\/strong><a href=\"https:\/\/www.levante-emv.com\/cultura\/panorama\/2024\/05\/01\/estelles-rat-penat-101758734.html\" class=\"ft-link ft-link--decoration\" rel=\"nofollow noopener\" target=\"_blank\">Lo Rat Penat\u00a0<\/a>durante la dictadura y en la creaci\u00f3n de Carraixet, grandes referentes de la \u00abcan\u00e7\u00f3\u00bb de aqu\u00ed. Arnal es, adem\u00e1s, un hist\u00f3rico de periodismo valenciano -desde la prensa clandestina a sus colaboraciones con decenas de medios- y de la publicaci\u00f3n de libros, ya sea como editor, como autor y como vendedor.\u00a0<\/p>\n<p class=\"ft-text\">Tal como explica la nueva sociedad que dirigir\u00e1 la librer\u00eda, en el a\u00f1o 2026, la librer\u00eda L\u2019Eixam, situada en Tavernes Blanques, alcanzar\u00e1 medio siglo de vida, \u00abun hecho m\u00e1s que destacable en tiempos en los que la supervivencia de las librer\u00edas independientes se ve constantemente puesta a prueba por las transformaciones del mercado y las dificultades del sector\u00bb. L\u2019Eixam, nacida en 1976 como Librer\u00eda 9 d\u2019Octubre, \u00abha sabido resistir con perseverancia y fidelidad a unos principios claros: apostar por los libros y los autores desde una perspectiva militante en la cultura y el progreso social\u00bb, subrayan.<\/p>\n<p>Lugar de encuentro<\/p>\n<p class=\"ft-text\">A lo largo de estas cinco d\u00e9cadas L\u2019Eixam se ha consolidado tambi\u00e9n <strong>como un lugar de encuentro, un refugio para los lectores <\/strong>y un ejemplo de bibliodiversidad en la vida cultural de Valencia y de la comarca de l\u2019Horta Nord. En este sentido, la historia de L\u2019Eixam no puede entenderse sin la figura de su librero, Rafa Arnal, quien, con su dilatada trayectoria, \u00abencarna como pocos la pasi\u00f3n por la lectura y el compromiso con el pa\u00eds, convencido de que los libros pueden transformar la sociedad\u00bb, se\u00f1alan los nuevos propietarios de la librer\u00eda.<\/p>\n<p class=\"ft-text\">\u00abJunto con Isabel Rodrigo<strong>, Arnal ha sido mucho m\u00e1s que un editor <\/strong>y vendedor de libros, y el legado de ambos forma parte fundamental de una historia que ahora entra en un nuevo cap\u00edtulo\u00bb, a\u00f1aden.<\/p>\n<p class=\"ft-text\">Drassana afirma que el traspaso de la librer\u00eda no significar\u00e1 una ruptura, sino continuidad y renovaci\u00f3n. \u00abContinuidad, porque se preserva la esencia de lo que ha sido L\u2019Eixam durante medio siglo: un espacio de atenci\u00f3n personalizada, de amor por los libros y de arraigo al territorio. Y renovaci\u00f3n, porque se incorporan nuevos actores que aportan experiencia y visi\u00f3n estrat\u00e9gica, con la voluntad de convertir la librer\u00eda en un agente activo de dinamizaci\u00f3n cultural\u00bb. De hecho, la voluntad expresa de la nueva sociedad es que L\u2019Eixam contribuya a\u00fan m\u00e1s a fortalecer la literatura y la lectura de autores valencianos.<\/p>\n<p data-close=\"closedContent\" class=\"subscribeHideForDisplay\">Suscr\u00edbete para seguir leyendo<\/p>\n","protected":false},"excerpt":{"rendered":"La editorial Drassana ha comprado L&#8217;Eixam, la hist\u00f3rica librer\u00eda de Tavernes Blanques dirigida desde hace casi 50 a\u00f1os&hellip;\n","protected":false},"author":2,"featured_media":168629,"comment_status":"","ping_status":"","sticky":false,"template":"","format":"standard","meta":{"footnotes":""},"categories":[172],"tags":[1733,224,6364,209,49244,146,147,25,24,5229,49245,707,11532,225,49246,23,49247],"class_list":{"0":"post-168628","1":"post","2":"type-post","3":"status-publish","4":"format-standard","5":"has-post-thumbnail","7":"category-libros","8":"tag-amor","9":"tag-books","10":"tag-compra","11":"tag-cultura","12":"tag-drassana","13":"tag-entertainment","14":"tag-entretenimiento","15":"tag-es","16":"tag-espana","17":"tag-historica","18":"tag-leixam","19":"tag-levante-emv","20":"tag-libreria","21":"tag-libros","22":"tag-rafa-arnal","23":"tag-spain","24":"tag-tavernes-blanques"},"share_on_mastodon":{"url":"","error":""},"_links":{"self":[{"href":"https:\/\/www.europesays.com\/es\/wp-json\/wp\/v2\/posts\/168628","targetHints":{"allow":["GET"]}}],"collection":[{"href":"https:\/\/www.europesays.com\/es\/wp-json\/wp\/v2\/posts"}],"about":[{"href":"https:\/\/www.europesays.com\/es\/wp-json\/wp\/v2\/types\/post"}],"author":[{"embeddable":true,"href":"https:\/\/www.europesays.com\/es\/wp-json\/wp\/v2\/users\/2"}],"replies":[{"embeddable":true,"href":"https:\/\/www.europesays.com\/es\/wp-json\/wp\/v2\/comments?post=168628"}],"version-history":[{"count":0,"href":"https:\/\/www.europesays.com\/es\/wp-json\/wp\/v2\/posts\/168628\/revisions"}],"wp:featuredmedia":[{"embeddable":true,"href":"https:\/\/www.europesays.com\/es\/wp-json\/wp\/v2\/media\/168629"}],"wp:attachment":[{"href":"https:\/\/www.europesays.com\/es\/wp-json\/wp\/v2\/media?parent=168628"}],"wp:term":[{"taxonomy":"category","embeddable":true,"href":"https:\/\/www.europesays.com\/es\/wp-json\/wp\/v2\/categories?post=168628"},{"taxonomy":"post_tag","embeddable":true,"href":"https:\/\/www.europesays.com\/es\/wp-json\/wp\/v2\/tags?post=168628"}],"curies":[{"name":"wp","href":"https:\/\/api.w.org\/{rel}","templated":true}]}}