{"id":168632,"date":"2025-10-11T01:30:09","date_gmt":"2025-10-11T01:30:09","guid":{"rendered":"https:\/\/www.europesays.com\/es\/168632\/"},"modified":"2025-10-11T01:30:09","modified_gmt":"2025-10-11T01:30:09","slug":"pablo-iglesias-critica-el-premio-nobel-a-maria-corina-machado-se-lo-podrian-haber-dado-a-hitler-espana","status":"publish","type":"post","link":"https:\/\/www.europesays.com\/es\/168632\/","title":{"rendered":"Pablo Iglesias critica el premio Nobel a Mar\u00eda Corina Machado: \u201cSe lo podr\u00edan haber dado a Hitler\u201d | Espa\u00f1a"},"content":{"rendered":"<p class=\"\"><a href=\"https:\/\/elpais.com\/internacional\/2025-10-10\/premio-nobel-de-la-paz.html\" target=\"_self\" rel=\"nofollow noopener\" title=\"https:\/\/elpais.com\/internacional\/2025-10-10\/premio-nobel-de-la-paz.html\">La entrega del premio Nobel de la Paz a la opositora venezolana, Mar\u00eda Corina Machado<\/a>, ha suscitado duras reacciones en Podemos e Izquierda Unida este viernes. El m\u00e1s cr\u00edtico con la decisi\u00f3n del jurado del galard\u00f3n ha sido el exl\u00edder de Podemos y antiguo vicepresidente del Gobierno, Pablo Iglesias: \u201cLa verdad es que para darle el Nobel de la paz a Corina Machado que lleva a\u00f1os intentando dar un golpe de Estado en su pa\u00eds, se lo podr\u00edan haber dado directamente a Trump o incluso a Adolf Hitler a t\u00edtulo p\u00f3stumo. El a\u00f1o que viene que lo compartan Putin y Zelenski. Si ya total\u2026\u201c, ha criticado Iglesias en su perfil de la red social X. <\/p>\n<blockquote class=\"twitter-tweet\">\n<p lang=\"es\" dir=\"ltr\">La verdad es que para darle el Nobel de la paz a Corina Machado que lleva a\u00f1os intentando dar un golpe de Estado en su pa\u00eds, se lo podr\u00edan haber dado directamente a Trump o incluso a Adolf Hitler a t\u00edtulo p\u00f3stumo. El a\u00f1o que viene que lo compartan Putin y Zelenski. Si ya total\u2026.<\/p>\n<p>\u2014 Pablo Iglesias \ud83d\udd3b{R} (@PabloIglesias) <a href=\"https:\/\/twitter.com\/PabloIglesias\/status\/1976578931030393064?ref_src=twsrc%5Etfw\" rel=\"nofollow noopener\" target=\"_blank\">October 10, 2025<\/a><\/p><\/blockquote>\n<p class=\"\">A pesar de haber sido el m\u00e1s duro, Iglesias no ha sido el \u00fanico que ha criticado la decisi\u00f3n del jurado desde el \u00e1mbito de la izquierda, tambi\u00e9n lo han hecho miembros de su antiguo partido y de Izquierda Unida. La l\u00edder de Podemos, Ione Belarra, ha se\u00f1alado a trav\u00e9s de la red social X \u201cel grado de desprestigio\u201d que sufren las \u201cinstituciones internacionales que aspiraban a representar a la humanidad\u201d. Belarra ha lamentado que el premio se entregue a \u201cgolpistas y criminales de guerra\u201d, y ha a\u00f1adido que la galardonada deber\u00eda haber sido Francesca Albanese, la relatora especial de la ONU sobre los territorios palestinos.<\/p>\n<p>ENTREVISTA<\/p>\n<p class=\"\">Su compa\u00f1ero en la direcci\u00f3n del partido y diputado de Podemos por Murcia, Javier S\u00e1nchez Serna, ha sido igual de cr\u00edtico en X y se ha quejado de que el premio estuviese re\u00f1ido \u201centre Netanyahu, <a href=\"https:\/\/elpais.com\/internacional\/2025-10-10\/la-gran-decepcion-de-donald-trump-el-presidente-de-estados-unidos-se-queda-sin-el-nobel-de-la-paz-que-gano-obama.html\" target=\"_self\" rel=\"nofollow noopener\" title=\"https:\/\/elpais.com\/internacional\/2025-10-10\/la-gran-decepcion-de-donald-trump-el-presidente-de-estados-unidos-se-queda-sin-el-nobel-de-la-paz-que-gano-obama.html\">Trump<\/a> y una golpista venezolana que pide a los yanquis que invadan su pa\u00eds\u201d. \u201cEspero con impaciencia que China y los BRICS monten sus propios premios\u201d, ha a\u00f1adido. <\/p>\n<p class=\"\">Izquierda Unida (IU) tambi\u00e9n ha reprochado la decisi\u00f3n del jurado del Nobel. El l\u00edder de la formaci\u00f3n izquierdista, Antonio Ma\u00edllo, ha se\u00f1alado en X que \u201cen un contexto b\u00e9lico global, con un genocidio en Palestina y con cientos de iniciativas por la paz y la resoluci\u00f3n de conflictos, hab\u00eda suficientes personalidades, entidades y colectivos\u201d m\u00e1s merecedores de recibir el galard\u00f3n. El diputado de IU y portavoz adjunto de Sumar, Enrique Santiago, ha comentado en declaraciones a los medios en el Congreso que el premio \u201cdeber\u00eda dedicarse a estimular la paz\u201d y ha argumentado que no hay una \u201cguerra en Venezuela\u201d y que \u201cdeber\u00eda entregarse a quienes trabajan para resolver conflictos armados\u201d. <\/p>\n<p><script async src=\"https:\/\/platform.twitter.com\/widgets.js\" charset=\"utf-8\"><\/script><\/p>\n","protected":false},"excerpt":{"rendered":"La entrega del premio Nobel de la Paz a la opositora venezolana, Mar\u00eda Corina Machado, ha suscitado duras&hellip;\n","protected":false},"author":2,"featured_media":168633,"comment_status":"","ping_status":"","sticky":false,"template":"","format":"standard","meta":{"footnotes":""},"categories":[170],"tags":[146,147,25,24,39991,4371,184,185,25064,22397,6067,23],"class_list":{"0":"post-168632","1":"post","2":"type-post","3":"status-publish","4":"format-standard","5":"has-post-thumbnail","7":"category-musica","8":"tag-entertainment","9":"tag-entretenimiento","10":"tag-es","11":"tag-espana","12":"tag-izquierda-unida","13":"tag-maria-corina-machado","14":"tag-music","15":"tag-musica","16":"tag-nobel-de-la-paz","17":"tag-pablo-iglesias","18":"tag-podemos","19":"tag-spain"},"share_on_mastodon":{"url":"","error":""},"_links":{"self":[{"href":"https:\/\/www.europesays.com\/es\/wp-json\/wp\/v2\/posts\/168632","targetHints":{"allow":["GET"]}}],"collection":[{"href":"https:\/\/www.europesays.com\/es\/wp-json\/wp\/v2\/posts"}],"about":[{"href":"https:\/\/www.europesays.com\/es\/wp-json\/wp\/v2\/types\/post"}],"author":[{"embeddable":true,"href":"https:\/\/www.europesays.com\/es\/wp-json\/wp\/v2\/users\/2"}],"replies":[{"embeddable":true,"href":"https:\/\/www.europesays.com\/es\/wp-json\/wp\/v2\/comments?post=168632"}],"version-history":[{"count":0,"href":"https:\/\/www.europesays.com\/es\/wp-json\/wp\/v2\/posts\/168632\/revisions"}],"wp:featuredmedia":[{"embeddable":true,"href":"https:\/\/www.europesays.com\/es\/wp-json\/wp\/v2\/media\/168633"}],"wp:attachment":[{"href":"https:\/\/www.europesays.com\/es\/wp-json\/wp\/v2\/media?parent=168632"}],"wp:term":[{"taxonomy":"category","embeddable":true,"href":"https:\/\/www.europesays.com\/es\/wp-json\/wp\/v2\/categories?post=168632"},{"taxonomy":"post_tag","embeddable":true,"href":"https:\/\/www.europesays.com\/es\/wp-json\/wp\/v2\/tags?post=168632"}],"curies":[{"name":"wp","href":"https:\/\/api.w.org\/{rel}","templated":true}]}}