{"id":168634,"date":"2025-10-11T01:31:09","date_gmt":"2025-10-11T01:31:09","guid":{"rendered":"https:\/\/www.europesays.com\/es\/168634\/"},"modified":"2025-10-11T01:31:09","modified_gmt":"2025-10-11T01:31:09","slug":"que-ver-culpa-nuestra-the-woman-in-cabin-10-the-last-frontier-y-mas","status":"publish","type":"post","link":"https:\/\/www.europesays.com\/es\/168634\/","title":{"rendered":"Qu\u00e9 ver: &#8216;Culpa Nuestra&#8217;, &#8216;The Woman in Cabin 10&#8217;, &#8216;The Last Frontier&#8217; y m\u00e1s"},"content":{"rendered":"<p id=\"eY228YJr4m\" data-wc=\"63\">La espera est\u00e1 por terminar para los fan\u00e1ticos de la exitosa trilog\u00eda espa\u00f1ola creada por <strong>Sof\u00eda Cuenca<\/strong>, pues Culpa Nuestra, la ultima entrega de la historia, est\u00e1 por estrenarse. Adem\u00e1s, llega un emocionante thriller protagonizado por <strong data-gid=\"ezfmYUWceI\">Keira Knightley\u00a0<\/strong>y una conmovedora serie mexicana con<strong data-gid=\"ezfmYUWceI\">\u00a0Tessa \u00cda\u00a0<\/strong>y <strong data-gid=\"ezfmYUWceI\">Emiliano Zurita.\u00a0<\/strong>Tambi\u00e9n se estrena una serie ambientada Alaska y una pel\u00edcula chilena de drama familiar.\u00a0<\/p>\n<p>The Woman in Cabin 10 (Netflix)<\/p>\n<p id=\"eTry-G2DkmL\" data-wc=\"88\">Este thriller, basada en exitosa novela de <strong>Ruth Ware<\/strong>, es protagonizado por <strong>Keira Knightley<\/strong>, quien se convierte en la inesperada testigo de un crimen. Una periodista llamada Laura Blacklock, en medio de un viaje de trabajo en un lujoso yate, presencia c\u00f3mo una persona es arrojada por la borda una noche. Sin embargo nadie parece faltar entre los pasajeros. A pesar de que nadie le cree, ella se sumerge en una exhaustiva investigaci\u00f3n para encontrar respuestas, aunque eso ponga en peligro su propia vida. <strong>Estreno: 10 de octubre<\/strong><\/p>\n<p>Culpa Nuestra (Prime Video)<\/p>\n<p id=\"eJBsKi4fa8\" data-wc=\"81\">Esta pel\u00edcula espa\u00f1ola, la \u00faltima entrega de la exitosa trilog\u00eda basada en el best-seller de <strong>Mercedes Ron<\/strong>, trae el esperado desenlace a la historia de amor que de Noah y Nicki. La boda de Jenna y Lion propicia el esperado reencuentro entre los protagonistas, quienes parecen tener asuntos pendientes tras su ruptura. La incapacidad de Nick para perdonar a Noah cre\u00f3 una barrera entre ambos, pero ahora que sus caminos se han cruzado, aquella llama podr\u00eda reavivarse. <strong>Estreno: 16 de octubre<\/strong>\u00a0 \u00a0<\/p>\n<p>The Last Frontier (Apple TV+)<\/p>\n<p id=\"eNNj8z3XzQ\" data-wc=\"79\">Este thriller sigue a Frank Remnick, el \u00fanico alguacil a cargo de las tranquilas y agrestes tierras de Alaska. La calma en sus dominios se ve trastocada cuando un avi\u00f3n con prisioneros se estrella en un paraje cercano, liberando a docenas de reclusos violentos. Mientras hace lo posible por proteger al pueblo que conf\u00eda en \u00e9l, Remnick descubre que aquel supuesto accidente pudo haber sido m\u00e1s bien parte de un elaborado plan con peligrosas consecuencias. <strong>Estreno: 10 de octubre<\/strong><\/p>\n<p>Nadie Nos Vio Partir (Netflix)\u00a0<\/p>\n<p id=\"eKPAPR6vUR\" data-wc=\"69\"><strong>Tessa \u00cda<\/strong>, <strong>Emiliano Zurita<\/strong>, <strong>Flavio Medina\u00a0<\/strong>y <strong>Juan Manuel Bernal\u00a0<\/strong>protagonizan esta serie mexicana basada en el libro hom\u00f3nimo de <strong>Tamara Trottner<\/strong>, y dirigida por <strong>Luc\u00eda Puenzo<\/strong>. La historia, inspirada en hechos reales y ambientada en la alta sociedad de los a\u00f1os 60, muestra la desesperada lucha de una madre a quien su esposo arrebata a sus hijos como venganza tras vivir un romance prohibido. <strong>Estreno: 15 de octubre<\/strong><\/p>\n<p>The Chair Company (HBO Max) \u00a0<\/p>\n<p id=\"eQr71ZV8Kp\" data-wc=\"33\">Esta comedia sigue a William Ronald Trosper, un hombre que, tras un incidente embarazoso en el trabajo, se ve envuelto en la investigaci\u00f3n de una conspiraci\u00f3n de gran alcance. <strong>Estreno: 12 de octubre<\/strong><\/p>\n<p>Limpia (Netflix)<\/p>\n<p id=\"elSsy-zg7s\" data-wc=\"60\">Inspirado en la exitosa novela de <strong>Alia Trabucco<\/strong>, este drama familiar de producci\u00f3n chilena que narra la intensa relaci\u00f3n entre Estela, una trabajadora dom\u00e9stica, y la ni\u00f1a de seis a\u00f1os a la que cuida d\u00eda y noche. A medida que su v\u00ednculo crece, crean un mundo secreto y dependiente que las conduce a un desenlace inevitable. <strong>Estreno: 10 de octubre<\/strong><\/p>\n<p>Vampirina: Teenage Vampire (Disney+)\u00a0<\/p>\n<p id=\"e1U9rVMXhBk\" data-wc=\"67\">Esta divertida serie sigue a una joven vampira que deja la seguridad de Transilvania para asistir a un internado de artes esc\u00e9nicas, viviendo entre humanos por primera vez. Mientras sigue su pasi\u00f3n por la m\u00fasica, intenta proteger a toda costa su identidad vamp\u00edrica, algo que se complica cuando su sobreprotector padre encarga a un entusiasta fantasma que viva con ella en la escuela.<strong>\u00a0Estreno: 15 de octubre<\/strong><\/p>\n","protected":false},"excerpt":{"rendered":"La espera est\u00e1 por terminar para los fan\u00e1ticos de la exitosa trilog\u00eda espa\u00f1ola creada por Sof\u00eda Cuenca, pues&hellip;\n","protected":false},"author":2,"featured_media":168635,"comment_status":"","ping_status":"","sticky":false,"template":"","format":"standard","meta":{"footnotes":""},"categories":[169],"tags":[177,16331,146,147,25,24,176,175,152,753,23],"class_list":{"0":"post-168634","1":"post","2":"type-post","3":"status-publish","4":"format-standard","5":"has-post-thumbnail","7":"category-cine","8":"tag-cine","9":"tag-disney-plus","10":"tag-entertainment","11":"tag-entretenimiento","12":"tag-es","13":"tag-espana","14":"tag-film","15":"tag-movies","16":"tag-netflix","17":"tag-peliculas","18":"tag-spain"},"share_on_mastodon":{"url":"","error":""},"_links":{"self":[{"href":"https:\/\/www.europesays.com\/es\/wp-json\/wp\/v2\/posts\/168634","targetHints":{"allow":["GET"]}}],"collection":[{"href":"https:\/\/www.europesays.com\/es\/wp-json\/wp\/v2\/posts"}],"about":[{"href":"https:\/\/www.europesays.com\/es\/wp-json\/wp\/v2\/types\/post"}],"author":[{"embeddable":true,"href":"https:\/\/www.europesays.com\/es\/wp-json\/wp\/v2\/users\/2"}],"replies":[{"embeddable":true,"href":"https:\/\/www.europesays.com\/es\/wp-json\/wp\/v2\/comments?post=168634"}],"version-history":[{"count":0,"href":"https:\/\/www.europesays.com\/es\/wp-json\/wp\/v2\/posts\/168634\/revisions"}],"wp:featuredmedia":[{"embeddable":true,"href":"https:\/\/www.europesays.com\/es\/wp-json\/wp\/v2\/media\/168635"}],"wp:attachment":[{"href":"https:\/\/www.europesays.com\/es\/wp-json\/wp\/v2\/media?parent=168634"}],"wp:term":[{"taxonomy":"category","embeddable":true,"href":"https:\/\/www.europesays.com\/es\/wp-json\/wp\/v2\/categories?post=168634"},{"taxonomy":"post_tag","embeddable":true,"href":"https:\/\/www.europesays.com\/es\/wp-json\/wp\/v2\/tags?post=168634"}],"curies":[{"name":"wp","href":"https:\/\/api.w.org\/{rel}","templated":true}]}}