{"id":168660,"date":"2025-10-11T01:57:11","date_gmt":"2025-10-11T01:57:11","guid":{"rendered":"https:\/\/www.europesays.com\/es\/168660\/"},"modified":"2025-10-11T01:57:11","modified_gmt":"2025-10-11T01:57:11","slug":"la-sorprendente-reaccion-de-ivan-martin-ex-de-anna-ferrer-tras-anunciar-que-se-casa","status":"publish","type":"post","link":"https:\/\/www.europesays.com\/es\/168660\/","title":{"rendered":"La sorprendente reacci\u00f3n de Iv\u00e1n Mart\u00edn, ex de Anna Ferrer, tras anunciar que se casa"},"content":{"rendered":"<p class=\"voc-p\" style=\"\">Ayer por la ma\u00f1ana, <strong>Anna Ferrer Padilla<\/strong> (28 a\u00f1os), hija de la presentadora <strong>Paz Padilla<\/strong>, sorprendi\u00f3 a sus seguidores al anunciar que se casa. La influencer y empresaria se dar\u00e1 el &#8216;s\u00ed, quiero&#8217; con su novio, <strong>Mario Crist\u00f3bal<\/strong>, con el que lleva  &#8230; tres a\u00f1os de relaci\u00f3n y conviven desde el a\u00f1o pasado. <a href=\"https:\/\/www.abc.es\/gente\/anna-ferrer-hija-paz-padilla-anuncia-boda-20251009110526-nt.html\" target=\"_self\" data-voc-vtm-id=\"in-text-traffic\" title=\"\u00abSi no eres el amor de mi vida, dir\u00e9 que me equivoqu\u00e9 de vida, pero no de amor. \u00a1Mil veces s\u00ed!\u00bb\" data-mrf-link=\"www.abc.es\" rel=\"nofollow noopener\">\u00abSi no eres el amor de mi vida, dir\u00e9 que me equivoqu\u00e9 de vida, pero no de amor. \u00a1Mil veces s\u00ed!\u00bb<\/a>, escribi\u00f3 en su perfil de Instagram junto a una imagen en la que aparece la pareja y ella, inmensamente feliz, mostrando su anillo de pedida. Una joya de oro blanco con una un diamante redondo en el centro. El aro tambi\u00e9n est\u00e1 engastado con peque\u00f1as gemas que aportan m\u00e1s brillo a la pieza.<\/p>\n<p class=\"voc-p\" style=\"\">Coincidiendo con la noticia, su exnovio <strong>Iv\u00e1n Mart\u00edn<\/strong> -con el que mantuvo una relaci\u00f3n entre 2019 y 2022- asisti\u00f3 anoche en Madrid a la fiesta del 10\u00ba aniversario del restaurante Tatel. All\u00ed, el joven se sincer\u00f3 con la prensa: \u00abMe llevo muy bien con ella. Siempre voy a decir lo mismo, pues que est\u00e1 muy bien, si la veo, pues un abrazo y un beso como siempre, claro. Habr\u00e1 relaciones que acaban mal, pero yo nada, todo lo que me digan sobre ella me alegro mucho. Con Mario, feliz y contento, muy buen chaval. Est\u00e1n felices\u00bb, dijo asegurando que pese a su ruptura ambos han continuado llevando<a href=\"https:\/\/www.abc.es\/gente\/anna-ferrer-hija-paz-padilla-anuncia-boda-20251009110526-nt.html\" target=\"_self\" data-voc-vtm-id=\"in-text-traffic\" title=\" una relaci\u00f3n cordial.\" data-mrf-link=\"www.abc.es\" rel=\"nofollow noopener\"> una relaci\u00f3n cordial.<\/a>\u00a0<\/p>\n<p class=\"voc-p\" style=\"\">Sobre su situaci\u00f3n sentimental, el influencer ha confirmado que se encuentra \u00absoltero y entero\u00bb, en relaci\u00f3n a los rumores sobre un romance con <strong>Victoria Federica<\/strong> surgidos en redes sociales hace tan solo unos d\u00edas. \u00abA Victoria la conozco hace como 10 a\u00f1os y es como mi prima, pero no, no, vamos, eh, le veo, le como la cara y un abrazo y ya est\u00e1. Como familia. Ella me cuenta sus cosas y yo me alegro y ya est\u00e1. No ha pasado nunca nada\u00bb, ha sentenciado. <\/p>\n<p>\nArt\u00edculo solo para suscriptores\n<\/p>\n<p>Reportar un error<\/p>\n","protected":false},"excerpt":{"rendered":"Ayer por la ma\u00f1ana, Anna Ferrer Padilla (28 a\u00f1os), hija de la presentadora Paz Padilla, sorprendi\u00f3 a sus&hellip;\n","protected":false},"author":2,"featured_media":168661,"comment_status":"","ping_status":"","sticky":false,"template":"","format":"standard","meta":{"footnotes":""},"categories":[91],"tags":[26362,18203,385,146,147,25,24,25762,4358,1730,9173,9172,23,575],"class_list":{"0":"post-168660","1":"post","2":"type-post","3":"status-publish","4":"format-standard","5":"has-post-thumbnail","7":"category-entretenimiento","8":"tag-anna","9":"tag-anunciar","10":"tag-casa","11":"tag-entertainment","12":"tag-entretenimiento","13":"tag-es","14":"tag-espana","15":"tag-ferrer","16":"tag-ivan","17":"tag-martin","18":"tag-reaccion","19":"tag-sorprendente","20":"tag-spain","21":"tag-tras"},"share_on_mastodon":{"url":"","error":""},"_links":{"self":[{"href":"https:\/\/www.europesays.com\/es\/wp-json\/wp\/v2\/posts\/168660","targetHints":{"allow":["GET"]}}],"collection":[{"href":"https:\/\/www.europesays.com\/es\/wp-json\/wp\/v2\/posts"}],"about":[{"href":"https:\/\/www.europesays.com\/es\/wp-json\/wp\/v2\/types\/post"}],"author":[{"embeddable":true,"href":"https:\/\/www.europesays.com\/es\/wp-json\/wp\/v2\/users\/2"}],"replies":[{"embeddable":true,"href":"https:\/\/www.europesays.com\/es\/wp-json\/wp\/v2\/comments?post=168660"}],"version-history":[{"count":0,"href":"https:\/\/www.europesays.com\/es\/wp-json\/wp\/v2\/posts\/168660\/revisions"}],"wp:featuredmedia":[{"embeddable":true,"href":"https:\/\/www.europesays.com\/es\/wp-json\/wp\/v2\/media\/168661"}],"wp:attachment":[{"href":"https:\/\/www.europesays.com\/es\/wp-json\/wp\/v2\/media?parent=168660"}],"wp:term":[{"taxonomy":"category","embeddable":true,"href":"https:\/\/www.europesays.com\/es\/wp-json\/wp\/v2\/categories?post=168660"},{"taxonomy":"post_tag","embeddable":true,"href":"https:\/\/www.europesays.com\/es\/wp-json\/wp\/v2\/tags?post=168660"}],"curies":[{"name":"wp","href":"https:\/\/api.w.org\/{rel}","templated":true}]}}