{"id":168666,"date":"2025-10-11T02:02:09","date_gmt":"2025-10-11T02:02:09","guid":{"rendered":"https:\/\/www.europesays.com\/es\/168666\/"},"modified":"2025-10-11T02:02:09","modified_gmt":"2025-10-11T02:02:09","slug":"macron-vuelve-a-nombrar-a-lecornu-como-primer-ministro","status":"publish","type":"post","link":"https:\/\/www.europesays.com\/es\/168666\/","title":{"rendered":"Macron vuelve a nombrar a Lecornu como primer ministro"},"content":{"rendered":"<p>Par\u00eds (EFE).- El presidente de Francia, Emmanuel Macron, volvi\u00f3 a nombrar este viernes a S\u00e9bastien Lecornu, quien hab\u00eda dimitido el pasado lunes, como primer ministro, tras una jornada de negociaciones para sacar al pa\u00eds del bloqueo pol\u00edtico en el que se encuentra.<\/p>\n<p>El fiel pol\u00edtico <a href=\"https:\/\/efe.com\/?s=Macron\" rel=\"nofollow noopener\" target=\"_blank\">macronista<\/a>, de 39 a\u00f1os, hab\u00eda presentado su renuncia al considerar que \u00abno se daban las condiciones\u00bb para seguir en el cargo, al que hab\u00eda llegado el pasado 9 de septiembre despu\u00e9s de que el centrista Fran\u00e7ois Bayrou perdiera una moci\u00f3n de confianza.<\/p>\n<p>Tras confirmarse su nombramiento, Lecornu dijo que \u00abhay que terminar con la inestabilidad pol\u00edtica que da\u00f1a la imagen de Francia y sus intereses\u00bb y asegur\u00f3 que su equipo de Gobierno estar\u00e1 formado por personalidades que no tengan ambiciones para las presidenciales de 2027.<\/p>\n<p>\u00abHar\u00e9 todo lo que est\u00e9 en mi mano para dotar de un Presupuesto a Francia hasta finales de a\u00f1o y para responder a los problemas de la vida cotidiana de nuestros compatriotas\u00bb, declar\u00f3 Lecornu en redes sociales.<\/p>\n<p>El mandatario franc\u00e9s hab\u00eda descartado el adelanto de las legislativas, tras reunirse con los l\u00edderes de los principales partidos moderados del pa\u00eds, un encuentro en el que los l\u00edderes de la izquierda mostraron su profundo descontento porque el primer ministro no ser\u00e1 nadie de su campo como reclamaban.<\/p>\n<p>Cronolog\u00eda de la crisis<\/p>\n<p>La segunda oportunidad a Lecornu pone fin a una semana trepidante, que comenz\u00f3 el pasado domingo, cuando el primer ministro eligi\u00f3 a un Gobierno muy continuista, que gener\u00f3 rencillas internas.<\/p>\n<p>El lunes por la ma\u00f1ana Lecornu present\u00f3 su dimisi\u00f3n, pero Macron le encarg\u00f3 sondear las opciones de generar una mayor\u00eda que evitara el adelanto electoral.<\/p>\n<p><img loading=\"lazy\" data-recalc-dims=\"1\" decoding=\"async\" width=\"900\" height=\"600\" src=\"https:\/\/www.europesays.com\/es\/wp-content\/uploads\/2025\/10\/EPA7696-DENMARK-EU-SUMMIT.webp\" alt=\"Macron vuelve a nombrar a Lecornu como primer ministro\" class=\"wp-image-2210680\" style=\"width:980px;height:auto\"  \/>El presidente franc\u00e9s, Emmanuel Macron. EFE\/EPA\/RADEK PIETRUSZKA\/ Archivo<\/p>\n<p>El mi\u00e9rcoles, el primer ministro en funciones le asegur\u00f3 a Macron que esa opci\u00f3n era mayoritaria y le recomend\u00f3 nombrar un nuevo primer ministro, al tiempo que se\u00f1al\u00f3 que su misi\u00f3n estaba \u00abacabada\u00bb.<\/p>\n<p>Pero dos d\u00edas m\u00e1s tarde, el presidente no ha encontrado otra opci\u00f3n mejor, a pocos d\u00edas de tener que presentarle al Consejo de Ministros el presupuesto para 2026, la prioridad del Ejecutivo.<\/p>\n<p>Reclamos por el primer ministro<\/p>\n<p>Macron reuni\u00f3 este viernes en el El\u00edseo a los grupos moderados, descartados la ultraderecha de Marine Le Pen y el grupo izquierdista de Jean-Luc M\u00e9lenchon.<\/p>\n<p>El primer secretario socialista, Olivier Faure, se quej\u00f3 de que Macron no les ha dado \u00abninguna respuesta clara\u00bb en los puntos que le han pedido, como una renuncia a la aprobaci\u00f3n de leyes por decreto o a la suspensi\u00f3n de la reforma de las pensiones, y advirti\u00f3 sobre la posible censura del primer ministro que pueda nombrar.<\/p>\n<p><img loading=\"lazy\" data-recalc-dims=\"1\" decoding=\"async\" width=\"900\" height=\"600\" src=\"https:\/\/www.europesays.com\/es\/wp-content\/uploads\/2025\/10\/EPA4768-FRANCE-POLITICS.webp\" alt=\"\" class=\"wp-image-2210793\" style=\"width:980px;height:auto\"  \/>Representantes de los partidos de izquierda franceses llegan al Palacio del El\u00edseo para reunirse con el presidente franc\u00e9s Emmanuel Macron en Par\u00eds. EFE\/EPA\/Teresa Su\u00e1rez<\/p>\n<p>En una l\u00ednea similar, la l\u00edder de los ecologistas, Marine Tondelier, denunci\u00f3 que, a la vista de lo que han escuchado en reuni\u00f3n, para el presidente \u00abnombrar a un primer ministro ecologista o de izquierdas no es su opci\u00f3n\u00bb.<\/p>\n<p>Al t\u00e9rmino del encuentro, el presidente asegur\u00f3 que exist\u00edan opciones de consenso y opt\u00f3 por mantener a su fiel colaborador al frente del Ejecutivo.<\/p>\n<p>En la reuni\u00f3n tambi\u00e9n participaron los principales responsables del macronismo, los antiguos primeros ministros \u00c9douard Philippe y Gabriel Attal, y los l\u00edderes del partido de la derecha tradicional Los Republicanos, Bruno Retailleau y Laurent Wauquiez.<\/p>\n<p>Lecornu se comprometi\u00f3 a formar un Gobierno que \u00abencarne la renovaci\u00f3n y la diversidad de competencias\u00bb, formado por figuras que no tengan ambiciones personales para las presidenciales de 2027.<\/p>\n<p>Lo que viene para Lecornu<\/p>\n<p>Su primera misi\u00f3n ser\u00e1 mantener unida a la alianza macronista, cada vez m\u00e1s cr\u00edtica con el presidente y en la que algunos de sus componentes se oponen a renunciar a la reforma de las pensiones.<\/p>\n<p>Adem\u00e1s, Lecornu tendr\u00e1 que convencer a la derecha moderada, cuyos votos son importantes para conseguir una mayor\u00eda de supervivencia, pero cuyo presidente, Bruno Retailleau, actual ministro del Interior en funciones, toma distancias con el macronismo.<\/p>\n<p>En tercer lugar, deber\u00e1 buscar el apoyo de la izquierda, en particular de los socialistas, cuyos 66 diputados son esenciales para conformar una mayor\u00eda, pero cuyos l\u00edderes exigen retirar la reforma de las pensiones.<\/p>\n<p>La tarea de Lecornu aparece m\u00e1s compleja de la que ten\u00eda sobre la mesa hace una semana, con la amenaza de una moci\u00f3n de censura de Le Pen y M\u00e9lenchon.<\/p>\n","protected":false},"excerpt":{"rendered":"Par\u00eds (EFE).- El presidente de Francia, Emmanuel Macron, volvi\u00f3 a nombrar este viernes a S\u00e9bastien Lecornu, quien hab\u00eda&hellip;\n","protected":false},"author":2,"featured_media":168667,"comment_status":"","ping_status":"","sticky":false,"template":"","format":"standard","meta":{"footnotes":""},"categories":[5],"tags":[17,18,4374,25,24,13,14,317,11,19,20,9,10,15,16,952,23,12,21,22],"class_list":{"0":"post-168666","1":"post","2":"type-post","3":"status-publish","4":"format-standard","5":"has-post-thumbnail","7":"category-titulares","8":"tag-breaking-news","9":"tag-breakingnews","10":"tag-elecciones","11":"tag-es","12":"tag-espana","13":"tag-featured-news","14":"tag-featurednews","15":"tag-francia","16":"tag-headlines","17":"tag-latest-news","18":"tag-latestnews","19":"tag-news","20":"tag-noticias","21":"tag-noticias-destacadas","22":"tag-noticiasdestacadas","23":"tag-politica","24":"tag-spain","25":"tag-titulares","26":"tag-ultimas-noticias","27":"tag-ultimasnoticias"},"share_on_mastodon":{"url":"","error":""},"_links":{"self":[{"href":"https:\/\/www.europesays.com\/es\/wp-json\/wp\/v2\/posts\/168666","targetHints":{"allow":["GET"]}}],"collection":[{"href":"https:\/\/www.europesays.com\/es\/wp-json\/wp\/v2\/posts"}],"about":[{"href":"https:\/\/www.europesays.com\/es\/wp-json\/wp\/v2\/types\/post"}],"author":[{"embeddable":true,"href":"https:\/\/www.europesays.com\/es\/wp-json\/wp\/v2\/users\/2"}],"replies":[{"embeddable":true,"href":"https:\/\/www.europesays.com\/es\/wp-json\/wp\/v2\/comments?post=168666"}],"version-history":[{"count":0,"href":"https:\/\/www.europesays.com\/es\/wp-json\/wp\/v2\/posts\/168666\/revisions"}],"wp:featuredmedia":[{"embeddable":true,"href":"https:\/\/www.europesays.com\/es\/wp-json\/wp\/v2\/media\/168667"}],"wp:attachment":[{"href":"https:\/\/www.europesays.com\/es\/wp-json\/wp\/v2\/media?parent=168666"}],"wp:term":[{"taxonomy":"category","embeddable":true,"href":"https:\/\/www.europesays.com\/es\/wp-json\/wp\/v2\/categories?post=168666"},{"taxonomy":"post_tag","embeddable":true,"href":"https:\/\/www.europesays.com\/es\/wp-json\/wp\/v2\/tags?post=168666"}],"curies":[{"name":"wp","href":"https:\/\/api.w.org\/{rel}","templated":true}]}}