{"id":168668,"date":"2025-10-11T02:09:20","date_gmt":"2025-10-11T02:09:20","guid":{"rendered":"https:\/\/www.europesays.com\/es\/168668\/"},"modified":"2025-10-11T02:09:20","modified_gmt":"2025-10-11T02:09:20","slug":"fernando-alonso-tiene-motivos-para-la-ilusion-con-aston-martin-el-fracaso-no-es-una-opcion","status":"publish","type":"post","link":"https:\/\/www.europesays.com\/es\/168668\/","title":{"rendered":"Fernando Alonso tiene motivos para la ilusi\u00f3n con Aston Martin: \u00abEl fracaso no es una opci\u00f3n\u00bb"},"content":{"rendered":"<p class=\"parrafo\">El 2026 promete ser <strong>un a\u00f1o de muchos cambios y novedades en la F\u00f3rmula 1<\/strong>, puesto que van a entrar en juego las nuevas regulaciones que pueden complicar y mucho lo que se vayan a encontrar los pilotos en la pista. Los equipos llevan a\u00f1os pensando en como adaptarse a ellas y es muy probable que los coches sean muy diferentes. As\u00ed como que el equilibrio de poder que hemos tenido en las pasadas temporadas <strong>se parezca bastante poco al que rija el &#8216;Gran Circo&#8217; desde marzo del pr\u00f3ximo a\u00f1o<\/strong>. El que mejor se adapte ganar\u00e1 y por eso hay escuder\u00edas que son <strong>muy optimistas<\/strong> pese a no pasar actualmente por su mejor momento.<\/p>\n<p class=\"parrafo\"><a href=\"https:\/\/www.estadiodeportivo.com\/motor\/formula-1\/disparan-las-expectativas-fernando-alonso-con-aston-martin-para-2026-20251008-515606.html\" target=\"_blank\" class=\"intext-link\" rel=\"nofollow noopener\">En este grupo de so\u00f1adores destaca un equipo por encima del resto, Aston Martin<\/a>. Los de Silverstone han fichado mucho talento para el equipo de desarrollo, tanto que es probable que ahora mismo no haya una f\u00e1brica con el nivel de mentes brillantes que manejan. La que brilla por encima de todos es <strong>Adrian Newey<\/strong>, que est\u00e1 d<strong>ise\u00f1ando el coche que puede llevarles a la gloria<\/strong>. Pero adem\u00e1s del ex de Red Bull han llegado muchos m\u00e1s, <strong>destacando sobre todo a Enrico Cardile<\/strong>, que tras unos a\u00f1os en Ferrari ser\u00e1 uno de los referentes de la nueva m\u00e1quina.<\/p>\n<p><img decoding=\"async\" src=\"https:\/\/www.europesays.com\/es\/wp-content\/uploads\/2025\/10\/deca4bd4-8b18-4724-906f-d8ded7017802_800x533.jpeg\" loading=\"lazy\"\/>La apuesta es clara<\/p>\n<p class=\"parrafo\">El italiano es uno de los ingenieros <strong>con m\u00e1s pedigr\u00ed del paddock<\/strong> y ha confesado que el optimismo en torno a lo que est\u00e1n creando es muy alto. <strong>Cardile ha dejado claro que lo van a hacer bien el a\u00f1o que viene\u00bb<\/strong>. Tanto que para \u00e9l en estos momentos, si mira a lo que viene, <strong>\u00abel fracaso no es una opci\u00f3n\u00bb<\/strong>. Sobre todo porque la apuesta que est\u00e1n haciendo es mastod\u00f3ntica. Sobre todo al tener tanto talento junto y que m\u00e1s all\u00e1 de eso, se est\u00e1 entendiendo a la perfecci\u00f3n. \u00abN<strong>o supone ning\u00fan problema tener a todos estos buenos ingenieros en el mismo edificio<\/strong>, trabajando juntos. <strong>Todos tienen un cometido claro<\/strong>, y nadie intenta hacer el trabajo de los dem\u00e1s\u00bb. <\/p>\n<p><a class=\"elementos-rel-t2\" href=\"https:\/\/www.estadiodeportivo.com\/motor\/formula-1\/disparan-las-expectativas-fernando-alonso-con-aston-martin-para-2026-20251008-515606.html\" title=\"Se disparan las expectativas de Fernando Alonso con Aston Martin para 2026\" rel=\"nofollow noopener\" target=\"_blank\">Se disparan las expectativas de Fernando Alonso con Aston Martin para 2026<img decoding=\"async\" src=\"https:\/\/www.europesays.com\/es\/wp-content\/uploads\/2025\/10\/d33deadb-84f2-4eb9-a114-6d8fce4829d1_320x180.jpeg\" alt=\"Se disparan las expectativas de Fernando Alonso con Aston Martin para 2026\"\/><\/a><a class=\"elementos-rel-t2\" href=\"https:\/\/www.estadiodeportivo.com\/motor\/formula-1\/carlos-sainz-rinde-marc-marquez-20251008-515581.html\" title=\"Carlos Sainz se rinde a Marc M\u00e1rquez\" rel=\"nofollow noopener\" target=\"_blank\">Carlos Sainz se rinde a Marc M\u00e1rquez<img decoding=\"async\" src=\"https:\/\/www.europesays.com\/es\/wp-content\/uploads\/2025\/10\/6c36be20-2f61-4a46-a852-e3adb7f4f7c0_320x180.jpeg\" alt=\"Carlos Sainz se rinde a Marc M\u00e1rquez\"\/><\/a><a class=\"elementos-rel-t2\" href=\"https:\/\/www.estadiodeportivo.com\/motor\/formula-1\/piastri-norris-empiezan-guerra-mclaren-20251009-515682.html\" title=\"Piastri y Norris empiezan la guerra en McLaren\" rel=\"nofollow noopener\" target=\"_blank\">Piastri y Norris empiezan la guerra en McLaren<img decoding=\"async\" src=\"https:\/\/www.europesays.com\/es\/wp-content\/uploads\/2025\/10\/a40d197d-ad33-4d83-8263-5c11926e1335_320x180.jpeg\" alt=\"Piastri y Norris empiezan la guerra en McLaren\"\/><\/a><\/p>\n<p class=\"parrafo\">Tambi\u00e9n porque tienen las mejores m\u00e1quinas a su alcance, por ejemplo <strong>el nuevo t\u00fanel de viento<\/strong>, una \u00abobra de arte\u00bb que les va a llevar al siguiente nivel. Por eso mismo <a href=\"https:\/\/www.estadiodeportivo.com\/motor\/formula-1\/fernando-alonso-marca-una-fecha-clave-para-futuro-formula-20251002-514744.html\" target=\"_blank\" class=\"intext-link\" rel=\"nofollow noopener\">Fernando Alonso puede estar m\u00e1s que contento<\/a>, ya que va a tener un coche que, si nada se tuerce, <strong>le va a permitir pelear de t\u00fa a t\u00fa con cualquier piloto o equipo que se proponga<\/strong>, algo que hace muchos a\u00f1os que no disfruta en su carrera.<\/p>\n","protected":false},"excerpt":{"rendered":"El 2026 promete ser un a\u00f1o de muchos cambios y novedades en la F\u00f3rmula 1, puesto que van&hellip;\n","protected":false},"author":2,"featured_media":168669,"comment_status":"","ping_status":"","sticky":false,"template":"","format":"standard","meta":{"footnotes":""},"categories":[270],"tags":[3077,1763,168,25,24,284,306,2096,271,272,2362,23,167],"class_list":{"0":"post-168668","1":"post","2":"type-post","3":"status-publish","4":"format-standard","5":"has-post-thumbnail","7":"category-formula-1","8":"tag-aston-martin","9":"tag-automovilismo","10":"tag-deportes","11":"tag-es","12":"tag-espana","13":"tag-estadio-deportivo","14":"tag-f1","15":"tag-fernando-alonso","16":"tag-formula-1","17":"tag-formula1","18":"tag-motor","19":"tag-spain","20":"tag-sports"},"share_on_mastodon":{"url":"","error":""},"_links":{"self":[{"href":"https:\/\/www.europesays.com\/es\/wp-json\/wp\/v2\/posts\/168668","targetHints":{"allow":["GET"]}}],"collection":[{"href":"https:\/\/www.europesays.com\/es\/wp-json\/wp\/v2\/posts"}],"about":[{"href":"https:\/\/www.europesays.com\/es\/wp-json\/wp\/v2\/types\/post"}],"author":[{"embeddable":true,"href":"https:\/\/www.europesays.com\/es\/wp-json\/wp\/v2\/users\/2"}],"replies":[{"embeddable":true,"href":"https:\/\/www.europesays.com\/es\/wp-json\/wp\/v2\/comments?post=168668"}],"version-history":[{"count":0,"href":"https:\/\/www.europesays.com\/es\/wp-json\/wp\/v2\/posts\/168668\/revisions"}],"wp:featuredmedia":[{"embeddable":true,"href":"https:\/\/www.europesays.com\/es\/wp-json\/wp\/v2\/media\/168669"}],"wp:attachment":[{"href":"https:\/\/www.europesays.com\/es\/wp-json\/wp\/v2\/media?parent=168668"}],"wp:term":[{"taxonomy":"category","embeddable":true,"href":"https:\/\/www.europesays.com\/es\/wp-json\/wp\/v2\/categories?post=168668"},{"taxonomy":"post_tag","embeddable":true,"href":"https:\/\/www.europesays.com\/es\/wp-json\/wp\/v2\/tags?post=168668"}],"curies":[{"name":"wp","href":"https:\/\/api.w.org\/{rel}","templated":true}]}}