{"id":168672,"date":"2025-10-11T02:11:08","date_gmt":"2025-10-11T02:11:08","guid":{"rendered":"https:\/\/www.europesays.com\/es\/168672\/"},"modified":"2025-10-11T02:11:08","modified_gmt":"2025-10-11T02:11:08","slug":"no-me-he-quedado-con-la-espinita-por-no-traer-a-algun-jugador","status":"publish","type":"post","link":"https:\/\/www.europesays.com\/es\/168672\/","title":{"rendered":"\u00abNo me he quedado con la espinita por no traer a alg\u00fan jugador\u00bb"},"content":{"rendered":"<p class=\"voc-p\" style=\"\">Despu\u00e9s de un gran mercado de fichajes en el que el <strong>Real Betis<\/strong> pudo cumplir el sue\u00f1o de sus aficionados de <a href=\"https:\/\/www.abc.es\/deportes\/alfinaldelapalmera\/noticias-betis\/representante-antony-sincera-regreso-betis-vuelto-lugar-20251009135355-nts.html\" target=\"_self\" data-voc-vtm-id=\"in-text-traffic\" title=\"traer de vuelta a Antony\" data-mrf-link=\"www.abc.es\" rel=\"nofollow noopener\">traer de vuelta a Antony<\/a>, adem\u00e1s de otros perfiles que andaba buscando el club como <strong>Amrabat o Valent\u00edn G\u00f3mez<\/strong>, hay b\u00e9ticos  &#8230; que siguen pensando en jugadores que sonaron mucho durante el verano, pero que no pudieron concretarse sus llegadas.<\/p>\n<p class=\"voc-p\" style=\"\">De esto y m\u00e1s temas ha hablado <strong>Manu Fajardo<\/strong>, director deportivo del <strong>Real Betis<\/strong>, en un entrevista concedida a &#8216;Informe Morrocotudo&#8217;, un podcast de Ismael Medina y Antonio Caama\u00f1o. Preguntado por <strong>Rolando Mandragora<\/strong>, pivote italiano de la Fiorentina, Fajardo ha optado por no hablar de nombres propios: \u00abCuando detecto en una negociaci\u00f3n que <strong>un jugador o su entorno no est\u00e1n dando el 200% para venir al Betis, r\u00e1pidamente pierdo el encanto<\/strong> como director deportivo. No me he quedado con la espinita en este mercado por no traer a alg\u00fan jugador\u00bb, declar\u00f3 el director deportivo verdiblanco.<\/p>\n<p class=\"voc-p\" style=\"\">Seguramente, el mediocentro transalpino de 28 a\u00f1os dej\u00f3 buenas sensaciones en la direcci\u00f3n deportiva heliopolitana tras el duelo que tuvieron en las semifinales de la <strong>Conference League<\/strong> de la temporada pasada. Complet\u00f3 ambos partidos, dando <strong>una asistencia<\/strong> en el partido de vuelta. A pesar de ello, el <strong>Betis<\/strong> descart\u00f3 su fichaje tras las incorporaciones de futbolistas de caracter\u00edsticas similares como <strong>Nelson Deossa y Sofyan Amrabat<\/strong>.<\/p>\n<p>\nArt\u00edculo solo para suscriptores\n<\/p>\n<p>Reportar un error<\/p>\n","protected":false},"excerpt":{"rendered":"Despu\u00e9s de un gran mercado de fichajes en el que el Real Betis pudo cumplir el sue\u00f1o de&hellip;\n","protected":false},"author":2,"featured_media":168673,"comment_status":"","ping_status":"","sticky":false,"template":"","format":"standard","meta":{"footnotes":""},"categories":[268],"tags":[6815,291,989,168,17035,1083,25,24,19463,280,282,378,7985,49248,281,23,167,15249],"class_list":{"0":"post-168672","1":"post","2":"type-post","3":"status-publish","4":"format-standard","5":"has-post-thumbnail","7":"category-futbol","8":"tag-6815","9":"tag-betis","10":"tag-dando","11":"tag-deportes","12":"tag-encanto","13":"tag-entorno","14":"tag-es","15":"tag-espana","16":"tag-fajardo","17":"tag-football","18":"tag-futbol","19":"tag-jugador","20":"tag-pierdo","21":"tag-rapidamente","22":"tag-soccer","23":"tag-spain","24":"tag-sports","25":"tag-venir"},"share_on_mastodon":{"url":"","error":""},"_links":{"self":[{"href":"https:\/\/www.europesays.com\/es\/wp-json\/wp\/v2\/posts\/168672","targetHints":{"allow":["GET"]}}],"collection":[{"href":"https:\/\/www.europesays.com\/es\/wp-json\/wp\/v2\/posts"}],"about":[{"href":"https:\/\/www.europesays.com\/es\/wp-json\/wp\/v2\/types\/post"}],"author":[{"embeddable":true,"href":"https:\/\/www.europesays.com\/es\/wp-json\/wp\/v2\/users\/2"}],"replies":[{"embeddable":true,"href":"https:\/\/www.europesays.com\/es\/wp-json\/wp\/v2\/comments?post=168672"}],"version-history":[{"count":0,"href":"https:\/\/www.europesays.com\/es\/wp-json\/wp\/v2\/posts\/168672\/revisions"}],"wp:featuredmedia":[{"embeddable":true,"href":"https:\/\/www.europesays.com\/es\/wp-json\/wp\/v2\/media\/168673"}],"wp:attachment":[{"href":"https:\/\/www.europesays.com\/es\/wp-json\/wp\/v2\/media?parent=168672"}],"wp:term":[{"taxonomy":"category","embeddable":true,"href":"https:\/\/www.europesays.com\/es\/wp-json\/wp\/v2\/categories?post=168672"},{"taxonomy":"post_tag","embeddable":true,"href":"https:\/\/www.europesays.com\/es\/wp-json\/wp\/v2\/tags?post=168672"}],"curies":[{"name":"wp","href":"https:\/\/api.w.org\/{rel}","templated":true}]}}