{"id":168674,"date":"2025-10-11T02:12:12","date_gmt":"2025-10-11T02:12:12","guid":{"rendered":"https:\/\/www.europesays.com\/es\/168674\/"},"modified":"2025-10-11T02:12:12","modified_gmt":"2025-10-11T02:12:12","slug":"todos-los-detalles-del-si-quiero-mas-esperado","status":"publish","type":"post","link":"https:\/\/www.europesays.com\/es\/168674\/","title":{"rendered":"todos los detalles del &#8216;s\u00ed, quiero&#8217; m\u00e1s esperado"},"content":{"rendered":"<p class=\"HOLA-TEMAS_5--TEXTO-1er-PARRAFO\" id=\"e26qveKG6eZo\" data-wc=\"153\">Est\u00e1n\u00a0casi en capilla, pues apenas les quedan unos d\u00edas para convertirse en marido y mujer. Ser\u00e1 el pr\u00f3ximo <a class=\"hm-link ho-link\" href=\"https:\/\/www.hola.com\/actualidad\/20250730847346\/alberto-herrera-y-blanca-llandres-fecha-exacta-lugar-boda-exclusiva\/\" data-mrf-recirculation=\"article-body-link\" rel=\"nofollow noopener\" target=\"_blank\">18 de octubre, a las doce del mediod\u00eda, en la bas\u00edlica menor de Nuestra Se\u00f1ora de la Caridad, en Sanl\u00facar de Barrameda,<\/a> donde <strong>Alberto Herrera y Blanca Llandres\u00a0<\/strong>se dar\u00e1n el \u00abs\u00ed, quiero\u00bb rodeados de familiares y amigos. Pero antes de ese gran d\u00eda, la pareja ha querido compartir un momento muy especial: su <strong>pedida de mano<\/strong>, celebrada, este s\u00e1bado, en El Merca\u00edto de Manolo Juli\u00e1. En un ambiente divertido y familiar, <a class=\"hm-link ho-link\" href=\"https:\/\/www.hola.com\/actualidad\/20251005859739\/alberto-herrera-y-blanca-llandres-celebran-su-pedida\/\" data-mrf-recirculation=\"article-body-link\" rel=\"nofollow noopener\" target=\"_blank\">Aberto y Blanca brindaron por su pr\u00f3xima boda y por la feliz espera de su primer hijo<\/a>, a quien llamar\u00e1n <strong>Marcos<\/strong>. Entre los asistentes se encontraban los <strong>padres de la pareja<\/strong>, Carlos Herrera y Maril\u00f3 Montero, por parte del novio, y Carlos Llandres y Blanca Parejo, madre de la novia, adem\u00e1s de sus <strong>respectivos hermanos<\/strong>, Roc\u00edo Crusset y \u00c1frica y Carlos Llandres.<\/p>\n<p>  <img src=\"https:\/\/www.europesays.com\/es\/wp-content\/uploads\/2025\/10\/471e0faba4d3-whatsapp-image-2025-10-06-at-123930-7cut.jpg\"   width=\"1080\" height=\"1800\" loading=\"lazy\" decoding=\"async\" alt=\"Alberto Herrera y Blanca Llandres durante la celebraci\u00f3n de su pedida de mano, que tuvo lugar en Sevilla el pasado 4 de octubre\" fetchpriority=\"auto\" class=\"image ho-image\"\/>\u00a9 @alberto.herreramAlberto Herrera y Blanca Llandres durante la celebraci\u00f3n de su pedida de mano, que tuvo lugar en Sevilla el pasado 4 de octubre<\/p>\n<p class=\"HOLA-TEMAS_5a--TEXTO-NORMAL\" id=\"eQ3bl-beMs0w\" data-wc=\"150\">Mientras tanto, los preparativos del enlace avanzan a buen ritmo. B<a class=\"hm-link ho-link\" href=\"https:\/\/www.hola.com\/actualidad\/20250926858063\/despedida-soltera-blanca-llandres\/\" data-mrf-recirculation=\"article-body-link\" rel=\"nofollow noopener\" target=\"_blank\">lanca lucir\u00e1 un dise\u00f1o de Nicol\u00e1s Montenegro, mientras que el novio vestir\u00e1 un traje de Tom\u00e1s Laso-Argos.<\/a> Tras la ceremonia, los reci\u00e9n casados y sus invitados se trasladar\u00e1n a \u00abFinca Marbella\u00bb, propiedad de la periodista Teresa de la Cierva, donde <strong>tendr\u00e1 lugar el almuerzo y la celebraci\u00f3n posterior<\/strong>.<strong>\u00a0El c\u00f3digo de vestimenta invita a la comodidad<\/strong>: no se permite el blanco y los hombres son libres de llevar o no corbata.<strong>\u00a0Parte del festejo se desarrollar\u00e1 sobre c\u00e9sped, por lo que se recomienda calzado estable,<\/strong> como tacones anchos o cu\u00f1as. Adem\u00e1s, para preservar la iglesia y la finca, <strong>los novios han pedido a sus invitados evitar el uso de arroz, confeti o bengalas.<\/strong> La fiesta concluir\u00e1 a las 00:30, aunque los m\u00e1s j\u00f3venes continuar\u00e1n la celebraci\u00f3n en la discoteca, <a class=\"hm-link ho-link\" href=\"https:\/\/www.hola.com\/actualidad\/20250929858535\/blanca-llandres-alberto-herrera-nombre-hijo-esperan\/\" data-mrf-recirculation=\"article-body-link\" rel=\"nofollow noopener\" target=\"_blank\">poniendo el broche final a una jornada que promete ser inolvidable.<\/a><\/p>\n<p> <img src=\"https:\/\/www.europesays.com\/es\/wp-content\/uploads\/2025\/10\/7720aba42d63-whatsapp-image-2025-10-06-at-113621-3.jpg\"   width=\"1080\" height=\"1080\" loading=\"lazy\" decoding=\"async\" alt=\"La pareja posa junto a los padres del novio, Carlos Herrera y Maril\u00f3 Montero, y su hermana, Roc\u00edo Crusset\" fetchpriority=\"auto\" class=\"image ho-image\"\/>\u00a9 @alberto.herreramLa pareja posa junto a los padres del novio, Carlos Herrera y Maril\u00f3 Montero, y su hermana, Roc\u00edo Crusset<\/p>\n<p> <img src=\"https:\/\/www.europesays.com\/es\/wp-content\/uploads\/2025\/10\/db6e4dbff9a6-whatsapp-image-2025-10-06-at-123930-5.jpg\"   width=\"1080\" height=\"1080\" loading=\"lazy\" decoding=\"async\" alt=\"Los futuros marido y mujer, con la familia de la novia. De izquierda a derecha: su t\u00eda Ana Ar\u00e9valo, su hermana, \u00c1frica, su madre, Blanca Parejo (detr\u00e1s), su hermano Carlos y su t\u00edo, Carlos Parejo\" fetchpriority=\"auto\" class=\"image ho-image\"\/>\u00a9 @alberto.herreramLos futuros marido y mujer, con la familia de la novia. De izquierda a derecha: su t\u00eda Ana Ar\u00e9valo, su hermana, \u00c1frica, su madre, Blanca Parejo (detr\u00e1s), su hermano Carlos y su t\u00edo, Carlos Parejo<\/p>\n","protected":false},"excerpt":{"rendered":"Est\u00e1n\u00a0casi en capilla, pues apenas les quedan unos d\u00edas para convertirse en marido y mujer. Ser\u00e1 el pr\u00f3ximo&hellip;\n","protected":false},"author":2,"featured_media":168675,"comment_status":"","ping_status":"","sticky":false,"template":"","format":"standard","meta":{"footnotes":""},"categories":[174],"tags":[3900,517,17915,255,3899,146,147,25,24,256,23],"class_list":{"0":"post-168674","1":"post","2":"type-post","3":"status-publish","4":"format-standard","5":"has-post-thumbnail","7":"category-famosos","8":"tag-hola","9":"tag-actualidad","10":"tag-alberto-herrera","11":"tag-celebrities","12":"tag-contenido-sensible","13":"tag-entertainment","14":"tag-entretenimiento","15":"tag-es","16":"tag-espana","17":"tag-famosos","18":"tag-spain"},"share_on_mastodon":{"url":"","error":""},"_links":{"self":[{"href":"https:\/\/www.europesays.com\/es\/wp-json\/wp\/v2\/posts\/168674","targetHints":{"allow":["GET"]}}],"collection":[{"href":"https:\/\/www.europesays.com\/es\/wp-json\/wp\/v2\/posts"}],"about":[{"href":"https:\/\/www.europesays.com\/es\/wp-json\/wp\/v2\/types\/post"}],"author":[{"embeddable":true,"href":"https:\/\/www.europesays.com\/es\/wp-json\/wp\/v2\/users\/2"}],"replies":[{"embeddable":true,"href":"https:\/\/www.europesays.com\/es\/wp-json\/wp\/v2\/comments?post=168674"}],"version-history":[{"count":0,"href":"https:\/\/www.europesays.com\/es\/wp-json\/wp\/v2\/posts\/168674\/revisions"}],"wp:featuredmedia":[{"embeddable":true,"href":"https:\/\/www.europesays.com\/es\/wp-json\/wp\/v2\/media\/168675"}],"wp:attachment":[{"href":"https:\/\/www.europesays.com\/es\/wp-json\/wp\/v2\/media?parent=168674"}],"wp:term":[{"taxonomy":"category","embeddable":true,"href":"https:\/\/www.europesays.com\/es\/wp-json\/wp\/v2\/categories?post=168674"},{"taxonomy":"post_tag","embeddable":true,"href":"https:\/\/www.europesays.com\/es\/wp-json\/wp\/v2\/tags?post=168674"}],"curies":[{"name":"wp","href":"https:\/\/api.w.org\/{rel}","templated":true}]}}