{"id":168678,"date":"2025-10-11T02:16:14","date_gmt":"2025-10-11T02:16:14","guid":{"rendered":"https:\/\/www.europesays.com\/es\/168678\/"},"modified":"2025-10-11T02:16:14","modified_gmt":"2025-10-11T02:16:14","slug":"john-lennon-cumpliria-hoy-85-anos-un-viaje-sentimental-por-su-legado-unico","status":"publish","type":"post","link":"https:\/\/www.europesays.com\/es\/168678\/","title":{"rendered":"John Lennon cumplir\u00eda hoy 85 a\u00f1os: Un viaje sentimental por su legado \u00fanico"},"content":{"rendered":"<p>Es curioso lo que la memoria recuerda de las personas cuando uno piensa en ellas de forma consciente, <b>lentes redondos con armaz\u00f3n delgado, nariz aguile\u00f1a, cabello largo y lacio, en ocasiones barba tupida, una figura delgada y alta<\/b>, adem\u00e1s de parte de su obra que demuestra la incre\u00edble genialidad que lo destacaba, es lo primero que aparece en la mente cuando recuerdas a <b>John Lennon<\/b>, <b>quien el d\u00eda de hoy cumplir\u00eda 85 a\u00f1os<\/b>.<\/p>\n<p><b>Nacido como John Winston Lennon un 9 de octubre de 1940, fue un artista en toda la extensi\u00f3n de la palabra, m\u00fasico, cantautor, compositor, productor, poeta, actor, escritor, activista y pacifista brit\u00e1nico<\/b>, conocido por ser fundador de la banda de rock &amp; roll The Beatles y considerado uno de los artistas m\u00e1s influyentes del siglo XX.<\/p>\n<p>En su adolescencia Lennon se vio inmerso en el boom brit\u00e1nico del skiffle, movimiento musical caracterizado por el uso de instrumentos caseros o econ\u00f3micos como cubos y tablas de lavar, y una mezcla de estilos como el blues, country y jazz. En Gran Breta\u00f1a, se convirti\u00f3 en un fen\u00f3meno social que inspir\u00f3 a innumerables bandas adolescentes y sirvi\u00f3 de plataforma para el desarrollo de futuras leyendas del rock como The Beatles.<\/p>\n<p>\u201cA los diecis\u00e9is o diecisiete a\u00f1os decid\u00ed que quer\u00eda que todo el mundo viera lo que hac\u00eda\u201d, explicaba Lennon en una entrevista en 1980. \u201cNo buscaba el esteticismo, ni el monasterio, ni al artista solitario al que supuestamente no le importa lo que piense la gente de su obra. Me importa mucho si la gente la odia o la ama, porque forma parte de m\u00ed y me duele cuando la odian, o cuando me odian, y es un placer cuando les gusta. Pero, como han dicho muchas figuras p\u00fablicas: \u201cLos elogios nunca son suficientes, y las cr\u00edticas siempre duelen\u201d.<\/p>\n<p>John Lennon es posiblemente el mejor compositor de su generaci\u00f3n, tanto como uno de los l\u00edderes del cuarteto de Liverpool como tambi\u00e9n de su etapa solista. Ha ganado siete premios Grammy, incluyendo dos premios a la trayectoria, cinco premios Brit, incluyendo dos premios especiales por su destacada contribuci\u00f3n a la m\u00fasica, 21 premios NME, 15 premios Ivor Novello y un Oscar.<\/p>\n<p>Ha sido incluido, luego de su muerte, en el Sal\u00f3n de la Fama del Rock and Roll y en el Sal\u00f3n de la Fama de los Compositores, y desde luego tiene una estrella en el Paseo de la Fama de Hollywood. En 2008, la revista Rolling Stone lo incluy\u00f3 entre los 5 mejores cantantes de todos los tiempos.<\/p>\n<p>Lennon consideraba sus canciones como fotos instant\u00e1neas de lo que pensaba y sent\u00eda al momento de componerlas y no verdades universales, aunque algunas de ellas siguen vigentes en la actualidad como \u201cImagine\u201d, quiz\u00e1s la canci\u00f3n m\u00e1s importante de su repertorio, se podr\u00eda entender porque al cantautor londinense estaba un poco harto de siempre interpretarla, tal cual le pas\u00f3 a Radiohead con \u201cCreep\u201d.<\/p>\n<p>El \u201cDr. Winston O\u2019Boogie\u201d, como se le conoc\u00eda tambi\u00e9n a Lennon, cre\u00eda que su la exigencia de su trabajo como artista \u00fanicamente era una absoluta honestidad emocional e intelectual. Creencia que estuvo presente desde su infancia, lo cual se reflej\u00f3 en sus canciones al no disimular lo que dec\u00eda en ellas o que se ajustara a lo que otros cre\u00edan, ni siquiera a los puntos de vista que \u00e9l mismo pudo haber sentido en alg\u00fan momento.<\/p>\n<p>Durante su \u00e9poca m\u00e1s \u00e1lgida, demostr\u00f3 un car\u00e1cter rebelde y un ingenio mordaz en su m\u00fasica, el cine, la literatura y el dibujo, as\u00ed como en sus declaraciones en conferencias de prensa y entrevistas. Como cuando asegur\u00f3 ser \u201cM\u00e1s populares que Jes\u00fas\u201d en 1966 a el peri\u00f3dico brit\u00e1nico \u2018London Evening Standard\u2019 y posteriormente en la revista estadounidense \u201cDatebook\u201d.<\/p>\n<p>Adem\u00e1s,<b> la pol\u00e9mica lo persigui\u00f3 debido a su constante activismo pol\u00edtico junto a Yoko Ono.<\/b> En 1971 se mud\u00f3 a Manhattan, donde su oposici\u00f3n a la guerra de Vietnam y su capacidad de movilizar gente dio lugar a numerosos intentos por parte del gobierno de Richard Nixon de encarcelarlo o expulsarlo del pa\u00eds; mientras, sus canciones fueron adoptadas como himnos de la contracultura.<\/p>\n<p>Tal fue la importancia del exbeatle que luego de publicar su \u00e1lbum junto a su esposa \u201cDouble fantasy\u201d en 1980 Lennon fue asesinado fuera de su hotel por un fan\u00e1tico, Mark David Chapman, que horas antes hab\u00eda recibido un aut\u00f3grafo del propio Lennon, convirti\u00e9ndolo literalmente en una leyenda que hoy en su cumplea\u00f1os 85 solo nos queda una solo pregunta, \u00bfqu\u00e9 hubiera pasado si siguiera vivo?<\/p>\n","protected":false},"excerpt":{"rendered":"Es curioso lo que la memoria recuerda de las personas cuando uno piensa en ellas de forma consciente,&hellip;\n","protected":false},"author":2,"featured_media":168679,"comment_status":"","ping_status":"","sticky":false,"template":"","format":"standard","meta":{"footnotes":""},"categories":[170],"tags":[146,147,25,24,7946,184,185,23],"class_list":{"0":"post-168678","1":"post","2":"type-post","3":"status-publish","4":"format-standard","5":"has-post-thumbnail","7":"category-musica","8":"tag-entertainment","9":"tag-entretenimiento","10":"tag-es","11":"tag-espana","12":"tag-john-lennon","13":"tag-music","14":"tag-musica","15":"tag-spain"},"share_on_mastodon":{"url":"","error":""},"_links":{"self":[{"href":"https:\/\/www.europesays.com\/es\/wp-json\/wp\/v2\/posts\/168678","targetHints":{"allow":["GET"]}}],"collection":[{"href":"https:\/\/www.europesays.com\/es\/wp-json\/wp\/v2\/posts"}],"about":[{"href":"https:\/\/www.europesays.com\/es\/wp-json\/wp\/v2\/types\/post"}],"author":[{"embeddable":true,"href":"https:\/\/www.europesays.com\/es\/wp-json\/wp\/v2\/users\/2"}],"replies":[{"embeddable":true,"href":"https:\/\/www.europesays.com\/es\/wp-json\/wp\/v2\/comments?post=168678"}],"version-history":[{"count":0,"href":"https:\/\/www.europesays.com\/es\/wp-json\/wp\/v2\/posts\/168678\/revisions"}],"wp:featuredmedia":[{"embeddable":true,"href":"https:\/\/www.europesays.com\/es\/wp-json\/wp\/v2\/media\/168679"}],"wp:attachment":[{"href":"https:\/\/www.europesays.com\/es\/wp-json\/wp\/v2\/media?parent=168678"}],"wp:term":[{"taxonomy":"category","embeddable":true,"href":"https:\/\/www.europesays.com\/es\/wp-json\/wp\/v2\/categories?post=168678"},{"taxonomy":"post_tag","embeddable":true,"href":"https:\/\/www.europesays.com\/es\/wp-json\/wp\/v2\/tags?post=168678"}],"curies":[{"name":"wp","href":"https:\/\/api.w.org\/{rel}","templated":true}]}}