{"id":168715,"date":"2025-10-11T02:51:08","date_gmt":"2025-10-11T02:51:08","guid":{"rendered":"https:\/\/www.europesays.com\/es\/168715\/"},"modified":"2025-10-11T02:51:08","modified_gmt":"2025-10-11T02:51:08","slug":"mateusz-gamrot-contra-ludovit-klein","status":"publish","type":"post","link":"https:\/\/www.europesays.com\/es\/168715\/","title":{"rendered":"Mateusz Gamrot contra Ludovit Klein"},"content":{"rendered":"<p>Mateusz Gamrot demostr\u00f3 en su posterior combate que es uno de los luchadores m\u00e1s dominantes en las 155 libras.<\/p>\n<p>En mayo, Gamrot, un contendiente clasificado, no tuvo problemas para pelear con un peligroso Ludovit Klein, que estaba fuera del top 15 de la divisi\u00f3n. Esa oscuridad en Las Vegas, Gamrot domin\u00f3 a Klein de principio a fin, ganando por intrepidez conforme. Esa conquista lo volvi\u00f3 a encaminar a posteriori de una derrota por intrepidez dividida en presencia de Dan Hooker.<\/p>\n<p>Puedes ver la ejemplar funci\u00f3n de Gamrot en el v\u00eddeo de hacia lo alto.<\/p>\n<p>Gamrot (25-3 MMA, 8-3 UFC) regresa a la embalaje el s\u00e1bado en el evento principal de UFC Fight Night 261 (ESPN+) en Farmasi Arena en R\u00edo de Janeiro. Se enfrentar\u00e1 al ex campe\u00f3n de peso f\u00fatil Charles Oliveira (35-11 MMA, 23-11 UFC) en una pelea de cinco asaltos.<\/p>\n","protected":false},"excerpt":{"rendered":"Mateusz Gamrot demostr\u00f3 en su posterior combate que es uno de los luchadores m\u00e1s dominantes en las 155&hellip;\n","protected":false},"author":2,"featured_media":168716,"comment_status":"","ping_status":"","sticky":false,"template":"","format":"standard","meta":{"footnotes":""},"categories":[276],"tags":[168,25,24,23,167,343],"class_list":{"0":"post-168715","1":"post","2":"type-post","3":"status-publish","4":"format-standard","5":"has-post-thumbnail","7":"category-ufc","8":"tag-deportes","9":"tag-es","10":"tag-espana","11":"tag-spain","12":"tag-sports","13":"tag-ufc"},"share_on_mastodon":{"url":"","error":""},"_links":{"self":[{"href":"https:\/\/www.europesays.com\/es\/wp-json\/wp\/v2\/posts\/168715","targetHints":{"allow":["GET"]}}],"collection":[{"href":"https:\/\/www.europesays.com\/es\/wp-json\/wp\/v2\/posts"}],"about":[{"href":"https:\/\/www.europesays.com\/es\/wp-json\/wp\/v2\/types\/post"}],"author":[{"embeddable":true,"href":"https:\/\/www.europesays.com\/es\/wp-json\/wp\/v2\/users\/2"}],"replies":[{"embeddable":true,"href":"https:\/\/www.europesays.com\/es\/wp-json\/wp\/v2\/comments?post=168715"}],"version-history":[{"count":0,"href":"https:\/\/www.europesays.com\/es\/wp-json\/wp\/v2\/posts\/168715\/revisions"}],"wp:featuredmedia":[{"embeddable":true,"href":"https:\/\/www.europesays.com\/es\/wp-json\/wp\/v2\/media\/168716"}],"wp:attachment":[{"href":"https:\/\/www.europesays.com\/es\/wp-json\/wp\/v2\/media?parent=168715"}],"wp:term":[{"taxonomy":"category","embeddable":true,"href":"https:\/\/www.europesays.com\/es\/wp-json\/wp\/v2\/categories?post=168715"},{"taxonomy":"post_tag","embeddable":true,"href":"https:\/\/www.europesays.com\/es\/wp-json\/wp\/v2\/tags?post=168715"}],"curies":[{"name":"wp","href":"https:\/\/api.w.org\/{rel}","templated":true}]}}