{"id":168721,"date":"2025-10-11T02:59:08","date_gmt":"2025-10-11T02:59:08","guid":{"rendered":"https:\/\/www.europesays.com\/es\/168721\/"},"modified":"2025-10-11T02:59:08","modified_gmt":"2025-10-11T02:59:08","slug":"el-guggenheim-retrasa-la-gala-anual-del-dia-15-para-no-coincidir-con-los-paros-pro-palestina","status":"publish","type":"post","link":"https:\/\/www.europesays.com\/es\/168721\/","title":{"rendered":"El Guggenheim retrasa la gala anual del d\u00eda 15 para no coincidir con los paros pro Palestina"},"content":{"rendered":"<p>El Guggenheim ha decidido cambiar su agenda de eventos para no coincidir con las protestas y movilizaciones convocadas por los sindicatos en favor del pueblo  &#8230; palestino que se visibilizar\u00e1n en toda Espa\u00f1a. El 15 de octubre abrir\u00e1 sus puertas con normalidad, pero habr\u00e1 un par de cambios: por un lado, se adelantar\u00e1 al martes la presentaci\u00f3n a los medios de comunicaci\u00f3n de la exposici\u00f3n de Maria Helena Vieira da Silva \u2013que abrir\u00e1 sus puertas el jueves\u2013 y, por otro, no se celebrar\u00e1 la cena de gala que por estas fechas agasaja todos los a\u00f1os a patronos, autoridades, empresas y benefactores del museo. El evento \u2013que siempre incluye una recepci\u00f3n formal, velada art\u00edstica y \u00e1gape\u2013 se ha trasladado al 24 de noviembre.<\/p>\n<p class=\"v-p\">Una carta de la directora general del Guggenheim, Miren Arzalluz, comunic\u00f3 ayer el cambio de fecha a los invitados a la cena, en su mayor\u00eda figuras relevantes del \u00e1mbito pol\u00edtico, cultural y empresarial del Pa\u00eds Vasco. En la misiva firmada por Arzalluz, m\u00e1xima autoridad del centro desde abril de este a\u00f1o, se recuerda al destinatario que el mi\u00e9rcoles \u00abse ha convocado una jornada de huelga general con paros y movilizaciones a nivel estatal. La coincidencia de estas circunstancias nos ha impulsado a realizar una reflexi\u00f3n, que hemos compartido con los miembros de nuestro Comit\u00e9 Ejecutivo, y que ha conducido a la decisi\u00f3n de posponer la Cena Anual\u00bb.<\/p>\n<p>Palanca de fidelizaci\u00f3n<\/p>\n<p class=\"v-p\">La jornada del 15 de octubre no facilitar\u00e1 la organizaci\u00f3n de grandes eventos. Los sindicatos CCOO y UGT han anunciado paros parciales de dos horas \u2013ma\u00f1ana, tarde y noche\u2013, adem\u00e1s de movilizaciones en todo el pa\u00eds, mientras que CGT ha llamado a una huelga general de 24 horas. \u00abNo se dan las condiciones y el contexto adecuados para que se desarrolle de la mejor manera para todos\u00bb, se\u00f1alaron fuentes del centro, sin ahondar en m\u00e1s explicaciones. La cena anual es una palanca de fidelizaci\u00f3n de patronos y empresas que busca la excelencia y evita los riesgos, ya sean log\u00edsticos, operativos o de imagen.<\/p>\n<p class=\"v-p\">No ser\u00e1 en todo caso la primera vez que la cena anual se organice en noviembre. Si bien habitualmente se ofrece en torno al 18 de octubre, fecha de la inauguraci\u00f3n del Guggenheim en 1997, nunca han dejado de tener cabida las excepciones, como en 2016, cuando se program\u00f3 el 10 de noviembre. Lo que no var\u00eda es el objetivo de la gala: dar las gracias a las muchas personas, empresas y entidades que han respaldado al coloso de titanio desde el principio. <\/p>\n","protected":false},"excerpt":{"rendered":"El Guggenheim ha decidido cambiar su agenda de eventos para no coincidir con las protestas y movilizaciones convocadas&hellip;\n","protected":false},"author":2,"featured_media":168722,"comment_status":"","ping_status":"","sticky":false,"template":"","format":"standard","meta":{"footnotes":""},"categories":[173],"tags":[229,233,231,230,48241,232,978,234,146,147,25,24,1649,983,293,76,11671,39575,23],"class_list":{"0":"post-168721","1":"post","2":"type-post","3":"status-publish","4":"format-standard","5":"has-post-thumbnail","7":"category-arte-y-diseno","8":"tag-arte","9":"tag-arte-y-diseno","10":"tag-arts","11":"tag-arts-and-design","12":"tag-coincidir","13":"tag-design","14":"tag-dia","15":"tag-diseno","16":"tag-entertainment","17":"tag-entretenimiento","18":"tag-es","19":"tag-espana","20":"tag-gala","21":"tag-guggenheim","22":"tag-jornada","23":"tag-palestina","24":"tag-pro","25":"tag-retrasa","26":"tag-spain"},"share_on_mastodon":{"url":"","error":""},"_links":{"self":[{"href":"https:\/\/www.europesays.com\/es\/wp-json\/wp\/v2\/posts\/168721","targetHints":{"allow":["GET"]}}],"collection":[{"href":"https:\/\/www.europesays.com\/es\/wp-json\/wp\/v2\/posts"}],"about":[{"href":"https:\/\/www.europesays.com\/es\/wp-json\/wp\/v2\/types\/post"}],"author":[{"embeddable":true,"href":"https:\/\/www.europesays.com\/es\/wp-json\/wp\/v2\/users\/2"}],"replies":[{"embeddable":true,"href":"https:\/\/www.europesays.com\/es\/wp-json\/wp\/v2\/comments?post=168721"}],"version-history":[{"count":0,"href":"https:\/\/www.europesays.com\/es\/wp-json\/wp\/v2\/posts\/168721\/revisions"}],"wp:featuredmedia":[{"embeddable":true,"href":"https:\/\/www.europesays.com\/es\/wp-json\/wp\/v2\/media\/168722"}],"wp:attachment":[{"href":"https:\/\/www.europesays.com\/es\/wp-json\/wp\/v2\/media?parent=168721"}],"wp:term":[{"taxonomy":"category","embeddable":true,"href":"https:\/\/www.europesays.com\/es\/wp-json\/wp\/v2\/categories?post=168721"},{"taxonomy":"post_tag","embeddable":true,"href":"https:\/\/www.europesays.com\/es\/wp-json\/wp\/v2\/tags?post=168721"}],"curies":[{"name":"wp","href":"https:\/\/api.w.org\/{rel}","templated":true}]}}