{"id":168735,"date":"2025-10-11T03:09:07","date_gmt":"2025-10-11T03:09:07","guid":{"rendered":"https:\/\/www.europesays.com\/es\/168735\/"},"modified":"2025-10-11T03:09:07","modified_gmt":"2025-10-11T03:09:07","slug":"el-premio-nobel-de-la-paz-a-maria-corina-machado-se-vuelve-contra-sanchez-y-zapatero","status":"publish","type":"post","link":"https:\/\/www.europesays.com\/es\/168735\/","title":{"rendered":"El premio Nobel de la Paz a Mar\u00eda Corina Machado se vuelve contra S\u00e1nchez y Zapatero"},"content":{"rendered":"<p style=\"\">Hubo un tiempo, casi todo el tiempo de hecho, en el que Espa\u00f1a era la voz autorizada en Europa para todo lo relacionado con Am\u00e9rica Latina en general y con Venezuela en particular. El idioma com\u00fan, los intereses comerciales y los lazos hist\u00f3ricos y de  &#8230; hermandad hac\u00edan que la opini\u00f3n de Madrid marcase la pauta a seguir por el conjunto de la Uni\u00f3n Europea (UE). Ese tiempo se esfum\u00f3 cuando el Gobierno de <a href=\"https:\/\/www.abc.es\/espana\/gobierno-encaja-tres-reveses-internacionales-semana-20251011200633-nt.html\" target=\"_self\" data-voc-vtm-id=\"in-text-traffic\" title=\"Pedro S\u00e1nchez\" rel=\"nofollow noopener\">Pedro S\u00e1nchez<\/a>, al ritmo de los consejos del expresidente Jos\u00e9 Luis Rodr\u00edguez Zapatero \u2013a quien la oposici\u00f3n venezolana acusa de ser un agente pr\u00f3ximo al chavismo\u2013 empez\u00f3 a contemporizar su compromiso democr\u00e1tico con el pa\u00eds que Crist\u00f3bal Col\u00f3n bautiz\u00f3 como Tierra de Gracia al avistar la costa de Paria en agosto de 1498.<\/p>\n<p class=\"voc-p\" style=\"\">Los opositores venezolanos, que tantas veces miraban al este, al otro lado del Atl\u00e1ntico, para encontrar un aliado en Espa\u00f1a, a quien confiaban la internacionalizaci\u00f3n de su causa, se topaban ahora con un \u00absilencio\u00bb atronador. Mar\u00eda Corina Machado, este viernes galardonada con el premio Nobel de la Paz, dec\u00eda de este \u00absilencio\u00bb que terminaba convirti\u00e9ndose en \u00abcomplicidad\u00bb con el r\u00e9gimen de Nicol\u00e1s Maduro. Su hemeroteca urgiendo al Gobierno a actuar contra la represi\u00f3n en Venezuela es abundante. Y por eso, su reconocimiento recibi\u00f3 un nuevo mutismo de la Moncloa y una enmienda a la totalidad a la pol\u00edtica exterior respecto al pa\u00eds sudamericano.<\/p>\n<p class=\"voc-p\" style=\"\">Este viernes en Madrid, en el palacio de Parcent, el ministro de la Presidencia, Justicia y Relaciones con las Cortes, el socialista F\u00e9lix Bola\u00f1os, reivindic\u00f3 la labor del Ejecutivo para la excarcelaci\u00f3n de Machado durante el tiempo que la retuvo en prisi\u00f3n el r\u00e9gimen bolivariano. Pero la percepci\u00f3n entre la oposici\u00f3n venezolana es que Espa\u00f1a podr\u00eda haber hecho m\u00e1s por su causa. Sobre todo, una figura que se contempla, en el mejor de los casos, con total escepticismo: la del expresidente Zapatero. Erigido en un mediador internacional entre el chavismo y la oposici\u00f3n venezolana, su labor cay\u00f3 en el descr\u00e9dito cuando despu\u00e9s de las elecciones presidenciales del 28 de julio del a\u00f1o pasado ni siquiera fue capaz de reclamar las actas electorales, como incluso hicieron sus colegas del Grupo de Puebla; el foro acad\u00e9mico de la izquierda latinoamericana.<\/p>\n<p class=\"voc-p\" style=\"\">\u00abEl se\u00f1or Zapatero, durante un largo tiempo, logr\u00f3 presentarse como &#8216;imparcial&#8217; en el conflicto venezolano. \u00c9l dec\u00eda en ese entonces que eso le permit\u00eda ser un interlocutor del r\u00e9gimen de Maduro. Pues ya hemos entendido qu\u00e9 tipo de interlocuci\u00f3n ten\u00eda y a qui\u00e9n le serv\u00eda. En primer lugar, negociar con secuestradores sin cuestionar sus cr\u00edmenes es una manera de avalarlos y, en segundo lugar, gestionar intereses particulares bajo la mesa, utilizando seres humanos como fichas de cambio, es algo abominable. Como le he dicho, la historia juzgar\u00e1 y ser\u00e1 implacable. El pueblo venezolano ya lo ha sido con estos personajes y, cuando esto se sepa, que se sabr\u00e1, no tengo duda de que el pueblo espa\u00f1ol tambi\u00e9n lo ser\u00e1\u00bb. Eso es lo que <a href=\"https:\/\/www.abc.es\/internacional\/maria-corina-machado-20250718100152-nt.html\" target=\"_self\" data-voc-vtm-id=\"in-text-traffic\" title=\"respondi\u00f3 Machado a ABC, en una entrevista hace solo tres meses\" data-mrf-link=\"www.abc.es\" rel=\"nofollow noopener\">respondi\u00f3 Machado a ABC, en una entrevista hace solo tres meses<\/a>, cuando la corresponsal de este diario en Caracas, <strong>Ludmila Vinogradoff<\/strong>, le pregunt\u00f3 por el papel del expresidente socialista.<\/p>\n<p>\nUna reflexi\u00f3n\n<\/p>\n<p class=\"voc-p\" style=\"\">Ya en 2020, Zapatero reclam\u00f3 desmarcarse de la posici\u00f3n del presidente de Estados Unidos, Donald Trump, y hacer una reflexi\u00f3n \u00abserena y sosegada\u00bb sobre la decisi\u00f3n de no reconocer las elecciones legislativas de Venezuela, que, seg\u00fan determin\u00f3 la UE, no cumplieron los est\u00e1ndares \u00abm\u00ednimos\u00bb exigidos a cualquier pa\u00eds democr\u00e1tico. El a\u00f1o pasado, con todo el mundo mirando a Venezuela y observadores internacionales en el pa\u00eds, Maduro se neg\u00f3 a publicar las actas y su comit\u00e9 electoral lo proclam\u00f3 vencedor. El Centro Carter present\u00f3 a la Organizaci\u00f3n de los Estados Americanos (OEA) actas de las presidenciales que, al contrario de lo que sosten\u00eda el oficialismo, otorgaban una victoria holgada a Edmundo Gonz\u00e1lez. Machado, previamente, hab\u00eda sido inhabilitada por el chavismo.<\/p>\n<p class=\"voc-p\" style=\"\">Zapatero call\u00f3 y el Gobierno de S\u00e1nchez se limit\u00f3 a exigir a Maduro la publicaci\u00f3n de las actas, sin dar pasos m\u00e1s all\u00e1. La labor del expresidente en Venezuela, para la ahora premio Nobel de la Paz, fue \u00ababominable\u00bb. Y por extensi\u00f3n, aunque el Ejecutivo de PSOE y Sumar s\u00ed fue t\u00edmidamente m\u00e1s lejos y reclam\u00f3 transparencia sin reconocer la victoria de nadie, el propio Consejo de Ministros queda ahora en entredicho. Especialmente el titular de la cartera de Exteriores, Jos\u00e9 Manuel Albares, quien en agosto del 2024 no solo no se distanci\u00f3 de Zapatero, convertido en una suerte de gur\u00fa del sanchismo, sino que asever\u00f3 que la Moncloa \u00abaprecia y valora\u00bb su trabajo de mediaci\u00f3n en Venezuela.<\/p>\n<p class=\"voc-title\">El expresidente pidi\u00f3 en 2020 que se reflexionase sobre el no reconocimiento de las elecciones y en 2024 no reclam\u00f3 las actas<\/p>\n<p class=\"voc-p\" style=\"\">En el Senado, el ministro Albares respald\u00f3 a Zapatero \u2013el PP y Vox han pedido al Gobierno que aclare sus v\u00ednculos con Venezuela, no solo pol\u00edticos, sino tambi\u00e9n econ\u00f3micos\u2013, y se neg\u00f3 a reconocer a Edmundo Gonz\u00e1lez como presidente electo de Venezuela, quien, de haberse respetado la voluntad de las urnas, deber\u00eda haber tomado posesi\u00f3n de su cargo el 10 de enero. La posici\u00f3n del Ejecutivo le deriv\u00f3 a un problema en la pol\u00edtica dom\u00e9stica, primero por la disonancia entre PSOE y Sumar y segundo por las discrepancias que afloraron con algunos de sus socios, como Junts y, especialmente, el PNV. <\/p>\n<p class=\"voc-p\" style=\"\">La vicepresidenta segunda del Gobierno y ministra de Trabajo, Yolanda D\u00edaz (Sumar), lleg\u00f3 a pedir el d\u00eda despu\u00e9s de los comicios, a pesar de que el r\u00e9gimen no public\u00f3 las actas oficiales, que hab\u00eda que reconocer el resultado, dando por ganador a Maduro, m\u00e1s all\u00e1 de reclamar \u00abtransparencia\u00bb. El PSOE, mientras tanto, insisti\u00f3 en que estas deb\u00edan ser reveladas antes de dar ning\u00fan paso en falso. Ese, el de evitar un movimiento que despu\u00e9s quedase en nada, es la justificaci\u00f3n a la que se ha acogido el Ejecutivo desde el principio para no aupar a Gonz\u00e1lez.<\/p>\n<p>\nExigencia deso\u00edda\n<\/p>\n<p class=\"voc-p\" style=\"\">La propia presidenta del PSOE, Cristina Narbona, record\u00f3 lo que sucedi\u00f3 con Juan Guaid\u00f3, quien fue reconocido por Espa\u00f1a y muchos otros pa\u00edses como presidente interino de Venezuela, pero que nunca tuvo capacidad real de desmantelar la dictadura. Esa postura no cal\u00f3 en el <a href=\"https:\/\/www.abc.es\/espana\/congreso-insta-gobierno-reconocer-edmundo-gonzalez-presidente-20240911132423-nt.html\" target=\"_self\" data-voc-vtm-id=\"in-text-traffic\" title=\"Congreso\" data-mrf-link=\"www.abc.es\" rel=\"nofollow noopener\">Congreso<\/a>, donde el Gobierno encaj\u00f3 una derrota parlamentaria al exigirle 177 diputados (PP, Vox, PNV, UPN y Coalici\u00f3n Canaria) el reconocimiento de Edmundo Gonz\u00e1lez. El Senado y el Parlamento Europeo tambi\u00e9n instaron a ello, pero el Ejecutivo se mantuvo en sus trece. <\/p>\n<p class=\"voc-title\">El Gobierno encaj\u00f3 una de sus derrotas m\u00e1s simb\u00f3licas al pedirle el Congreso que declarase a Gonz\u00e1lez presidente electo<\/p>\n<p class=\"voc-p\" style=\"\">Tambi\u00e9n gener\u00f3 gran controversia la salida de Gonz\u00e1lez de Venezuela a Espa\u00f1a, por las presuntas coacciones que recibi\u00f3 en la Embajada espa\u00f1ola en Caracas, y que Machado considera que fue una victoria del chavismo al dificultar su toma de posesi\u00f3n, prevista para el 10 de enero. La v\u00edspera, Machado sali\u00f3 de la clandestinidad para participar en la hist\u00f3rica manifestaci\u00f3n en la capital venezolana. En Madrid tuvo su eco, con venezolanos a los que apoyaron Alberto N\u00fa\u00f1ez Feij\u00f3o, Isabel D\u00edaz Ayuso, Jos\u00e9 Luis Mart\u00ednez-Almeida, Jos\u00e9 Mar\u00eda Aznar, Mariano Rajoy, Santiago Abascal&#8230; Nadie del Gobierno.<\/p>\n","protected":false},"excerpt":{"rendered":"Hubo un tiempo, casi todo el tiempo de hecho, en el que Espa\u00f1a era la voz autorizada en&hellip;\n","protected":false},"author":2,"featured_media":168736,"comment_status":"","ping_status":"","sticky":false,"template":"","format":"standard","meta":{"footnotes":""},"categories":[42],"tags":[17,18,35106,13,14,11,61,62,63,64,19,20,11576,1932,9,35262,10,15,16,11506,843,199,12,21,22,739,65,66,67,7472],"class_list":{"0":"post-168735","1":"post","2":"type-post","3":"status-publish","4":"format-standard","5":"has-post-thumbnail","7":"category-internacional","8":"tag-breaking-news","9":"tag-breakingnews","10":"tag-corina","11":"tag-featured-news","12":"tag-featurednews","13":"tag-headlines","14":"tag-internacional","15":"tag-international","16":"tag-international-news","17":"tag-internationalnews","18":"tag-latest-news","19":"tag-latestnews","20":"tag-machado","21":"tag-maria","22":"tag-news","23":"tag-nobel","24":"tag-noticias","25":"tag-noticias-destacadas","26":"tag-noticiasdestacadas","27":"tag-paz","28":"tag-premio","29":"tag-sanchez","30":"tag-titulares","31":"tag-ultimas-noticias","32":"tag-ultimasnoticias","33":"tag-vuelve","34":"tag-world","35":"tag-world-news","36":"tag-worldnews","37":"tag-zapatero"},"share_on_mastodon":{"url":"","error":""},"_links":{"self":[{"href":"https:\/\/www.europesays.com\/es\/wp-json\/wp\/v2\/posts\/168735","targetHints":{"allow":["GET"]}}],"collection":[{"href":"https:\/\/www.europesays.com\/es\/wp-json\/wp\/v2\/posts"}],"about":[{"href":"https:\/\/www.europesays.com\/es\/wp-json\/wp\/v2\/types\/post"}],"author":[{"embeddable":true,"href":"https:\/\/www.europesays.com\/es\/wp-json\/wp\/v2\/users\/2"}],"replies":[{"embeddable":true,"href":"https:\/\/www.europesays.com\/es\/wp-json\/wp\/v2\/comments?post=168735"}],"version-history":[{"count":0,"href":"https:\/\/www.europesays.com\/es\/wp-json\/wp\/v2\/posts\/168735\/revisions"}],"wp:featuredmedia":[{"embeddable":true,"href":"https:\/\/www.europesays.com\/es\/wp-json\/wp\/v2\/media\/168736"}],"wp:attachment":[{"href":"https:\/\/www.europesays.com\/es\/wp-json\/wp\/v2\/media?parent=168735"}],"wp:term":[{"taxonomy":"category","embeddable":true,"href":"https:\/\/www.europesays.com\/es\/wp-json\/wp\/v2\/categories?post=168735"},{"taxonomy":"post_tag","embeddable":true,"href":"https:\/\/www.europesays.com\/es\/wp-json\/wp\/v2\/tags?post=168735"}],"curies":[{"name":"wp","href":"https:\/\/api.w.org\/{rel}","templated":true}]}}