{"id":168739,"date":"2025-10-11T03:12:14","date_gmt":"2025-10-11T03:12:14","guid":{"rendered":"https:\/\/www.europesays.com\/es\/168739\/"},"modified":"2025-10-11T03:12:14","modified_gmt":"2025-10-11T03:12:14","slug":"handball-arranco-el-torneo-clausura-de-la-copa-olavarria","status":"publish","type":"post","link":"https:\/\/www.europesays.com\/es\/168739\/","title":{"rendered":"Handball: arranc\u00f3 el Torneo Clausura de la \u201cCopa Olavarr\u00eda\u201d"},"content":{"rendered":"<p><strong>Arranc\u00f3 el Torneo Clausura de la competencia que organiza la Subsecretar\u00eda de Deportes y Recreaci\u00f3n de la Municipalidad de Olavarr\u00eda para el handball de Primera Divisi\u00f3n.<\/strong><\/p>\n<p>\u00a0<\/p>\n<p>En el Parque Guerrero, comenz\u00f3 la segunda parte de la \u201cCopa Olavarr\u00eda\u201d organizada por el Municipio y Estudiantes fue local con sus dos equipos Masculinos y logr\u00f3 las victorias.<\/p>\n<p>\u00a0<\/p>\n<p>Los resultados:<\/p>\n<p>Estudiantes Blanco 31 \u2013 20 Universitario<\/p>\n<p>Estudiantes Negro 26 \u2013 22 Instituto<\/p>\n<p>\u00a0<\/p>\n<p>Fuente: Prensa CAE\u00a0<\/p>\n<p>\u00a0<\/p>\n","protected":false},"excerpt":{"rendered":"Arranc\u00f3 el Torneo Clausura de la competencia que organiza la Subsecretar\u00eda de Deportes y Recreaci\u00f3n de la Municipalidad&hellip;\n","protected":false},"author":2,"featured_media":168740,"comment_status":"","ping_status":"","sticky":false,"template":"","format":"standard","meta":{"footnotes":""},"categories":[278],"tags":[376,168,25,24,375,23,167],"class_list":{"0":"post-168739","1":"post","2":"type-post","3":"status-publish","4":"format-standard","5":"has-post-thumbnail","7":"category-balonmano","8":"tag-balonmano","9":"tag-deportes","10":"tag-es","11":"tag-espana","12":"tag-handball","13":"tag-spain","14":"tag-sports"},"share_on_mastodon":{"url":"","error":""},"_links":{"self":[{"href":"https:\/\/www.europesays.com\/es\/wp-json\/wp\/v2\/posts\/168739","targetHints":{"allow":["GET"]}}],"collection":[{"href":"https:\/\/www.europesays.com\/es\/wp-json\/wp\/v2\/posts"}],"about":[{"href":"https:\/\/www.europesays.com\/es\/wp-json\/wp\/v2\/types\/post"}],"author":[{"embeddable":true,"href":"https:\/\/www.europesays.com\/es\/wp-json\/wp\/v2\/users\/2"}],"replies":[{"embeddable":true,"href":"https:\/\/www.europesays.com\/es\/wp-json\/wp\/v2\/comments?post=168739"}],"version-history":[{"count":0,"href":"https:\/\/www.europesays.com\/es\/wp-json\/wp\/v2\/posts\/168739\/revisions"}],"wp:featuredmedia":[{"embeddable":true,"href":"https:\/\/www.europesays.com\/es\/wp-json\/wp\/v2\/media\/168740"}],"wp:attachment":[{"href":"https:\/\/www.europesays.com\/es\/wp-json\/wp\/v2\/media?parent=168739"}],"wp:term":[{"taxonomy":"category","embeddable":true,"href":"https:\/\/www.europesays.com\/es\/wp-json\/wp\/v2\/categories?post=168739"},{"taxonomy":"post_tag","embeddable":true,"href":"https:\/\/www.europesays.com\/es\/wp-json\/wp\/v2\/tags?post=168739"}],"curies":[{"name":"wp","href":"https:\/\/api.w.org\/{rel}","templated":true}]}}