{"id":16874,"date":"2025-07-31T18:13:07","date_gmt":"2025-07-31T18:13:07","guid":{"rendered":"https:\/\/www.europesays.com\/es\/16874\/"},"modified":"2025-07-31T18:13:07","modified_gmt":"2025-07-31T18:13:07","slug":"la-idea-de-khabib-nurmagomedov-para-revolucionar-las-mma","status":"publish","type":"post","link":"https:\/\/www.europesays.com\/es\/16874\/","title":{"rendered":"La idea de Khabib Nurmagomedov para revolucionar las MMA"},"content":{"rendered":"<p><a href=\"https:\/\/www.diariohuarpe.com\/tags\/khabib-nurmagomedov\" class=\"link-amp\" rel=\"dofollow noopener\" target=\"_blank\">Khabib Nurmagomedov<\/a>, excampe\u00f3n del Peso Ligero de\u00a0<strong>UFC <\/strong>y una figura respetada dentro del mundo de las <strong>Artes Marciales Mixtas<\/strong>, ha propuesto una reforma profunda en el reglamento actual de los combates. En declaraciones recientes al programa Hustle Show, el exluchador ruso sugiri\u00f3 eliminar por completo los tradicionales asaltos, buscando ofrecer un espect\u00e1culo m\u00e1s din\u00e1mico y continuo para los aficionados.<\/p>\n<p>Actualmente, las reglas de\u00a0<strong>UFC <\/strong>establecen que la mayor\u00eda de los enfrentamientos se dividen en tres asaltos de cinco minutos, con excepci\u00f3n de las peleas estelares o por t\u00edtulo, que se extienden a cinco asaltos. Sin embargo, para <strong>Khabib<\/strong>, este formato interrumpe el ritmo natural del combate. \u00abDeber\u00edan eliminar los asaltos, que los peleadores entren y simplemente peleen\u00bb, afirm\u00f3. Su propuesta contempla combates de 15 minutos continuos en peleas regulares y 25 minutos en disputas por cinturones.<\/p>\n<p>La revolucionaria propuesta de\u00a0Khabib Nurmagomedov<\/p>\n<p>La sugerencia de <strong><a href=\"https:\/\/www.instagram.com\/khabib_nurmagomedov\/\" class=\"link-amp\" rel=\"dofollow noopener\" target=\"_blank\">Khabib\u00a0Nurmagomedov<\/a> <\/strong>no ha pasado desapercibida, y ya genera debate entre expertos y fan\u00e1ticos. Si bien su enfoque apunta a elevar la intensidad del espect\u00e1culo, tambi\u00e9n implica riesgos: los luchadores tendr\u00edan menos oportunidades para recuperar el aliento y reordenar sus estrategias, lo que podr\u00eda afectar tanto la duraci\u00f3n como la calidad t\u00e1ctica de los combates.<\/p>\n<p>El tambi\u00e9n entrenador de <strong>Islam Makhachev<\/strong> sostiene que este cambio aportar\u00eda un mayor dinamismo y emoci\u00f3n al deporte, alineando m\u00e1s las peleas con la resistencia y la capacidad real de los atletas. \u00abLas peleas normales deben durar 15 minutos, mientras que en las que se dispute un t\u00edtulo, 25\u00bb, explic\u00f3 el exluchador, quien ha mantenido una postura firme en defensa de una <strong>UFC <\/strong>m\u00e1s emocionante y menos estructurada.<\/p>\n<p>Aunque se trata de una propuesta audaz, todav\u00eda no ha habido una respuesta oficial por parte de la organizaci\u00f3n. No obstante, las declaraciones de <strong>Khabib <\/strong>ya han encendido una conversaci\u00f3n en la comunidad de las <strong>MMA <\/strong>sobre c\u00f3mo evolucionar el formato sin comprometer la seguridad y el desempe\u00f1o de los peleadores.<\/p>\n<p>\u00a0<\/p>\n<p><script async src=\"\/\/www.instagram.com\/embed.js\"><\/script><\/p>\n","protected":false},"excerpt":{"rendered":"Khabib Nurmagomedov, excampe\u00f3n del Peso Ligero de\u00a0UFC y una figura respetada dentro del mundo de las Artes Marciales&hellip;\n","protected":false},"author":2,"featured_media":16875,"comment_status":"","ping_status":"","sticky":false,"template":"","format":"standard","meta":{"footnotes":""},"categories":[276],"tags":[168,25,24,23,167,343],"class_list":{"0":"post-16874","1":"post","2":"type-post","3":"status-publish","4":"format-standard","5":"has-post-thumbnail","7":"category-ufc","8":"tag-deportes","9":"tag-es","10":"tag-espana","11":"tag-spain","12":"tag-sports","13":"tag-ufc"},"share_on_mastodon":{"url":"","error":""},"_links":{"self":[{"href":"https:\/\/www.europesays.com\/es\/wp-json\/wp\/v2\/posts\/16874","targetHints":{"allow":["GET"]}}],"collection":[{"href":"https:\/\/www.europesays.com\/es\/wp-json\/wp\/v2\/posts"}],"about":[{"href":"https:\/\/www.europesays.com\/es\/wp-json\/wp\/v2\/types\/post"}],"author":[{"embeddable":true,"href":"https:\/\/www.europesays.com\/es\/wp-json\/wp\/v2\/users\/2"}],"replies":[{"embeddable":true,"href":"https:\/\/www.europesays.com\/es\/wp-json\/wp\/v2\/comments?post=16874"}],"version-history":[{"count":0,"href":"https:\/\/www.europesays.com\/es\/wp-json\/wp\/v2\/posts\/16874\/revisions"}],"wp:featuredmedia":[{"embeddable":true,"href":"https:\/\/www.europesays.com\/es\/wp-json\/wp\/v2\/media\/16875"}],"wp:attachment":[{"href":"https:\/\/www.europesays.com\/es\/wp-json\/wp\/v2\/media?parent=16874"}],"wp:term":[{"taxonomy":"category","embeddable":true,"href":"https:\/\/www.europesays.com\/es\/wp-json\/wp\/v2\/categories?post=16874"},{"taxonomy":"post_tag","embeddable":true,"href":"https:\/\/www.europesays.com\/es\/wp-json\/wp\/v2\/tags?post=16874"}],"curies":[{"name":"wp","href":"https:\/\/api.w.org\/{rel}","templated":true}]}}