{"id":168743,"date":"2025-10-11T03:14:11","date_gmt":"2025-10-11T03:14:11","guid":{"rendered":"https:\/\/www.europesays.com\/es\/168743\/"},"modified":"2025-10-11T03:14:11","modified_gmt":"2025-10-11T03:14:11","slug":"chimaev-reta-a-pereira-a-una-superpelea-subiendo-dos-divisiones","status":"publish","type":"post","link":"https:\/\/www.europesays.com\/es\/168743\/","title":{"rendered":"Chimaev reta a Pereira a una superpelea&#8230; \u00a1Subiendo dos divisiones!"},"content":{"rendered":"<p data-mrf-recirculation=\"Links P\u00e1rrafos\" class=\"ue-c-article__paragraph paragraph ue-c-article--first-letter-highlighted\">Alex Pereira es el <strong>nombre del momento.<\/strong> El peleador brasile\u00f1o recuper\u00f3 su aura el pasado s\u00e1bado en el UFC 320 volver a conseguir el<strong> cintur\u00f3n de peso semipesado<\/strong> tras vengarse de Magomed Ankalaev con un K.O. en apenas <strong>80 segundos.<\/strong> Tras esta gesta, &#8216;Poatan&#8217; est\u00e1 en boca de todo el mundo, y ha reconocido que su intenci\u00f3n es subir a<strong> peso pesado<\/strong> a seguir haciendo historia y convertirse en el <strong>primer triple campe\u00f3n<\/strong> de la UFC. Uno de los primeros peleadores en retarle ha sido<strong> Khamzat Chimaev<\/strong>, que estar\u00eda dispuesto a subir <strong>dos divisiones <\/strong>para enfrentarle en el peso completo.<\/p>\n<p data-mrf-recirculation=\"Links P\u00e1rrafos\" class=\"ue-c-article__paragraph paragraph\">&#8216;Borz&#8217; comenz\u00f3 su andadura en la UFC en el <strong>peso w\u00e9lter,<\/strong> pero despu\u00e9s de sufrir varios<strong> problemas de salud<\/strong> y alg\u00fan que otro contratiempo con los cortes de peso decidi\u00f3 subir a <strong>peso medio<\/strong>, donde se convirti\u00f3 en <strong>campe\u00f3n<\/strong> el pasado agosto tras dominar durante cinco asaltos a Dricus Du Plessis. A pesar de que todav\u00eda no ha defendido el t\u00edtulo, Chimaev tambi\u00e9n tiene la <strong>intenci\u00f3n<\/strong> de ser campe\u00f3n en varias divisiones, y ha visto en Pereira el nombre perfecto para formar parte de una<strong> superpelea.<\/strong><\/p>\n<blockquote class=\"ue-c-article__blockquote\">\n<p>No encontrar\u00e1s una superpelea mejor que la nuestra<\/p>\n<p>Khamzat Chimaev, a Alex Pereira<\/p><\/blockquote>\n<p data-mrf-recirculation=\"Links P\u00e1rrafos\" class=\"ue-c-article__paragraph paragraph\">\u00abEstoy listo para pelear contigo en el peso pesado. No encontrar\u00e1s una superpelea mejor que la nuestra. <strong>No Chama<\/strong>, eso es &#8216;Smash Everybody'\u00bb, escribi\u00f3 en su cuenta de &#8216;X&#8217; despu\u00e9s de la victoria del brasile\u00f1o. Este duelo ser\u00eda un <strong>choque de estilos<\/strong> entre uno de los mejores strikers de la UFC y el<strong> mejor grappler <\/strong>de la compa\u00f1\u00eda, pero es una idea ut\u00f3pica teniendo en cuenta el punto en el que se encuentran ambos. De hecho, seguramente Chimaev tenga que defender <strong>una o dos veces<\/strong> su cintur\u00f3n de peso medio antes de subir siquiera a peso semipesado.<\/p>\n<p><img decoding=\"async\" width=\"1980\" height=\"1320\" class=\"ue-c-article__image lazyload\" alt=\"Alex Pereira tras recuperar el cintur\u00f3n de peso semipesado ante Magomed Ankalaev.\" loading=\"lazy\" src=\"https:\/\/www.europesays.com\/es\/wp-content\/uploads\/2025\/10\/1759922349_835_68e2081b8da25.jpeg\"\/><\/p>\n<p>Alex Pereira tras recuperar el cintur\u00f3n de peso semipesado ante Magomed Ankalaev.UFC.<\/p>\n<p>Pereira responde<\/p>\n<p data-mrf-recirculation=\"Links P\u00e1rrafos\" class=\"ue-c-article__paragraph paragraph\">En la rueda de prensa posterior al UFC 320, Pereira fue preguntado al respecto del reto de Chimaev, aunque prefiri\u00f3 <strong>darle largas<\/strong>. &#8216;Poatan&#8217; tiene como objetivo principal un combate contra <strong>Jon Jones<\/strong> -GOAT de la UFC- en la cartelera de la <strong>Casa Blanca <\/strong>del pr\u00f3ximo 14 de junio de 2026, o en detrimento una <strong>pelea titular<\/strong> en el peso pesado ante el ganador del combate entre <strong>Tom Aspinall <\/strong>y Ciryl Gane que se disputar\u00e1 a finales de octubre en el<strong> UFC 321. <\/strong>Khamzat no forma parte de su hoja de ruta, y as\u00ed se lo ha hecho saber.<\/p>\n<blockquote class=\"ue-c-article__blockquote\">\n<p>Quiero una pelea en peso pesado<\/p>\n<p>Alex Pereira, tras el UFC 320<\/p><\/blockquote>\n<p data-mrf-recirculation=\"Links P\u00e1rrafos\" class=\"ue-c-article__paragraph paragraph\">\u00abGracias por felicitarme, pero <strong>todo lo que quiero<\/strong> es una superpelea. Quiero una pelea en peso pesado\u00bb, reconoci\u00f3 el brasile\u00f1o. La<strong> \u00fanica posibilidad <\/strong>de que ambos se enfrentasen ser\u00eda que Alex decidiese mantenerse en el peso semipesado para defender su cintur\u00f3n, pero la <strong>falta de rivales<\/strong>\u00a0podr\u00eda ser un factor clave para su cambio de categor\u00eda. &#8216;Poatan&#8217; ya ha <strong>noqueado<\/strong> a Jiri Prochazka -dos veces-, Magomed Ankalaev, Jamahal Hill y Khalil Rountree Jr,  por lo que el <strong>\u00fanico rival <\/strong>al que le queda por vencer en la parte alta del r\u00e1nking es <strong>Carlos Ulberg.<\/strong><\/p>\n<p data-mrf-recirculation=\"Links P\u00e1rrafos\" class=\"ue-c-article__paragraph paragraph\">Pereira ya es considerado uno de los <strong>mejores peleadores<\/strong> de la historia de la compa\u00f1\u00eda, y a sus<strong> 38 a\u00f1os<\/strong> le queda poco por demostrar. Solo busca peleas de<strong> legado<\/strong> y, a pesar de que Chimaev supondr\u00eda un gran nombre que a\u00f1adir a su historial, al brasile\u00f1o le llaman m\u00e1s la atenci\u00f3n otros peleadores. La <strong>\u00faltima palabra<\/strong> la tiene la UFC, que sabe que lo l\u00f3gico para Chimaev es un combate contra<strong> Nassourdine Imavov<\/strong> en peso medio en los pr\u00f3ximos meses. El caso de Pereira es <strong>m\u00e1s complicado<\/strong>, ya que depende de diversos factores.<\/p>\n","protected":false},"excerpt":{"rendered":"Alex Pereira es el nombre del momento. El peleador brasile\u00f1o recuper\u00f3 su aura el pasado s\u00e1bado en el&hellip;\n","protected":false},"author":2,"featured_media":168744,"comment_status":"","ping_status":"","sticky":false,"template":"","format":"standard","meta":{"footnotes":""},"categories":[276],"tags":[168,25,24,23,167,343],"class_list":{"0":"post-168743","1":"post","2":"type-post","3":"status-publish","4":"format-standard","5":"has-post-thumbnail","7":"category-ufc","8":"tag-deportes","9":"tag-es","10":"tag-espana","11":"tag-spain","12":"tag-sports","13":"tag-ufc"},"share_on_mastodon":{"url":"","error":""},"_links":{"self":[{"href":"https:\/\/www.europesays.com\/es\/wp-json\/wp\/v2\/posts\/168743","targetHints":{"allow":["GET"]}}],"collection":[{"href":"https:\/\/www.europesays.com\/es\/wp-json\/wp\/v2\/posts"}],"about":[{"href":"https:\/\/www.europesays.com\/es\/wp-json\/wp\/v2\/types\/post"}],"author":[{"embeddable":true,"href":"https:\/\/www.europesays.com\/es\/wp-json\/wp\/v2\/users\/2"}],"replies":[{"embeddable":true,"href":"https:\/\/www.europesays.com\/es\/wp-json\/wp\/v2\/comments?post=168743"}],"version-history":[{"count":0,"href":"https:\/\/www.europesays.com\/es\/wp-json\/wp\/v2\/posts\/168743\/revisions"}],"wp:featuredmedia":[{"embeddable":true,"href":"https:\/\/www.europesays.com\/es\/wp-json\/wp\/v2\/media\/168744"}],"wp:attachment":[{"href":"https:\/\/www.europesays.com\/es\/wp-json\/wp\/v2\/media?parent=168743"}],"wp:term":[{"taxonomy":"category","embeddable":true,"href":"https:\/\/www.europesays.com\/es\/wp-json\/wp\/v2\/categories?post=168743"},{"taxonomy":"post_tag","embeddable":true,"href":"https:\/\/www.europesays.com\/es\/wp-json\/wp\/v2\/tags?post=168743"}],"curies":[{"name":"wp","href":"https:\/\/api.w.org\/{rel}","templated":true}]}}