{"id":168753,"date":"2025-10-11T03:23:10","date_gmt":"2025-10-11T03:23:10","guid":{"rendered":"https:\/\/www.europesays.com\/es\/168753\/"},"modified":"2025-10-11T03:23:10","modified_gmt":"2025-10-11T03:23:10","slug":"esteban-lamothe-lee-poesia-todos-los-dias-al-despertarse-y-antes-de-dormir","status":"publish","type":"post","link":"https:\/\/www.europesays.com\/es\/168753\/","title":{"rendered":"Esteban Lamothe lee poes\u00eda todos los d\u00edas: al despertarse y antes de dormir"},"content":{"rendered":"<p>Acaba de empezar la primavera y la ciudad est\u00e1 llena de sol. Se filtra a media tarde por los amplios ventanales del departamento de Esteban Lamothe en el barrio de Colegiales, junto con los brotes verdes de las copas de los \u00e1rboles que asoman por el balc\u00f3n. Llegamos a la casa de este actor argentino de cine, teatro y televisi\u00f3n para hablar de libros y lecturas, porque lo sabemos apasionado por la poes\u00eda y quer\u00edamos averiguar un poco m\u00e1s sobre sus gustos y preferencias. Nos recibe despu\u00e9s de terminar las grabaciones de la tercera temporada de Envidiosa, justo antes de volver a ocuparse en otros proyectos que lo tendr\u00e1n viajando mucho. Su biblioteca es alta y ancha, y ocupa toda una pared de su living, enmarcando la sala. Est\u00e1 dividida en diversas secciones que iremos revisando y sobre ella reposan tambi\u00e9n adornos y fotograf\u00edas, objetos y plantas. <strong>\u201c<\/strong>Perd\u00ed muchos libros a lo largo de mi vida. Me mud\u00e9 muchas veces, tuve muchas convivencias, y as\u00ed los libros se fueron quedando en otras casas\u201d, confiesa apenas encendemos el grabador.<\/p>\n<p><strong>\u2013\u00bfNo pudiste negociar qu\u00e9 dejar y con qu\u00e9 quedarte?<\/strong><\/p>\n<p>De una convivencia me fui muy r\u00e1pido y no me quise llevar nada ni volver a buscarlos. De la otra no me fui r\u00e1pido, pero prefer\u00ed dejarlos ah\u00ed. No me gusta guardar cosas, no comulgo con eso. Ten\u00eda como ciento cincuenta CDs y se los regal\u00e9 a mi hermano. Lo \u00fanico que guardo son libros. Y tambi\u00e9n me pas\u00f3 en otra \u00e9poca que tuve una novia que era muy celosa y me arranc\u00f3 todas las dedicatorias. Terrible. Me dej\u00f3 varios libros rotos. Me acuerdo perfecto del d\u00eda que llegu\u00e9 a casa y estaban todas las dedicatorias arrancadas, como dici\u00e9ndome: \u201cVoy a borrar tu pasado\u2026\u201d.\u00a0<\/p>\n<p>Suscribite para recibir un alerta cada vez que <strong>Malena Rey<\/strong> publique un nuevo art\u00edculo.<\/p>\n<p><strong>\u2013\u00a1No! \u00a1Qu\u00e9 tremendo! Pero empecemos por el principio. \u00bfC\u00f3mo te fuiste formando como lector?<\/strong><\/p>\n<p>En mi casa no hab\u00eda libros. Mi mam\u00e1 ten\u00eda uno de Leo Buscaglia, que me parece que era de ense\u00f1anzas motivacionales, y mi pap\u00e1 otro que ten\u00eda tambi\u00e9n mucha gente que no lee, que se llama Las nueve revelaciones. Un best-seller descomunal, porque por algo le lleg\u00f3 a mi pap\u00e1 a Florentino Ameghino, el pueblo donde nac\u00ed en la provincia de Buenos Aires. No hab\u00eda libros, pero s\u00ed me contaban cuentos, y tambi\u00e9n lo oral aparec\u00eda en los relatos, en las mentiras, el chusmer\u00edo de pueblo estaba muy presente. A\u00f1os despu\u00e9s, cuando le\u00ed a Manuel Puig, dije: \u201c\u00a1Ah, claro! Mi infancia era as\u00ed\u201d. De hecho mi pueblo queda pegado a General Villegas, de donde era Puig. La pel\u00edcula Boquitas pintadas no se estren\u00f3 en Villegas porque \u00e9l era persona non grata. Se proyect\u00f3 en Ameghino y todos vinieron a verla. De Manuel Puig ten\u00eda varios libros y perd\u00ed muchos. De todos los autores que leo, es el que mejor envejeci\u00f3, me parece: sigue siendo tremendamente moderno. El que m\u00e1s me gusta es el de las dos viejas: Cae la noche tropical.\u00a0<\/p>\n<p><img loading=\"lazy\" decoding=\"async\" width=\"1000\" height=\"667\" src=\"https:\/\/www.europesays.com\/es\/wp-content\/uploads\/2025\/10\/image2-1000x667.jpg.webp.webp\" alt=\"\" class=\"wp-image-48688 lazyload\"  data- style=\"--smush-placeholder-width: 1000px; --smush-placeholder-aspect-ratio: 1000\/667;\" data-smush-webp-fallback=\"{&quot;src&quot;:&quot;https:\\\/\\\/cenital.com\\\/wp-content\\\/uploads\\\/2025\\\/10\\\/image2-1000x667.jpg&quot;,&quot;srcset&quot;:&quot;https:\\\/\\\/cenital.com\\\/wp-content\\\/uploads\\\/2025\\\/10\\\/image2-1000x667.jpg 1000w, https:\\\/\\\/cenital.com\\\/wp-content\\\/uploads\\\/2025\\\/10\\\/image2-720x480.jpg 720w, https:\\\/\\\/cenital.com\\\/wp-content\\\/uploads\\\/2025\\\/10\\\/image2-768x512.jpg 768w, https:\\\/\\\/cenital.com\\\/wp-content\\\/uploads\\\/2025\\\/10\\\/image2-1536x1024.jpg 1536w, https:\\\/\\\/cenital.com\\\/wp-content\\\/uploads\\\/2025\\\/10\\\/image2-270x180.jpg 270w, https:\\\/\\\/cenital.com\\\/wp-content\\\/uploads\\\/2025\\\/10\\\/image2-600x400.jpg 600w, https:\\\/\\\/cenital.com\\\/wp-content\\\/uploads\\\/2025\\\/10\\\/image2-1200x800.jpg 1200w, https:\\\/\\\/cenital.com\\\/wp-content\\\/uploads\\\/2025\\\/10\\\/image2-120x80.jpg 120w, https:\\\/\\\/cenital.com\\\/wp-content\\\/uploads\\\/2025\\\/10\\\/image2-250x167.jpg 250w, https:\\\/\\\/cenital.com\\\/wp-content\\\/uploads\\\/2025\\\/10\\\/image2.jpg 1999w&quot;}\"\/>Esteban Lamothe en su casa de Colegiales. Foto: Cristina Sille.<\/p>\n<p><strong>\u2013\u00bfY entonces cu\u00e1ndo te encontraste con la lectura?<\/strong><\/p>\n<p><strong>Cenital no es gratis: lo banca su audiencia. Y ahora te toca a vos.<\/strong>\u00a0En Cenital entendemos al periodismo como un servicio p\u00fablico. Por eso nuestras notas siempre estar\u00e1n accesibles para todos. Pero investigar es caro y la parte m\u00e1s ardua del trabajo period\u00edstico no se ve. Por eso le pedimos a quienes puedan que se sumen a nuestro c\u00edrculo de Mejores amigos y nos permitan seguir creciendo. Si te gusta lo que hacemos, sumate vos tambi\u00e9n.<\/p>\n<p><a href=\"https:\/\/cenital.com\/sumate\/\" data-message=\"msg-cenital-no-es-gratis\" class=\"cta-button button button--yellow\" rel=\"nofollow noopener\" target=\"_blank\">Sumate<\/a><\/p>\n<p>En la secundaria. Nos dieron de leer a Horacio Quiroga y a Lorca. Fueron lecturas importantes, era buena la profesora de literatura. Era mala de temperamento, pero nos hac\u00eda apasionar bastante por la lectura. \u00bfTe imagin\u00e1s lo que \u00e9ramos nosotros en la escuela? \u00a1Re simios! El primer cuento que le\u00ed de Quiroga fue \u201cA la deriva\u201d, que narra lo que le pasa a un tipo cuando lo pica una v\u00edbora. Los s\u00edntomas lo van invadiendo, est\u00e1 a la deriva en su balsa yendo hacia un hospital y pens\u00e1s que se va a salvar, pero no. Yo hasta ese momento no sab\u00eda que en la narraci\u00f3n pod\u00eda existir la crueldad. Pensaba que las cosas empezaban de una forma y que despu\u00e9s terminaban en general bien, y si terminaban mal no era con esa crueldad. Ac\u00e1 el tipo empieza a tener todos los s\u00edntomas de alguien que est\u00e1 envenenado y no puede respirar y es muy minuciosa la descripci\u00f3n. De hecho la \u00faltima oraci\u00f3n del cuento es: \u201cY ces\u00f3 de respirar\u201d. Tremendo. Me parti\u00f3 la cabeza. Se me revel\u00f3 algo. Y por Horacio Quiroga llegu\u00e9 al cuento de Jack London que es muy parecido [\u201cEncender una hoguera\u201d] y quiz\u00e1s se lo rob\u00f3. Ah\u00ed el tipo se muere de fr\u00edo y va contando c\u00f3mo se va quedando congelado. Empec\u00e9 a leer por mi cuenta reci\u00e9n a los veintipico. Mi primer libro me lo debo haber comprado en el 96.<\/p>\n<p><img loading=\"lazy\" decoding=\"async\" width=\"1000\" height=\"667\" src=\"https:\/\/www.europesays.com\/es\/wp-content\/uploads\/2025\/10\/image10-1000x667.jpg.webp.webp\" alt=\"\" class=\"wp-image-48689 lazyload\"  data- style=\"--smush-placeholder-width: 1000px; --smush-placeholder-aspect-ratio: 1000\/667;\" data-smush-webp-fallback=\"{&quot;src&quot;:&quot;https:\\\/\\\/cenital.com\\\/wp-content\\\/uploads\\\/2025\\\/10\\\/image10-1000x667.jpg&quot;,&quot;srcset&quot;:&quot;https:\\\/\\\/cenital.com\\\/wp-content\\\/uploads\\\/2025\\\/10\\\/image10-1000x667.jpg 1000w, https:\\\/\\\/cenital.com\\\/wp-content\\\/uploads\\\/2025\\\/10\\\/image10-720x480.jpg 720w, https:\\\/\\\/cenital.com\\\/wp-content\\\/uploads\\\/2025\\\/10\\\/image10-768x512.jpg 768w, https:\\\/\\\/cenital.com\\\/wp-content\\\/uploads\\\/2025\\\/10\\\/image10-1536x1024.jpg 1536w, https:\\\/\\\/cenital.com\\\/wp-content\\\/uploads\\\/2025\\\/10\\\/image10-270x180.jpg 270w, https:\\\/\\\/cenital.com\\\/wp-content\\\/uploads\\\/2025\\\/10\\\/image10-600x400.jpg 600w, https:\\\/\\\/cenital.com\\\/wp-content\\\/uploads\\\/2025\\\/10\\\/image10-1200x800.jpg 1200w, https:\\\/\\\/cenital.com\\\/wp-content\\\/uploads\\\/2025\\\/10\\\/image10-120x80.jpg 120w, https:\\\/\\\/cenital.com\\\/wp-content\\\/uploads\\\/2025\\\/10\\\/image10-250x167.jpg 250w, https:\\\/\\\/cenital.com\\\/wp-content\\\/uploads\\\/2025\\\/10\\\/image10.jpg 1999w&quot;}\"\/>Foto: Cris Sille<\/p>\n<p><strong>\u2013\u00bfY en ese momento c\u00f3mo eleg\u00edas qu\u00e9 leer?<\/strong><\/p>\n<p>Me ense\u00f1\u00f3 a leer un compa\u00f1ero que tuve en una parrilla en la que trabaj\u00e9 diez a\u00f1os por Puerto Madero. Yo ten\u00eda 20, 22 a\u00f1os, y \u00e9l siempre nos tra\u00eda a m\u00ed y a un mont\u00f3n de mozos distintos libros, y nos present\u00f3 pel\u00edculas. Nos trajo cosas de Carver, por ejemplo. <a href=\"https:\/\/www.anagrama-ed.es\/libro\/panorama-de-narrativas\/la-conjura-de-los-necios\/9788433930149\/PN_14\" rel=\"nofollow noopener\" target=\"_blank\">La conjura de los necios<\/a> de John Kennedy Toole, que no s\u00e9 c\u00f3mo habr\u00e1 envejecido, pero si lo le\u00edas en ese momento eras parte de algo\u2026 Tremenda data nos tir\u00f3 ese chab\u00f3n, a m\u00ed y a otros pibes que despu\u00e9s se dedicaron a otras cosas. \u00c9l se llama Juan Ameijeiras, y no lo vi m\u00e1s, pero cada tanto lo nombro en alguna nota porque tambi\u00e9n me ayud\u00f3 a estudiar teatro. Me hizo ir a ver las obras de Bart\u00eds en su momento, de Federico Le\u00f3n. Para esa \u00e9poca fue el primer Bafici, y fui con \u00e9l a una retrospectiva de Cassavetes en f\u00edlmico. Fue una \u00e9poca muy buena, de mucha excitaci\u00f3n y tambi\u00e9n de ir leyendo en el colectivo y no poder parar. Fascinaci\u00f3n total.<\/p>\n<p><strong>\u2013\u00bfY ahora c\u00f3mo pas\u00e1s de un libro a otro?<\/strong><\/p>\n<p>No s\u00e9 cu\u00e1l es la l\u00f3gica. Siempre que me gusta un autor, trato de seguir ley\u00e9ndolo. Por ejemplo ahora le\u00ed a Alice Munro y me gust\u00f3, as\u00ed que me compr\u00e9 dos libros suyos m\u00e1s. Pero al tercero ya me canso, o ya entiendo la din\u00e1mica, o ya la voz me satura. Soy un lector bastante inconstante, no como <a href=\"https:\/\/cenital.com\/rafael-ferro-un-adicto-a-los-libros-que-no-tiene-una-biblioteca-estan-por-toda-la-casa\/\" rel=\"nofollow noopener\" target=\"_blank\">Rafa Ferro<\/a> o Gonzalo Heredia. Ellos leen compulsivamente; si est\u00e1s en el camar\u00edn y tienen un libro, ni te hablan. Yo no. Poes\u00eda s\u00ed leo siempre, desde hace unos seis o siete a\u00f1os. Leo todos los d\u00edas algunos poemas a la ma\u00f1ana y antes de dormir. Siento que leer poes\u00eda es una cosa pura, soy muy fan\u00e1tico. A veces pienso que dejar\u00eda la narrativa para siempre. Pero me impongo leer narrativa tambi\u00e9n. Ahora estoy leyendo una novela de Jacqueline Golbert que se llama <a href=\"https:\/\/www.penguinlibros.com\/ar\/literatura-contemporanea\/323124-libro-no-me-importa-que-me-ames-9789877804027\" rel=\"nofollow noopener\" target=\"_blank\">No me importa que me ames<\/a>, que transcurre en un restaurante. Es simp\u00e1tica y divertida. Me gustan los cuentos familiares situados en los pueblitos, en el campo con las gallinas, que me cuentan lo que le pasa a los matrimonios, la infidelidad. Una especie de drama familiar.\u00a0<\/p>\n<p><strong>\u2013\u00bfSos de marcar los libros?<\/strong><\/p>\n<p>A veces subrayo mucho. Depende. Subrayar es cortar, como poner pausa en una pel\u00edcula. A veces me relajo y trato de dejarlo de lado y no hacerlo, pero de repente me doy cuenta de que s\u00ed quiero marcar algo puntual. Y otras veces me gusta tanto el libro que lo marco todo. Eso es lo m\u00e1s lindo. Ah\u00ed tiro la lapicera y digo: este libro es genial.\u00a0\u00a0<\/p>\n<p><img loading=\"lazy\" decoding=\"async\" width=\"1000\" height=\"667\" src=\"https:\/\/www.europesays.com\/es\/wp-content\/uploads\/2025\/10\/image5-1000x667.jpg.webp.webp\" alt=\"\" class=\"wp-image-48690 lazyload\"  data- style=\"--smush-placeholder-width: 1000px; --smush-placeholder-aspect-ratio: 1000\/667;\" data-smush-webp-fallback=\"{&quot;src&quot;:&quot;https:\\\/\\\/cenital.com\\\/wp-content\\\/uploads\\\/2025\\\/10\\\/image5-1000x667.jpg&quot;,&quot;srcset&quot;:&quot;https:\\\/\\\/cenital.com\\\/wp-content\\\/uploads\\\/2025\\\/10\\\/image5-1000x667.jpg 1000w, https:\\\/\\\/cenital.com\\\/wp-content\\\/uploads\\\/2025\\\/10\\\/image5-720x480.jpg 720w, https:\\\/\\\/cenital.com\\\/wp-content\\\/uploads\\\/2025\\\/10\\\/image5-768x512.jpg 768w, https:\\\/\\\/cenital.com\\\/wp-content\\\/uploads\\\/2025\\\/10\\\/image5-1536x1024.jpg 1536w, https:\\\/\\\/cenital.com\\\/wp-content\\\/uploads\\\/2025\\\/10\\\/image5-270x180.jpg 270w, https:\\\/\\\/cenital.com\\\/wp-content\\\/uploads\\\/2025\\\/10\\\/image5-600x400.jpg 600w, https:\\\/\\\/cenital.com\\\/wp-content\\\/uploads\\\/2025\\\/10\\\/image5-1200x800.jpg 1200w, https:\\\/\\\/cenital.com\\\/wp-content\\\/uploads\\\/2025\\\/10\\\/image5-120x80.jpg 120w, https:\\\/\\\/cenital.com\\\/wp-content\\\/uploads\\\/2025\\\/10\\\/image5-250x167.jpg 250w, https:\\\/\\\/cenital.com\\\/wp-content\\\/uploads\\\/2025\\\/10\\\/image5.jpg 1999w&quot;}\"\/>Foto: Cris Sille.<\/p>\n<p>Actores que leen y escriben\u00a0<\/p>\n<p>Nos sentamos un rato en la mesa a tomar caf\u00e9 y soda, y la conversaci\u00f3n contin\u00faa a partir de la relaci\u00f3n que hay o que deja de haber entre la actuaci\u00f3n y la escritura, con todas sus aristas desplegadas.<\/p>\n<p><strong>\u2013\u00bfLe\u00e9s teatro?<\/strong><\/p>\n<p>No, no me gusta mucho leer teatro, de hecho. Ahora tengo 48, quiz\u00e1s despu\u00e9s de los 50 me ponga a leer obras de teatro. Es un g\u00e9nero que debe estar bueno, pero yo lo abord\u00e9 desde otro lugar. Me parec\u00eda mejor leer un libro de Carver o de cualquier autor y despu\u00e9s trabajar con eso. Encontraba aburridas las obras de teatro, las didascalias, pero de a poco me llaman m\u00e1s la atenci\u00f3n. Los profesores de teatro que tuve te iban diciendo qu\u00e9 leer, pero no para repetir un texto sino para ir fogueando la imaginaci\u00f3n. Bart\u00eds por ejemplo nos daba de leer a Lamborghini, a Perlongher, y los trabaj\u00e1bamos en la clase.\u00a0<\/p>\n<p><strong>\u2013Vos est\u00e1s hace muchos a\u00f1os en un grupo de teatro con el que hacen obras de Romina Paula, que escribe tanto narrativa como dramaturgia. \u00bfTe llega por ah\u00ed algo de su trabajo literario?<\/strong><\/p>\n<p>En el grupo con Romina trabajamos de una manera muy extra\u00f1a. Muchas veces en los grupos de actores se trabaja a partir de la improvisaci\u00f3n. Nosotros improvisamos un poco al comienzo del proceso, pero despu\u00e9s la verdad es que Romina escribe unas obras que son s\u00faper literarias. No est\u00e1n escritas como hablamos nosotros, y nuestro trabajo es apropi\u00e1rnoslas. Eso es lo m\u00e1s interesante de trabajar con ella: que hay un texto adelante siempre. Ella trabaja muy bien con la oralidad. Las voces que construye son muy veros\u00edmiles, tiene una voz propia. Y escribe de una forma muy correcta en el buen sentido. No nos deja de hecho modificar mucho los textos. Y eso que somos amigos, nos re\u00edmos de las mismas cosas.\u00a0<\/p>\n<p><strong>\u2013Estaba rastreando tu trayectoria y vi que trabajaste en varias adaptaciones de libros a la pantalla: <\/strong><strong>Abzurdah<\/strong><strong> de Cielo Latini y <\/strong><strong>El cuaderno de Tomy<\/strong><strong>, basado en <\/strong><strong>El cuaderno de Nippur<\/strong><strong>, un libro muy conmovedor de Mar\u00eda V\u00e1zquez. Y ahora se supo que vas a tener un papel en la adaptaci\u00f3n de la novela <\/strong><strong>Glaxo<\/strong><strong> de Hern\u00e1n Ronsino a cargo de Benjam\u00edn Naishtat. Son interpretaciones que parten de materiales m\u00e1s o menos literarios. En estos casos, \u00bfvas a las fuentes y las le\u00e9s?<\/strong><\/p>\n<p>S\u00ed y no. Es que las pel\u00edculas a veces se distancian mucho de los libros originales, as\u00ed que no es tan lineal la adaptaci\u00f3n. En el caso de El cuaderno de Tomy fue intenso porque me junt\u00e9 con el marido de ella, que era la persona a la que ten\u00eda que interpretar. Estuvimos toda una tarde en su casa charlando y tomando mil mates. Me cont\u00f3 con detalles la historia del c\u00e1ncer de Mar\u00eda y de su muerte, y estaba la biblioteca de ella ah\u00ed presente. Eso me impresion\u00f3 mucho. Ah\u00ed de verdad se me puso la piel de gallina y se me aceler\u00f3 el coraz\u00f3n. Me acuerdo que ten\u00eda muchos libros de Banana Yoshimoto. Cuando me acerqu\u00e9 a la biblioteca, me pareci\u00f3 que ella estaba ah\u00ed, pude sentir su presencia. Y eso no me serv\u00eda nada para mi personaje, pero me gener\u00f3 algo en el cuerpo. En alg\u00fan lugar se filtra eso.\u00a0<\/p>\n<p><img loading=\"lazy\" decoding=\"async\" width=\"1000\" height=\"667\" src=\"https:\/\/www.europesays.com\/es\/wp-content\/uploads\/2025\/10\/image12-1000x667.jpg.webp.webp\" alt=\"\" class=\"wp-image-48691 lazyload\"  data- style=\"--smush-placeholder-width: 1000px; --smush-placeholder-aspect-ratio: 1000\/667;\" data-smush-webp-fallback=\"{&quot;src&quot;:&quot;https:\\\/\\\/cenital.com\\\/wp-content\\\/uploads\\\/2025\\\/10\\\/image12-1000x667.jpg&quot;,&quot;srcset&quot;:&quot;https:\\\/\\\/cenital.com\\\/wp-content\\\/uploads\\\/2025\\\/10\\\/image12-1000x667.jpg 1000w, https:\\\/\\\/cenital.com\\\/wp-content\\\/uploads\\\/2025\\\/10\\\/image12-720x480.jpg 720w, https:\\\/\\\/cenital.com\\\/wp-content\\\/uploads\\\/2025\\\/10\\\/image12-768x512.jpg 768w, https:\\\/\\\/cenital.com\\\/wp-content\\\/uploads\\\/2025\\\/10\\\/image12-1536x1024.jpg 1536w, https:\\\/\\\/cenital.com\\\/wp-content\\\/uploads\\\/2025\\\/10\\\/image12-270x180.jpg 270w, https:\\\/\\\/cenital.com\\\/wp-content\\\/uploads\\\/2025\\\/10\\\/image12-600x400.jpg 600w, https:\\\/\\\/cenital.com\\\/wp-content\\\/uploads\\\/2025\\\/10\\\/image12-1200x800.jpg 1200w, https:\\\/\\\/cenital.com\\\/wp-content\\\/uploads\\\/2025\\\/10\\\/image12-120x80.jpg 120w, https:\\\/\\\/cenital.com\\\/wp-content\\\/uploads\\\/2025\\\/10\\\/image12-250x167.jpg 250w, https:\\\/\\\/cenital.com\\\/wp-content\\\/uploads\\\/2025\\\/10\\\/image12.jpg 1999w&quot;}\"\/>Esteban Lamothe, en su casa. Foto Cris Sille.<\/p>\n<p><strong>\u2013\u00bfY vos escrib\u00eds? \u00bfFuiste a alg\u00fan taller literario?<\/strong><\/p>\n<p>S\u00ed, empec\u00e9 a escribir. Tengo muchos cuadernos. Ya escrib\u00eda cuando era chiquito unos poemas que despu\u00e9s tir\u00e9 porque me daban verg\u00fcenza. Me hab\u00eda comprado unos libros con las letras traducidas de The Cure y copiaba por completo el estilo en un espa\u00f1ol de Anagrama mal\u00edsimo. De hecho ten\u00eda una banda de rock y, como en mi pueblo nadie conoc\u00eda a The Cure, el primer tema que compuse se llamaba \u201cCinco chicos imaginarios\u201d como el disco, igual (bueno, le cambi\u00e9 la cantidad de chicos, porque <a href=\"https:\/\/open.spotify.com\/intl-es\/album\/0jYmAPQezr1aG75KerJCdG?si=vF03uyq7St-5hTiDDuO8eA\" target=\"_blank\" rel=\"nofollow noopener\">el original<\/a> es \u201cThree Imaginary Boys\u201d). Mis poemas de juventud eran as\u00ed, medio tristes, hablaban del amor de la infancia que se fue, como las canciones de The Cure, porque soy fan\u00e1tico. Y en esta nueva etapa m\u00e1s adulta me puse a escribir porque me dieron ganas. Hace un tiempo que estoy m\u00e1s conectado con mi infancia y mi adolescencia, con una etapa que despu\u00e9s olvid\u00e9 y que ahora me est\u00e1 apareciendo en el cuerpo, y los poemas vienen por ah\u00ed. Y tambi\u00e9n por el lado de los animales, que me gustan mucho, y todo el v\u00ednculo que tuve con ellos.<\/p>\n<p><strong>\u2013\u00bfY das a leer esos poemas? \u00bfLos trabaj\u00e1s con alguien?<\/strong><\/p>\n<p>Tengo muchos amigos poetas, pero no quer\u00eda meterlos en ese berenjenal y que me opinen los poemas, porque me hacen eso a m\u00ed todo el tiempo con la actuaci\u00f3n y no funciona. No es que yo te digo: \u201cVen\u00ed que te presento a (Adri\u00e1n) Suar\u201d y listo. Con el tiempo fui aprendiendo a no mezclar las cosas. Hace 20 a\u00f1os fui compa\u00f1ero de teatro de <a href=\"https:\/\/www.instagram.com\/claramuschietti\/?hl=es\" target=\"_blank\" rel=\"nofollow noopener\">Clara Muschietti<\/a> y no la vi nunca m\u00e1s, pero le\u00ed sus libros y me encantaron. Y me dieron ganas de trabajar mis textos con ella porque sab\u00eda que era alguien lejano y cercano en sensibilidad a la vez. Trabajamos unos cuantos meses junt\u00e1ndonos y viendo si aparec\u00eda mi voz. Yo sab\u00eda que estaba re entregado y con muchas ganas de escribir y exponerme\u2026 incluso dispuesto a pasar verg\u00fcenza. Y voy a seguir pasando verg\u00fcenza cuando publique el libro el a\u00f1o que viene por la editorial Caleta Olivia. El otro d\u00eda le\u00ed en p\u00fablico con Fabi\u00e1n Casas, Virginia Cosin y Romina\u2026<\/p>\n<p><strong>\u2013\u00bfY te sent\u00eds diferente leyendo poes\u00eda en p\u00fablico que en un escenario? \u00bfC\u00f3mo te llev\u00e1s con el hecho de ser un actor que escribe?\u00a0<\/strong><\/p>\n<p>Es otra cosa. Es como ir a trabajar a un banco, o ir a robar un banco. No tiene nada que ver, hay otros nervios. A la vez s\u00e9 que escribir poemas me expone y cualquiera puede ser capaz de burlarme. Me imagino que en un programa de chimentos pueden agarrar mi libro y decir \u201c\u00bfa ver qu\u00e9 escribi\u00f3 Lamothe?\u201d. Ya s\u00e9 hasta de qu\u00e9 poema se reir\u00edan, y yo me reir\u00eda de esos poemas tambi\u00e9n si un actor de Polka o de las novelas que hice los escribiera. Al mismo tiempo, me tengo que ir ganando mi lugar si quiero escribir poes\u00eda como lo deseo. Me la re banco en ese sentido. Si no le gusta el libro a alguien, bueno, no importa. Es re grasa lo que voy a decir, pero ya dej\u00e9 de no hacer cosas por la verg\u00fcenza que me puede dar. Si tengo ganas de hacerlas, las hago igual. En el verano por ejemplo llev\u00e9 boxeadores a leer poes\u00eda en Blender y no se enter\u00f3 nadie y para m\u00ed estuvo buen\u00edsimo. Maravilla Mart\u00ednez se re cop\u00f3 y ley\u00f3 bastante [Si quieren ver ese programa, <a href=\"https:\/\/www.youtube.com\/watch?v=MbI0g3_WhRg\" target=\"_blank\" rel=\"nofollow noopener\">est\u00e1 por ac\u00e1<\/a> y esto sucede sobre el final].\u00a0<\/p>\n<p><img loading=\"lazy\" decoding=\"async\" width=\"1000\" height=\"667\" src=\"https:\/\/www.europesays.com\/es\/wp-content\/uploads\/2025\/10\/image4-1-1000x667.jpg.webp.webp\" alt=\"\" class=\"wp-image-48692 lazyload\"  data- style=\"--smush-placeholder-width: 1000px; --smush-placeholder-aspect-ratio: 1000\/667;\" data-smush-webp-fallback=\"{&quot;src&quot;:&quot;https:\\\/\\\/cenital.com\\\/wp-content\\\/uploads\\\/2025\\\/10\\\/image4-1-1000x667.jpg&quot;,&quot;srcset&quot;:&quot;https:\\\/\\\/cenital.com\\\/wp-content\\\/uploads\\\/2025\\\/10\\\/image4-1-1000x667.jpg 1000w, https:\\\/\\\/cenital.com\\\/wp-content\\\/uploads\\\/2025\\\/10\\\/image4-1-720x480.jpg 720w, https:\\\/\\\/cenital.com\\\/wp-content\\\/uploads\\\/2025\\\/10\\\/image4-1-768x512.jpg 768w, https:\\\/\\\/cenital.com\\\/wp-content\\\/uploads\\\/2025\\\/10\\\/image4-1-1536x1024.jpg 1536w, https:\\\/\\\/cenital.com\\\/wp-content\\\/uploads\\\/2025\\\/10\\\/image4-1-270x180.jpg 270w, https:\\\/\\\/cenital.com\\\/wp-content\\\/uploads\\\/2025\\\/10\\\/image4-1-600x400.jpg 600w, https:\\\/\\\/cenital.com\\\/wp-content\\\/uploads\\\/2025\\\/10\\\/image4-1-1200x800.jpg 1200w, https:\\\/\\\/cenital.com\\\/wp-content\\\/uploads\\\/2025\\\/10\\\/image4-1-120x80.jpg 120w, https:\\\/\\\/cenital.com\\\/wp-content\\\/uploads\\\/2025\\\/10\\\/image4-1-250x167.jpg 250w, https:\\\/\\\/cenital.com\\\/wp-content\\\/uploads\\\/2025\\\/10\\\/image4-1.jpg 1999w&quot;}\"\/>Malena Rey revisa la biblioteca de Esteban Lamothe. Foto: Cris Sille.<\/p>\n<p>Los libros de poes\u00eda como protagonistas<\/p>\n<p>Volvemos a pararnos ante los estantes porque se acuerda de un poema de Daniel Durand que cita de memoria y sale a buscarlo: \u201cHay recuerdo podrido en todas partes.\/ Hay futuro podrido en todas las fotos que nacen diariamente.\/ Las fotos consumen toda la energ\u00eda\/ para su almacenamiento y existencia.\/ Nuestras fotos nos est\u00e1n aniquilando\u201d, incluido en el libro <a href=\"https:\/\/salvajefederal.com\/productos\/lupa-de-la-inmersion-daniel-durand\/\" rel=\"nofollow noopener\" target=\"_blank\">Lupa de la inmersi\u00f3n<\/a>. Llama la atenci\u00f3n que convivan en sus estantes las obras completas de Francisco Madariaga con el poemario del vietnamita Ocean Vuong, los poemas de Anne Carson y Luise Gl\u00fcck junto a los libros de Cecilia Pav\u00f3n.\u00a0<\/p>\n<p><strong>\u2013\u00bfPodemos hacer un punteo por los libros de poes\u00eda que m\u00e1s te hayan gustado?\u00a0<\/strong><\/p>\n<p>Dale, s\u00ed. Estos libros de Durand me gustan mucho. Llegu\u00e9 a \u00e9l por Fabi\u00e1n Casas, porque somos muy amigos, y \u00e9l me lo mostr\u00f3. Tengo ese libro y El Estado y \u00e9l se amaron. De Fabi\u00e1n tambi\u00e9n me encantan sus poemas. Otro de los que m\u00e1s me gustan es el poemario de Jos\u00e9 Watanabe <a href=\"https:\/\/salvajefederal.com\/productos\/animal-de-invierno-jose-watanabe\/\" rel=\"nofollow noopener\" target=\"_blank\">Animal de invierno<\/a>, uno de sus libros m\u00e1s breves e inici\u00e1ticos. Cecilia Pav\u00f3n me encanta tambi\u00e9n: es cero grandilocuente. Me flashea que haga poemas sobre los caf\u00e9s de Balvanera. Pens\u00e9 que no se pod\u00eda escribir poes\u00eda sobre esos lugares\u2026 Luis Chaves es otro autor que me interesa. Le\u00ed <a href=\"https:\/\/notanpuan.mitiendanube.com\/productos\/falso-documental-luis-chaves-seix-barral\/\" rel=\"nofollow noopener\" target=\"_blank\">Falso documental<\/a>, su poes\u00eda completa. Adem\u00e1s lo conozco personalmente y vino a verme al teatro, porque Esteban Bigliardi lo hab\u00eda conocido en un viaje en los 90 y se reencontraron y nos vemos a veces. Tambi\u00e9n me gusta su libro <a href=\"https:\/\/www.planetadelibros.com.ar\/libro-vamos-a-tocar-el-agua\/311783\" rel=\"nofollow noopener\" target=\"_blank\">Vamos a tocar el agua<\/a>, sobre su estancia en Berl\u00edn con sus dos hijas, escrito en forma de diario. Y la poeta norteamericana Sharon Olds es una de mis favoritas. Su libro <a href=\"https:\/\/gogymagog.com\/producto\/la-materia-de-este-mundo-l-sharon-olds\/\" rel=\"nofollow noopener\" target=\"_blank\">La materia de este mundo<\/a> lo regalo mucho. Me encanta lo dom\u00e9stico que tiene su obra, y c\u00f3mo habla del sexo, de las relaciones familiares. Tiene un nivel de libertad y belleza que me conmueve. Es tremenda.\u00a0<\/p>\n<p><img loading=\"lazy\" decoding=\"async\" width=\"1000\" height=\"667\" src=\"https:\/\/www.europesays.com\/es\/wp-content\/uploads\/2025\/10\/image9-1000x667.jpg.webp.webp\" alt=\"\" class=\"wp-image-48693 lazyload\"  data- style=\"--smush-placeholder-width: 1000px; --smush-placeholder-aspect-ratio: 1000\/667;\" data-smush-webp-fallback=\"{&quot;src&quot;:&quot;https:\\\/\\\/cenital.com\\\/wp-content\\\/uploads\\\/2025\\\/10\\\/image9-1000x667.jpg&quot;,&quot;srcset&quot;:&quot;https:\\\/\\\/cenital.com\\\/wp-content\\\/uploads\\\/2025\\\/10\\\/image9-1000x667.jpg 1000w, https:\\\/\\\/cenital.com\\\/wp-content\\\/uploads\\\/2025\\\/10\\\/image9-720x480.jpg 720w, https:\\\/\\\/cenital.com\\\/wp-content\\\/uploads\\\/2025\\\/10\\\/image9-768x512.jpg 768w, https:\\\/\\\/cenital.com\\\/wp-content\\\/uploads\\\/2025\\\/10\\\/image9-1536x1024.jpg 1536w, https:\\\/\\\/cenital.com\\\/wp-content\\\/uploads\\\/2025\\\/10\\\/image9-270x180.jpg 270w, https:\\\/\\\/cenital.com\\\/wp-content\\\/uploads\\\/2025\\\/10\\\/image9-600x400.jpg 600w, https:\\\/\\\/cenital.com\\\/wp-content\\\/uploads\\\/2025\\\/10\\\/image9-1200x800.jpg 1200w, https:\\\/\\\/cenital.com\\\/wp-content\\\/uploads\\\/2025\\\/10\\\/image9-120x80.jpg 120w, https:\\\/\\\/cenital.com\\\/wp-content\\\/uploads\\\/2025\\\/10\\\/image9-250x167.jpg 250w, https:\\\/\\\/cenital.com\\\/wp-content\\\/uploads\\\/2025\\\/10\\\/image9.jpg 1999w&quot;}\"\/>Foto: Cris Sille.<\/p>\n<p>Igual, de quien soy m\u00e1s fan\u00e1tico es de Sara Gallardo. Me compr\u00e9 hasta uno infantil de ella, y el volumen que re\u00fane su obra period\u00edstica. Mis preferidos son <a href=\"https:\/\/www.fiordoeditorial.com.ar\/product-page\/eisejuaz-de-sara-gallardo\" rel=\"nofollow noopener\" target=\"_blank\">Eisejuaz<\/a> y <a href=\"https:\/\/www.fiordoeditorial.com.ar\/product-page\/los-galgos-los-galgos-de-sara-gallardo\" rel=\"nofollow noopener\" target=\"_blank\">Los galgos, los galgos<\/a>. Y son tan distintos los dos\u2026 <a href=\"https:\/\/www.fiordoeditorial.com.ar\/product-page\/enero-de-sara-gallardo\" rel=\"nofollow noopener\" target=\"_blank\">Enero<\/a> es una gran novela tambi\u00e9n, para ser la primera que public\u00f3. Tiene tensi\u00f3n, parece una pel\u00edcula independiente del Bafici pero bien hecha. Estar\u00eda bueno que adaptaran Enero al cine. Y Los galgos, los galgos tambi\u00e9n me la imagino filmada, pero hay que hacerla con mucha plata.\u00a0\u00a0<\/p>\n<p><img loading=\"lazy\" decoding=\"async\" width=\"1000\" height=\"667\" src=\"https:\/\/www.europesays.com\/es\/wp-content\/uploads\/2025\/10\/image6-1-1000x667.jpg.webp.webp\" alt=\"\" class=\"wp-image-48694 lazyload\"  data- style=\"--smush-placeholder-width: 1000px; --smush-placeholder-aspect-ratio: 1000\/667;\" data-smush-webp-fallback=\"{&quot;src&quot;:&quot;https:\\\/\\\/cenital.com\\\/wp-content\\\/uploads\\\/2025\\\/10\\\/image6-1-1000x667.jpg&quot;,&quot;srcset&quot;:&quot;https:\\\/\\\/cenital.com\\\/wp-content\\\/uploads\\\/2025\\\/10\\\/image6-1-1000x667.jpg 1000w, https:\\\/\\\/cenital.com\\\/wp-content\\\/uploads\\\/2025\\\/10\\\/image6-1-720x480.jpg 720w, https:\\\/\\\/cenital.com\\\/wp-content\\\/uploads\\\/2025\\\/10\\\/image6-1-768x512.jpg 768w, https:\\\/\\\/cenital.com\\\/wp-content\\\/uploads\\\/2025\\\/10\\\/image6-1-1536x1024.jpg 1536w, https:\\\/\\\/cenital.com\\\/wp-content\\\/uploads\\\/2025\\\/10\\\/image6-1-270x180.jpg 270w, https:\\\/\\\/cenital.com\\\/wp-content\\\/uploads\\\/2025\\\/10\\\/image6-1-600x400.jpg 600w, https:\\\/\\\/cenital.com\\\/wp-content\\\/uploads\\\/2025\\\/10\\\/image6-1-1200x800.jpg 1200w, https:\\\/\\\/cenital.com\\\/wp-content\\\/uploads\\\/2025\\\/10\\\/image6-1-120x80.jpg 120w, https:\\\/\\\/cenital.com\\\/wp-content\\\/uploads\\\/2025\\\/10\\\/image6-1-250x167.jpg 250w, https:\\\/\\\/cenital.com\\\/wp-content\\\/uploads\\\/2025\\\/10\\\/image6-1.jpg 1999w&quot;}\"\/>Foto: Cris Sille.<\/p>\n<p>Debilidades: la secci\u00f3n de boxeo y los libros infantiles<\/p>\n<p>\u201cEl boxeo es de lo que m\u00e1s me gusta. Miro mucho boxeo, y a nivel literario podr\u00eda haber le\u00eddo m\u00e1s, porque me interesa puntualmente. A m\u00ed me asesora Osvaldo Pr\u00edncipi, que tiene una biblioteca genial con m\u00e1s de cien libros de boxeo. Es que es el deporte m\u00e1s dram\u00e1tico de todos, y el m\u00e1s narrativo. Hay un cuento de Jack London, otro de Cort\u00e1zar, es infinito\u201d, dice Lamothe con bastante pasi\u00f3n, y se\u00f1ala <a href=\"https:\/\/editorialcontra.com\/producto\/el-combate\/\" rel=\"nofollow noopener\" target=\"_blank\">El combate<\/a>, de Norman Mailer como uno de sus t\u00edtulos predilectos, junto a algunas biograf\u00edas de pugilistas y un libro sobre la historia del Luna Park.<\/p>\n<p><strong>\u2013\u00bfQu\u00e9 es esto de Joyce Carol Oates? \u00a1Nunca lo hab\u00eda visto! No sab\u00eda que ella hab\u00eda escrito sobre el tema.<\/strong><\/p>\n<p>Este es espectacular. S\u00ed, ella iba a ver boxeo con el pap\u00e1, que era fan\u00e1tico, y entonces cuenta las an\u00e9cdotas de lo que le provocaba cuando era chiquita y agarra toda la \u00e9poca de \u201cLos cuatro fant\u00e1sticos\u201d que son Marvin Hagler, Ray \u2018Sugar\u2019 Leonard, Tomas Hearns, y Mano de Piedra Dur\u00e1n.<\/p>\n<p><img loading=\"lazy\" decoding=\"async\" width=\"1000\" height=\"667\" src=\"https:\/\/www.europesays.com\/es\/wp-content\/uploads\/2025\/10\/image13-1000x667.jpg.webp.webp\" alt=\"\" class=\"wp-image-48695 lazyload\"  data- style=\"--smush-placeholder-width: 1000px; --smush-placeholder-aspect-ratio: 1000\/667;\" data-smush-webp-fallback=\"{&quot;src&quot;:&quot;https:\\\/\\\/cenital.com\\\/wp-content\\\/uploads\\\/2025\\\/10\\\/image13-1000x667.jpg&quot;,&quot;srcset&quot;:&quot;https:\\\/\\\/cenital.com\\\/wp-content\\\/uploads\\\/2025\\\/10\\\/image13-1000x667.jpg 1000w, https:\\\/\\\/cenital.com\\\/wp-content\\\/uploads\\\/2025\\\/10\\\/image13-720x480.jpg 720w, https:\\\/\\\/cenital.com\\\/wp-content\\\/uploads\\\/2025\\\/10\\\/image13-768x512.jpg 768w, https:\\\/\\\/cenital.com\\\/wp-content\\\/uploads\\\/2025\\\/10\\\/image13-1536x1024.jpg 1536w, https:\\\/\\\/cenital.com\\\/wp-content\\\/uploads\\\/2025\\\/10\\\/image13-270x180.jpg 270w, https:\\\/\\\/cenital.com\\\/wp-content\\\/uploads\\\/2025\\\/10\\\/image13-600x400.jpg 600w, https:\\\/\\\/cenital.com\\\/wp-content\\\/uploads\\\/2025\\\/10\\\/image13-1200x800.jpg 1200w, https:\\\/\\\/cenital.com\\\/wp-content\\\/uploads\\\/2025\\\/10\\\/image13-120x80.jpg 120w, https:\\\/\\\/cenital.com\\\/wp-content\\\/uploads\\\/2025\\\/10\\\/image13-250x167.jpg 250w, https:\\\/\\\/cenital.com\\\/wp-content\\\/uploads\\\/2025\\\/10\\\/image13.jpg 1999w&quot;}\"\/>Foto: Cris Sille.<\/p>\n<p><strong>\u2013\u00bfY todos estos libros infantiles?<\/strong><\/p>\n<p>Uy, \u00a1esta es la mejor secci\u00f3n de todas! Me encantan los libros ilustrados. Investigu\u00e9 bastante de literatura infantil para leerle a mi hijo. Soy muy manija con esto. Hay una ilustradora coreana fascinante que se llama Susy Lee. Sus libros son silenciosos y casi poemas. Me los recomendaron en una librer\u00eda y me impact\u00f3 mucho. Y este que se llama <a href=\"https:\/\/calibroscopio.com.ar\/libro\/la-ola-2\/\" rel=\"nofollow noopener\" target=\"_blank\">La ola<\/a> es hermoso tambi\u00e9n. De Anthony Browne tengo un mont\u00f3n, como este que se llama <a href=\"https:\/\/calibroscopio.com.ar\/libro\/voces-en-el-parque\/\" rel=\"nofollow noopener\" target=\"_blank\">Voces en el parque<\/a>. Y de Oliver Jeffers tambi\u00e9n, \u00e9l es medio best-seller pero de muy buena calidad. \u00a1Mir\u00e1 lo que es esto! [Dice mientras pasa todas las p\u00e1ginas del libro \u00e1lbum <a href=\"https:\/\/fce.com.ar\/tienda\/infantiles\/el-bosque-dentro-de-mi\/\" rel=\"nofollow noopener\" target=\"_blank\">El bosque dentro de m\u00ed<\/a> de Adolfo Serra y nos lo muestra completo].<\/p>\n<p><strong>\u2013\u00bfY eras de sentarte con tu hijo a leer?<\/strong><\/p>\n<p>Todos los d\u00edas. Todas las noches durante a\u00f1os. De hecho es un baj\u00f3n que ya no lo hagamos. Pero bueno, \u00e9l ahora est\u00e1 leyendo sus cosas para el colegio, va a s\u00e9ptimo grado. Antes le daban buenas cosas, ahora viene con mucha ciencia ficci\u00f3n. Su generaci\u00f3n no s\u00e9 si tiene tanto el h\u00e1bito de la lectura\u2026 Mucha pantalla. Lo que s\u00ed veo es que hay muchos amigos suyos que leen manga.\u00a0<\/p>\n<p><img loading=\"lazy\" decoding=\"async\" width=\"1000\" height=\"667\" src=\"https:\/\/www.europesays.com\/es\/wp-content\/uploads\/2025\/10\/image11-1000x667.jpg.webp.webp\" alt=\"\" class=\"wp-image-48696 lazyload\"  data- style=\"--smush-placeholder-width: 1000px; --smush-placeholder-aspect-ratio: 1000\/667;\" data-smush-webp-fallback=\"{&quot;src&quot;:&quot;https:\\\/\\\/cenital.com\\\/wp-content\\\/uploads\\\/2025\\\/10\\\/image11-1000x667.jpg&quot;,&quot;srcset&quot;:&quot;https:\\\/\\\/cenital.com\\\/wp-content\\\/uploads\\\/2025\\\/10\\\/image11-1000x667.jpg 1000w, https:\\\/\\\/cenital.com\\\/wp-content\\\/uploads\\\/2025\\\/10\\\/image11-720x480.jpg 720w, https:\\\/\\\/cenital.com\\\/wp-content\\\/uploads\\\/2025\\\/10\\\/image11-768x512.jpg 768w, https:\\\/\\\/cenital.com\\\/wp-content\\\/uploads\\\/2025\\\/10\\\/image11-1536x1024.jpg 1536w, https:\\\/\\\/cenital.com\\\/wp-content\\\/uploads\\\/2025\\\/10\\\/image11-270x180.jpg 270w, https:\\\/\\\/cenital.com\\\/wp-content\\\/uploads\\\/2025\\\/10\\\/image11-600x400.jpg 600w, https:\\\/\\\/cenital.com\\\/wp-content\\\/uploads\\\/2025\\\/10\\\/image11-1200x800.jpg 1200w, https:\\\/\\\/cenital.com\\\/wp-content\\\/uploads\\\/2025\\\/10\\\/image11-120x80.jpg 120w, https:\\\/\\\/cenital.com\\\/wp-content\\\/uploads\\\/2025\\\/10\\\/image11-250x167.jpg 250w, https:\\\/\\\/cenital.com\\\/wp-content\\\/uploads\\\/2025\\\/10\\\/image11.jpg 1999w&quot;}\"\/>Foto: Cris Sille.<\/p>\n<p>Creo que este de Los viajes de Gulliver es mi libro m\u00e1s viejo. Me lo compr\u00e9 cero kil\u00f3metro y mir\u00e1 lo que es la edici\u00f3n. \u00a1Qu\u00e9 gran momento cuando uno lee estas cosas por primera vez! Y este es espectacular: <a href=\"https:\/\/colihue.com.ar\/producto\/las-fieras-cebadas-de-kumaon\/\" rel=\"nofollow noopener\" target=\"_blank\">Las fieras cebadas de Kumaon. <\/a>Llegu\u00e9 porque Borges lo recomend\u00f3: es el diario de un cazador de tigres ingl\u00e9s. Es muy com\u00fan que en la India un tigre cebado empiece a acechar las aldeas y mate a la gente. En general no lo hacen, pero cuando se lastiman y no pueden cazar, o cuando la mam\u00e1 les da carne humana, una fiera se puede cebar, y en este libro se cuenta un poco todo eso. Es bastante masculino ahora que lo pienso.<\/p>\n<p><strong>\u2013Si tuvieras que recomendarle libros a alguien que no lee mucho, \u00bfqu\u00e9 le dar\u00edas?\u00a0<\/strong><\/p>\n<p>Depende a qui\u00e9n. A mi suegro que no lee le regal\u00e9 Open, la biograf\u00eda de Andr\u00e9 Agassi, que est\u00e1 re buena. Si no lee eso, es que no quiere leer para nada\u2026 Pero recomendar\u00eda El informe de Brodie de Borges, uno de los m\u00e1s accesibles. Tengo la edici\u00f3n de La Naci\u00f3n. Lo le\u00ed en otra \u00e9poca y me encantaba, pero como con otros autores que le\u00ed a los 20, ser\u00eda re caradura ponerme a hablar de \u00e9l porque no me acuerdo mucho. Le\u00ed varios de Borges y entend\u00eda lo que pod\u00eda. Tambi\u00e9n le\u00ed a S\u00e1bato: El t\u00fanel y Sobre h\u00e9roes y tumbas. Una novia me regal\u00f3 una entrada para verlo en el teatro Cervantes que tocaba la guitarra Juan Fal\u00fa y \u00e9l recitaba el Romance de la muerte de Juan Lavalle. Un plan re virgo\u2026\u00a0<\/p>\n<p><img loading=\"lazy\" decoding=\"async\" width=\"1000\" height=\"667\" src=\"https:\/\/www.europesays.com\/es\/wp-content\/uploads\/2025\/10\/image3-1000x667.jpg.webp.webp\" alt=\"\" class=\"wp-image-48697 lazyload\"  data- style=\"--smush-placeholder-width: 1000px; --smush-placeholder-aspect-ratio: 1000\/667;\" data-smush-webp-fallback=\"{&quot;src&quot;:&quot;https:\\\/\\\/cenital.com\\\/wp-content\\\/uploads\\\/2025\\\/10\\\/image3-1000x667.jpg&quot;,&quot;srcset&quot;:&quot;https:\\\/\\\/cenital.com\\\/wp-content\\\/uploads\\\/2025\\\/10\\\/image3-1000x667.jpg 1000w, https:\\\/\\\/cenital.com\\\/wp-content\\\/uploads\\\/2025\\\/10\\\/image3-720x480.jpg 720w, https:\\\/\\\/cenital.com\\\/wp-content\\\/uploads\\\/2025\\\/10\\\/image3-768x512.jpg 768w, https:\\\/\\\/cenital.com\\\/wp-content\\\/uploads\\\/2025\\\/10\\\/image3-1536x1024.jpg 1536w, https:\\\/\\\/cenital.com\\\/wp-content\\\/uploads\\\/2025\\\/10\\\/image3-270x180.jpg 270w, https:\\\/\\\/cenital.com\\\/wp-content\\\/uploads\\\/2025\\\/10\\\/image3-600x400.jpg 600w, https:\\\/\\\/cenital.com\\\/wp-content\\\/uploads\\\/2025\\\/10\\\/image3-1200x800.jpg 1200w, https:\\\/\\\/cenital.com\\\/wp-content\\\/uploads\\\/2025\\\/10\\\/image3-120x80.jpg 120w, https:\\\/\\\/cenital.com\\\/wp-content\\\/uploads\\\/2025\\\/10\\\/image3-250x167.jpg 250w, https:\\\/\\\/cenital.com\\\/wp-content\\\/uploads\\\/2025\\\/10\\\/image3.jpg 1999w&quot;}\"\/>Esteban Lamothe y Jorge Luis Borges. Foto: Cris Sille.<\/p>\n<p><strong>\u2013Bueno, como hago siempre en esta secci\u00f3n, te traje de regalo algo para tu biblioteca. Son dos libros bien breves de la editorial Perif\u00e9rica. Uno es de Arthur Cravan, que fue justamente boxeador y poeta. Son las <\/strong><a href=\"https:\/\/www.editorialperiferica.com\/libros\/cartas-de-amor-a-mina-loy\/\" rel=\"nofollow noopener\" target=\"_blank\"><strong>Cartas de amor a Mina Loy<\/strong><\/a><strong>, que le escribi\u00f3 a su novia justo antes de desaparecer para siempre en una barca en el mar en 1918. Y el otro se llama <\/strong><a href=\"https:\/\/www.editorialperiferica.com\/libros\/nada-mas\/\" rel=\"nofollow noopener\" target=\"_blank\"><strong>Nada m\u00e1s<\/strong><\/a><strong>, y es el \u00faltimo libro que escribi\u00f3 Marguerite Duras. Est\u00e1 dedicado a su amante Yann, que era m\u00e1s joven que ella, a quien le dedica sus \u00faltimas palabras de amor. Es muy conmovedor.<\/strong><\/p>\n<p>\u00a1Qu\u00e9 bueno! \u00a1Gracias! A \u00e9l no lo conoc\u00eda, y de ella no le\u00ed nada. Me encanta la literatura del amor.\u00a0<\/p>\n<p><img loading=\"lazy\" decoding=\"async\" width=\"1000\" height=\"667\" src=\"https:\/\/www.europesays.com\/es\/wp-content\/uploads\/2025\/10\/image8-1000x667.jpg.webp.webp\" alt=\"\" class=\"wp-image-48698 lazyload\"  data- style=\"--smush-placeholder-width: 1000px; --smush-placeholder-aspect-ratio: 1000\/667;\" data-smush-webp-fallback=\"{&quot;src&quot;:&quot;https:\\\/\\\/cenital.com\\\/wp-content\\\/uploads\\\/2025\\\/10\\\/image8-1000x667.jpg&quot;,&quot;srcset&quot;:&quot;https:\\\/\\\/cenital.com\\\/wp-content\\\/uploads\\\/2025\\\/10\\\/image8-1000x667.jpg 1000w, https:\\\/\\\/cenital.com\\\/wp-content\\\/uploads\\\/2025\\\/10\\\/image8-720x480.jpg 720w, https:\\\/\\\/cenital.com\\\/wp-content\\\/uploads\\\/2025\\\/10\\\/image8-768x512.jpg 768w, https:\\\/\\\/cenital.com\\\/wp-content\\\/uploads\\\/2025\\\/10\\\/image8-1536x1024.jpg 1536w, https:\\\/\\\/cenital.com\\\/wp-content\\\/uploads\\\/2025\\\/10\\\/image8-270x180.jpg 270w, https:\\\/\\\/cenital.com\\\/wp-content\\\/uploads\\\/2025\\\/10\\\/image8-600x400.jpg 600w, https:\\\/\\\/cenital.com\\\/wp-content\\\/uploads\\\/2025\\\/10\\\/image8-1200x800.jpg 1200w, https:\\\/\\\/cenital.com\\\/wp-content\\\/uploads\\\/2025\\\/10\\\/image8-120x80.jpg 120w, https:\\\/\\\/cenital.com\\\/wp-content\\\/uploads\\\/2025\\\/10\\\/image8-250x167.jpg 250w, https:\\\/\\\/cenital.com\\\/wp-content\\\/uploads\\\/2025\\\/10\\\/image8.jpg 1999w&quot;}\"\/>Foto: Cris Sille.<\/p>\n<p><strong>Gracias, Esteban, por recibirnos.<\/strong><\/p>\n<p>Otras lecturas:<\/p>\n<p>                    <script async src=\"\/\/www.instagram.com\/embed.js\"><\/script><\/p>\n","protected":false},"excerpt":{"rendered":"Acaba de empezar la primavera y la ciudad est\u00e1 llena de sol. Se filtra a media tarde por&hellip;\n","protected":false},"author":2,"featured_media":168754,"comment_status":"","ping_status":"","sticky":false,"template":"","format":"standard","meta":{"footnotes":""},"categories":[172],"tags":[224,146,147,25,24,49251,225,671,23],"class_list":{"0":"post-168753","1":"post","2":"type-post","3":"status-publish","4":"format-standard","5":"has-post-thumbnail","7":"category-libros","8":"tag-books","9":"tag-entertainment","10":"tag-entretenimiento","11":"tag-es","12":"tag-espana","13":"tag-esteban-lamothe","14":"tag-libros","15":"tag-literatura","16":"tag-spain"},"share_on_mastodon":{"url":"","error":""},"_links":{"self":[{"href":"https:\/\/www.europesays.com\/es\/wp-json\/wp\/v2\/posts\/168753","targetHints":{"allow":["GET"]}}],"collection":[{"href":"https:\/\/www.europesays.com\/es\/wp-json\/wp\/v2\/posts"}],"about":[{"href":"https:\/\/www.europesays.com\/es\/wp-json\/wp\/v2\/types\/post"}],"author":[{"embeddable":true,"href":"https:\/\/www.europesays.com\/es\/wp-json\/wp\/v2\/users\/2"}],"replies":[{"embeddable":true,"href":"https:\/\/www.europesays.com\/es\/wp-json\/wp\/v2\/comments?post=168753"}],"version-history":[{"count":0,"href":"https:\/\/www.europesays.com\/es\/wp-json\/wp\/v2\/posts\/168753\/revisions"}],"wp:featuredmedia":[{"embeddable":true,"href":"https:\/\/www.europesays.com\/es\/wp-json\/wp\/v2\/media\/168754"}],"wp:attachment":[{"href":"https:\/\/www.europesays.com\/es\/wp-json\/wp\/v2\/media?parent=168753"}],"wp:term":[{"taxonomy":"category","embeddable":true,"href":"https:\/\/www.europesays.com\/es\/wp-json\/wp\/v2\/categories?post=168753"},{"taxonomy":"post_tag","embeddable":true,"href":"https:\/\/www.europesays.com\/es\/wp-json\/wp\/v2\/tags?post=168753"}],"curies":[{"name":"wp","href":"https:\/\/api.w.org\/{rel}","templated":true}]}}