{"id":168771,"date":"2025-10-11T03:35:14","date_gmt":"2025-10-11T03:35:14","guid":{"rendered":"https:\/\/www.europesays.com\/es\/168771\/"},"modified":"2025-10-11T03:35:14","modified_gmt":"2025-10-11T03:35:14","slug":"oriol-ferre-hay-que-recuperar-el-hambre-y-competir-hasta-el-final","status":"publish","type":"post","link":"https:\/\/www.europesays.com\/es\/168771\/","title":{"rendered":"Oriol Ferr\u00e9: \u201cHay que recuperar el hambre y competir hasta el final\u201d"},"content":{"rendered":"<p><strong>El Melilla Balonmano Virgen de la Victoria recibe este s\u00e1bado al BM. La Salle C\u00f3rdoba con el objetivo de resarcirse de la \u00faltima derrota ante el Cajasol Sevilla por 32-31, en partido de Liga correspondiente a la quinta jornada del Grupo D de la Primera Divisi\u00f3n Estatal, que se jugar\u00e1 en el Pabell\u00f3n Municipal L\u00e1zaro Fern\u00e1ndez (17\u201900 horas).<\/strong><\/p>\n<p>En cuanto a la actualidad del equipo, Oriol Ferr\u00e9, t\u00e9cnico del cuadro melillense, pese a algunos problemas f\u00edsicos de Quique Chac\u00f3n, aunque finalmente podr\u00e1 ser de la partida. \u201cTiene que seguir ganando minutos progresivamente porque ha tenido diferentes molestias, pero su evoluci\u00f3n es buena y cuando recupere la confianza nos va a dar muchas alegr\u00edas\u201d.<\/p>\n<p>Por otro lado, Ferr\u00e9 subray\u00f3 la importancia de recuperar el esp\u00edritu competitivo del equipo tras la \u00faltima jornada: \u201cTenemos ganas de volver a la senda de la victoria, pero sobre todo de recuperar el hambre. La semana pasada nos falt\u00f3 bastante eso y una de las claves para ganar ser\u00e1 ser un equipo competitivo. En esta Liga, si no eres competitivo, es muy dif\u00edcil puntuar. Si lo eres, puedes sacar puntos a cualquiera, tanto a los de arriba como a los de abajo\u201d.<\/p>\n<p>El entrenador del Virgen de la Victoria tambi\u00e9n destac\u00f3 la necesidad de minimizar los errores defensivos ante un rival con jugadores experimentados: \u201cEs un equipo con un jugador veterano muy conocido como Juli\u00e1n Mold\u00f3n, que lleva el peso ofensivo junto con Antonio Pineda. Adem\u00e1s, utilizan mucho el juego por los extremos, y los d\u00edas que est\u00e1n acertados hacen muchos goles. Tenemos que evitar que les lleguen balones f\u00e1ciles y reducir sus espacios para que nuestros porteros puedan intervenir con m\u00e1s opciones\u201d.<\/p>\n<p>Por \u00faltimo, considera que el equipo debe mantener la concentraci\u00f3n y la intensidad durante todo el encuentro: \u201cDebemos estar bien defensivamente, minimizar las p\u00e9rdidas y generar ansiedad en el rival. Es un equipo que si te quedas atr\u00e1s se siente c\u00f3modo, pero si subes arriba tiene m\u00e1s dudas. Jugar en casa, ante nuestra afici\u00f3n, debe servirnos para ofrecer una buena imagen de un equipo con ganas de ganar y competir hasta el final\u201d.<\/p>\n<p id=\"pvc_stats_10328831\" class=\"pvc_stats total_only  pvc_load_by_ajax_update\" data-element-id=\"10328831\" style=\"\"> <img loading=\"lazy\" class=\"lazy\" decoding=\"async\" width=\"16\" height=\"16\" alt=\"Loading\" src=\"https:\/\/www.europesays.com\/es\/wp-content\/uploads\/2025\/10\/1759987271_991_ajax-loader-2x.gif\" border=\"0\"\/><\/p>\n<p>\t\t\t<img decoding=\"async\" class=\"aioseo-author-bio-compact-image lazy\" src=\"https:\/\/www.europesays.com\/es\/wp-content\/uploads\/2025\/10\/1760153714_163_12617fd1044ec1cdf84c9fcc894e40ee529e9240cb60f6449ec8152bfef3fe40\" alt=\"avatar de autor\"\/><\/p>\n","protected":false},"excerpt":{"rendered":"El Melilla Balonmano Virgen de la Victoria recibe este s\u00e1bado al BM. La Salle C\u00f3rdoba con el objetivo&hellip;\n","protected":false},"author":2,"featured_media":168772,"comment_status":"","ping_status":"","sticky":false,"template":"","format":"standard","meta":{"footnotes":""},"categories":[278],"tags":[376,168,25,24,375,23,167],"class_list":{"0":"post-168771","1":"post","2":"type-post","3":"status-publish","4":"format-standard","5":"has-post-thumbnail","7":"category-balonmano","8":"tag-balonmano","9":"tag-deportes","10":"tag-es","11":"tag-espana","12":"tag-handball","13":"tag-spain","14":"tag-sports"},"share_on_mastodon":{"url":"","error":""},"_links":{"self":[{"href":"https:\/\/www.europesays.com\/es\/wp-json\/wp\/v2\/posts\/168771","targetHints":{"allow":["GET"]}}],"collection":[{"href":"https:\/\/www.europesays.com\/es\/wp-json\/wp\/v2\/posts"}],"about":[{"href":"https:\/\/www.europesays.com\/es\/wp-json\/wp\/v2\/types\/post"}],"author":[{"embeddable":true,"href":"https:\/\/www.europesays.com\/es\/wp-json\/wp\/v2\/users\/2"}],"replies":[{"embeddable":true,"href":"https:\/\/www.europesays.com\/es\/wp-json\/wp\/v2\/comments?post=168771"}],"version-history":[{"count":0,"href":"https:\/\/www.europesays.com\/es\/wp-json\/wp\/v2\/posts\/168771\/revisions"}],"wp:featuredmedia":[{"embeddable":true,"href":"https:\/\/www.europesays.com\/es\/wp-json\/wp\/v2\/media\/168772"}],"wp:attachment":[{"href":"https:\/\/www.europesays.com\/es\/wp-json\/wp\/v2\/media?parent=168771"}],"wp:term":[{"taxonomy":"category","embeddable":true,"href":"https:\/\/www.europesays.com\/es\/wp-json\/wp\/v2\/categories?post=168771"},{"taxonomy":"post_tag","embeddable":true,"href":"https:\/\/www.europesays.com\/es\/wp-json\/wp\/v2\/tags?post=168771"}],"curies":[{"name":"wp","href":"https:\/\/api.w.org\/{rel}","templated":true}]}}