{"id":168773,"date":"2025-10-11T03:36:07","date_gmt":"2025-10-11T03:36:07","guid":{"rendered":"https:\/\/www.europesays.com\/es\/168773\/"},"modified":"2025-10-11T03:36:07","modified_gmt":"2025-10-11T03:36:07","slug":"paco-plaza-pocas-cosas-dividen-de-una-forma-tan-visceral-como-la-tauromaquia","status":"publish","type":"post","link":"https:\/\/www.europesays.com\/es\/168773\/","title":{"rendered":"Paco Plaza: \u00abPocas cosas dividen de una forma tan visceral como la tauromaquia\u00bb"},"content":{"rendered":"<p>El pasado mes de julio, Santander acogi\u00f3 la presentaci\u00f3n de <strong>una colecci\u00f3n de cromos taurinos <\/strong>con una tirada inicial de 25.000 ejemplares y 558 estampas, en los que aparecen las plazas de toros m\u00e1s emblem\u00e1ticas del territorio nacional e internacional, matadores, rejoneadores y novilleros. En contraste, hace apenas unos d\u00edas, el Congreso de los Diputados debati\u00f3 la toma en consideraci\u00f3n de una Iniciativa Legislativa Popular para dejar de considerar la tauromaquia patrimonio cultural. Las fiestas de toros discurren en Espa\u00f1a por dos caminos paralelos, dos posturas irreconciliables\u00a0que se mantienen con suficientes apoyos como para sobrevivir y con ninguna posibilidad de encontrar puntos en com\u00fan.\u00a0<\/p>\n<p>La tauromaquia es, pues, uno de los \u00e1mbitos que mejor encarnan la polarizaci\u00f3n, y en este contexto tan f\u00e9rtil para la ficci\u00f3n, los cineastas Pablo Guerrero y Paco Plaza han encontrado la excusa perfecta para imaginar una trama en la que confluyen estos dos mundos irreconciliables. Para sorpresa y alivio de todos, han encontrado un <strong>lugar para el entendimiento, la tolerancia y la convivencia<\/strong> a base de una comedia en formato de serie que acaba de llegar a Disney+ esta semana.\u00a0<\/p>\n<p>La suerte, t\u00edtulo de esta ficci\u00f3n, es una comedia sobre los contrastes y las contradicciones de Espa\u00f1a, ideada a base de las casualidades. En ella, un joven taxista y aspirante a abogado del Estado, a quien interpreta Ricardo G\u00f3mez, se ve convertido de la noche a la ma\u00f1ana en ch\u00f3fer y talism\u00e1n de un famoso torero, un <strong>\u00d3scar Jaenada en estado de gracia<\/strong>, y de su cuadrilla, entre quienes se encuentra, entre otros, el extorero \u00d3scar Higares.\u00a0<\/p>\n<p>Tal y como han contado a <a href=\"https:\/\/www.vozpopuli.com\" rel=\"nofollow noopener\" target=\"_blank\">Vozp\u00f3puli<\/a> los directores de esta serie, todo empez\u00f3 hace tiempo durante una fiesta de un torero en la que terminaron, all\u00e1 por 2019. \u201cEstando en esa fiesta fue una revelaci\u00f3n: fue <strong>un bofet\u00f3n de fascinaci\u00f3n,<\/strong> un mundo que no conoc\u00edamos, tan exc\u00e9ntrico y excepcional. Es material est\u00e9tico y ritual, fue como una revelaci\u00f3n y empezamos a investigar\u201d, cuenta Guerrero. El reto fue entonces contarlo con \u201crespeto y admiraci\u00f3n\u201d, para lo que pensaron en un \u201cobservador\u201d, a modo del personaje del vecino de El gran Gatsby, pero sin caer en la solemnidad de algunas producciones, porque consideran que todo lo que ocurre en el pa\u00eds ha de pasar por el humor. \u201cAl d\u00eda siguiente de una tragedia siempre hay un chiste\u201d, remata. \u00a0<\/p>\n<p>Como referencia para el personaje del \u00abmaestro\u00bb, los creadores de esta serie han confesado que pensaron en \u00d3scar Jaenada\u00a0desde la escritura de guion, porque tiene la cualidad de hacer \u00ablo extravagante natural\u00bb. Sin embargo, hay muchas an\u00e9cdotas que parten de situaciones reales como\u00a0<strong>Morante de la Puebla o\u00a0Rafael de Paula<\/strong>. Adem\u00e1s, el actor se puso en contacto con el torero Alejandro Talavante, que le\u00a0abri\u00f3 las puertas de su finca y donde le hizo preguntas \u00abinc\u00f3modas\u00bb sobre cuestiones como el miedo. \u00abSe han hecho muy amigos y \u00d3scar es antitaurino\u00bb, cuenta.\u00a0<\/p>\n<p>Tauromaqu\u00eda, \u00aberror en M\u00e1trix\u00bb<\/p>\n<p>Para Paco Plaza, elegir la tauromaquia se debe, por un lado, a lo excepcional que resulta en sentido literal, porque es una tradici\u00f3n que en su opini\u00f3n \u201cest\u00e1 fuera del tiempo y de la l\u00f3gica, <strong>un error en Matrix<\/strong>\u201d. \u201cLa palabra excepcional es lo que mejor se ajusta, es algo que est\u00e1 fuera de los l\u00edmites de la moral contempor\u00e1nea\u201d, se\u00f1ala.\u00a0<\/p>\n<p>Adem\u00e1s, el cineasta cree que es el \u00e1mbito ideal para hablar de prejuicios, porque se trata de <strong>un asunto que \u201clevanta pasiones\u201d<\/strong>, unas \u201cdial\u00e9cticas en las que parece que no hay grises\u201d. \u201cPocas cosas dividen de una forma tan visceral en nuestro pa\u00eds como la tauromaquia. El torero tiene una carga simb\u00f3lica como icono espa\u00f1ol que genera fascinaci\u00f3n y rechazo a dosis casi iguales. Nos parec\u00eda que era id\u00f3neo para hablar de esos temas\u201d, explica.\u00a0<\/p>\n<blockquote><p>&#13;<\/p>\n<p>\u00abEl torero tiene una carga simb\u00f3lica como icono espa\u00f1ol que genera fascinaci\u00f3n y rechazo a dosis casi iguales\u00bb<\/p>\n<p>&#13;\n<\/p><\/blockquote>\n<p>Esta serie, sin embargo, y a diferencia de otras indagaciones audiovisuales como la m\u00e1s o menos reciente T<a href=\"https:\/\/www.vozpopuli.com\/altavoz\/cultura\/albert-serra-toreo-ejemplo-vivo-poesia-popular-desaparecida-estandarizacion.html\" rel=\"nofollow noopener\" target=\"_blank\">ardes de soledad<\/a><a href=\"https:\/\/www.vozpopuli.com\/altavoz\/cultura\/albert-serra-toreo-ejemplo-vivo-poesia-popular-desaparecida-estandarizacion.html\" rel=\"nofollow noopener\" target=\"_blank\">, de Albert Serra (Concha de Oro en 2024)<\/a>, no entra en la plaza de toros, una resistencia parecida a la que muestra uno de sus protagonistas, el personaje que interpreta Ricardo G\u00f3mez. \u201cNuestro protagonista no entra, que es nuestro veh\u00edculo para contar la historia. Es la justificaci\u00f3n puramente narrativa, pero hay tambi\u00e9n un factor \u00e9tico de no querer mostrar nada susceptible de herir sensibilidades, porque <strong>no era nuestra intenci\u00f3n pisar ning\u00fan callo<\/strong>. La suma de estas dos cuestiones es que quer\u00edamos poner el foco en los sentimientos de los personajes: tanto en la desaz\u00f3n del torero, que est\u00e1 viviendo el ocaso de su carrera, y c\u00f3mo eso le hace enfrentarse al final de su vida como la ha conocido, y en el viaje de David, por acabar encontrando puntos de encuentro\u201d, cuenta.\u00a0<\/p>\n<p>Guerrero agrega que quiz\u00e1s hace 20 a\u00f1os se habr\u00edan puesto \u201cm\u00e1s gallitos\u201d, pero en cualquier caso su mirada busca reflejar su experiencia al entrar en ese mundo y \u201crelativizar las cosas y no estar en los extremos\u201d. \u201cHay much\u00edsima crispaci\u00f3n, a favor y en contra. \u00bfPodemos hablar por lo menos? T\u00fa no puedes tener un debate si piensas que la persona con la que vas a hablar es un asesino, y lo que hemos hecho es esconder el ritual de la muerte, generar un misterio con el maestro, y a trav\u00e9s de la mirada de David entramos en su interior. No quer\u00edamos que nadie fuera con las espadas en alto\u201d, agrega.\u00a0<\/p>\n<p>\u00a0<\/p>\n","protected":false},"excerpt":{"rendered":"El pasado mes de julio, Santander acogi\u00f3 la presentaci\u00f3n de una colecci\u00f3n de cromos taurinos con una tirada&hellip;\n","protected":false},"author":2,"featured_media":168774,"comment_status":"","ping_status":"","sticky":false,"template":"","format":"standard","meta":{"footnotes":""},"categories":[277],"tags":[373,168,25,24,23,167,374],"class_list":{"0":"post-168773","1":"post","2":"type-post","3":"status-publish","4":"format-standard","5":"has-post-thumbnail","7":"category-toreo","8":"tag-bullfighting","9":"tag-deportes","10":"tag-es","11":"tag-espana","12":"tag-spain","13":"tag-sports","14":"tag-toreo"},"share_on_mastodon":{"url":"","error":""},"_links":{"self":[{"href":"https:\/\/www.europesays.com\/es\/wp-json\/wp\/v2\/posts\/168773","targetHints":{"allow":["GET"]}}],"collection":[{"href":"https:\/\/www.europesays.com\/es\/wp-json\/wp\/v2\/posts"}],"about":[{"href":"https:\/\/www.europesays.com\/es\/wp-json\/wp\/v2\/types\/post"}],"author":[{"embeddable":true,"href":"https:\/\/www.europesays.com\/es\/wp-json\/wp\/v2\/users\/2"}],"replies":[{"embeddable":true,"href":"https:\/\/www.europesays.com\/es\/wp-json\/wp\/v2\/comments?post=168773"}],"version-history":[{"count":0,"href":"https:\/\/www.europesays.com\/es\/wp-json\/wp\/v2\/posts\/168773\/revisions"}],"wp:featuredmedia":[{"embeddable":true,"href":"https:\/\/www.europesays.com\/es\/wp-json\/wp\/v2\/media\/168774"}],"wp:attachment":[{"href":"https:\/\/www.europesays.com\/es\/wp-json\/wp\/v2\/media?parent=168773"}],"wp:term":[{"taxonomy":"category","embeddable":true,"href":"https:\/\/www.europesays.com\/es\/wp-json\/wp\/v2\/categories?post=168773"},{"taxonomy":"post_tag","embeddable":true,"href":"https:\/\/www.europesays.com\/es\/wp-json\/wp\/v2\/tags?post=168773"}],"curies":[{"name":"wp","href":"https:\/\/api.w.org\/{rel}","templated":true}]}}