{"id":168787,"date":"2025-10-11T03:47:13","date_gmt":"2025-10-11T03:47:13","guid":{"rendered":"https:\/\/www.europesays.com\/es\/168787\/"},"modified":"2025-10-11T03:47:13","modified_gmt":"2025-10-11T03:47:13","slug":"valle-salvaje-capitulo-274-avance-del-proximo-lunes-13-de-octubre","status":"publish","type":"post","link":"https:\/\/www.europesays.com\/es\/168787\/","title":{"rendered":"Valle Salvaje cap\u00edtulo 274, avance del pr\u00f3ximo lunes 13 de octubre"},"content":{"rendered":"<p>El <strong>cap\u00edtulo 274 de Valle Salvaje<\/strong>, el pr\u00f3ximo lunes 13 de octubre (17.35) en La 1, se presenta muy interesante. \u00darsula (<a href=\"https:\/\/www.elindependiente.com\/series-y-television\/2025\/10\/06\/cristina-abad-ursula-valle-salvaje-duro-momento-personal\/\" rel=\"nofollow noopener\" target=\"_blank\">Cristina Abad<\/a>) es historia en <strong>Valle Salvaje<\/strong>. De momento. La sobrina predilecta de Victoria (Sabela Ar\u00e1n), ahora duquesa de <strong>Valle Salvaje<\/strong>, deber\u00e1 pagar por su crimen: haber asesinado a Julio (Nacho Olaizola). Ana, la sirvienta de la Casa Grande, cumpli\u00f3 su palabra y se present\u00f3 en <strong>Valle Salvaje<\/strong> con la Santa Hermandad para arrestar a \u00darsula por envenenar a Julio. Y como el <a href=\"https:\/\/www.elindependiente.com\/series-y-television\/2025\/09\/25\/valle-salvaje-regreso-sabinas-telenovelas-emmy-internacional\/\" rel=\"nofollow noopener\" target=\"_blank\">g\u00e9nero<\/a> dram\u00e1tico impera, un villano sucede a otro.<\/p>\n<p>Puede que \u00darsula sea cosa del pasado y est\u00e9 prohibido mencionar su nombre, pero a esas tierras del norte acaba de regresar don Hernando (<a href=\"https:\/\/www.instagram.com\/osrabadan\/\" rel=\"nofollow noopener\" target=\"_blank\">\u00d3scar Rabad\u00e1n<\/a>, pareja de la actriz Cristina Plazas), dispuesto a poner en vereda a su hijo Leonardo (<a href=\"https:\/\/www.elindependiente.com\/series-y-television\/2025\/08\/19\/la-relacion-tras-las-camaras-de-dos-actores-de-valle-salvaje\/\" rel=\"nofollow noopener\" target=\"_blank\">Julen Katzy<\/a>), que ha de casar con Irene (Marina Sabadell). Adriana no permitir\u00e1 que don Hernando se acerque a Pedrito tras su intento de secuestro. Otra preocupaci\u00f3n, en la Casa Peque\u00f1a, es Tom\u00e1s. Alejo no le ve con buenos ojos.<\/p>\n<p><img loading=\"lazy\" decoding=\"async\" width=\"990\" height=\"555\" src=\"data:image\/svg+xml,%3Csvg%20xmlns=\" http:=\"\" alt=\"\" class=\"wp-image-4292256\" data-lazy- data-lazy- data-lazy-src=\"https:\/\/www.europesays.com\/es\/wp-content\/uploads\/2025\/10\/don-hernando-valle-salvaje-990x555.jpg\"\/>\u00d3scar Rabad\u00e1n interpreta a Don Hernando en Valle Salvaje<\/p>\n<p>Pero si hay una villana a la que los guionistas de <strong>Valle Salvaje<\/strong> no dejan de poner en aprietos, en apuros, esa es Victoria. Su matrimonio con el duque, Jos\u00e9 Luis (Jos\u00e9 Manuel Seda), es una bomba de relojer\u00eda y est\u00e1 a punto de explotar tras haberle puesto sobre la pista Adriana (<a href=\"https:\/\/www.elindependiente.com\/series-y-television\/2025\/03\/27\/rocio-suarez-puga-adriana-valle-salvaje\/\" rel=\"nofollow noopener\" target=\"_blank\">Roc\u00edo Su\u00e1rez de Puga<\/a>) y Rafael (Marco Pernas). La pareja revela al duque de las crueles intenciones de \u00darsula desde el minuto en que pis\u00f3 <strong>Valle Salvaje<\/strong>. Tick, Tick\u2026 Boom!<\/p>\n<p>\u00bfQu\u00e9 pasar\u00e1 en el <strong>cap\u00edtulo 274 de Valle Salvaje<\/strong>? Te lo contamos en El Independiente en 3,2,1&#8230;<\/p>\n<p>Avance del cap\u00edtulo 274 de Valle Salvaje este lunes 13 de octubre<\/p>\n<p>Jos\u00e9 Luis discute nuevamente con Victoria: \u00bfqu\u00e9 le pidi\u00f3 a \u00darsula a cambio de darle cobijo en <strong>Valle Salvaje<\/strong>? El duque ya sabe que su esposa requiri\u00f3 los servicios de su sobrina, no por la muerte de su hijo Gaspar, sino para malmeter contra su prima Adriana. \u00darsula se librar\u00eda as\u00ed de su padre maltratador. Alejo tambi\u00e9n pide explicaciones a Luisa: \u00bfpor qu\u00e9 Tom\u00e1s tiene un plano de la Casa Grande?<\/p>\n<p>Jos\u00e9 Luis advierte a Victoria: todo acto tiene su consecuencia. Ella no se callar\u00e1 ante su marido. Tom\u00e1s persiste en robar a los duques de <strong>Valle Salvaje<\/strong>; Luisa est\u00e1 entre la espada y la pared. Don Hernando convence a Irene de las bondades de su matrimonio concertado con Leonardo. El joven ha de acatar las \u00f3rdenes de su padre, pero recurre a Mercedes para que interceda. Victoria sigue en su af\u00e1n por hacerle la vida imposible a Mart\u00edn, y Matilde le pone los puntos sobre las \u00edes.<\/p>\n<p>Jos\u00e9 Luis, tras su reconciliaci\u00f3n con su hijo Rafael, ofrece unas nuevas condiciones a Adriana a cambio de las tierras de <strong>Valle Salvaje<\/strong>. Alejo se encara a Tom\u00e1s: si a Luisa le pasa algo, \u00e9l es hombre muerto.<\/p>\n<p>            <a class=\"articulo-relacionado__media\" href=\"https:\/\/www.elindependiente.com\/series-y-television\/2025\/10\/10\/la-promesa-avance-del-capitulo-695-este-lunes-13-de-octubre-lorenzo-salvara-la-vida-a-petra\/\" title=\"La Promesa, avance del cap\u00edtulo 695 este lunes 13 de octubre: Lorenzo salvar\u00e1 la vida a Petra\" rel=\"nofollow noopener\" target=\"_blank\"><\/p>\n<p>                <img loading=\"lazy\" decoding=\"async\" src=\"data:image\/svg+xml,%3Csvg%20xmlns=\" http:=\"\" width=\"390\" height=\"220\" alt=\"La Promesa, avance del cap\u00edtulo 695 este lunes 13 de octubre: Lorenzo salvar\u00e1 la vida a Petra\" data-lazy-src=\"https:\/\/www.europesays.com\/es\/wp-content\/uploads\/2025\/10\/lorenzo-petra-390x220.jpg\"\/><\/p>\n<p>\t\t\t            <\/a><\/p>\n<p>PUBLICIDAD<\/p>\n<p><script async src=\"\/\/www.instagram.com\/embed.js\"><\/script><\/p>\n","protected":false},"excerpt":{"rendered":"El cap\u00edtulo 274 de Valle Salvaje, el pr\u00f3ximo lunes 13 de octubre (17.35) en La 1, se presenta&hellip;\n","protected":false},"author":2,"featured_media":168788,"comment_status":"","ping_status":"","sticky":false,"template":"","format":"standard","meta":{"footnotes":""},"categories":[171],"tags":[146,147,25,24,152,518,805,23,807,214,27808],"class_list":{"0":"post-168787","1":"post","2":"type-post","3":"status-publish","4":"format-standard","5":"has-post-thumbnail","7":"category-tv","8":"tag-entertainment","9":"tag-entretenimiento","10":"tag-es","11":"tag-espana","12":"tag-netflix","13":"tag-rtve","14":"tag-series","15":"tag-spain","16":"tag-television","17":"tag-tv","18":"tag-valle-salvaje"},"share_on_mastodon":{"url":"","error":""},"_links":{"self":[{"href":"https:\/\/www.europesays.com\/es\/wp-json\/wp\/v2\/posts\/168787","targetHints":{"allow":["GET"]}}],"collection":[{"href":"https:\/\/www.europesays.com\/es\/wp-json\/wp\/v2\/posts"}],"about":[{"href":"https:\/\/www.europesays.com\/es\/wp-json\/wp\/v2\/types\/post"}],"author":[{"embeddable":true,"href":"https:\/\/www.europesays.com\/es\/wp-json\/wp\/v2\/users\/2"}],"replies":[{"embeddable":true,"href":"https:\/\/www.europesays.com\/es\/wp-json\/wp\/v2\/comments?post=168787"}],"version-history":[{"count":0,"href":"https:\/\/www.europesays.com\/es\/wp-json\/wp\/v2\/posts\/168787\/revisions"}],"wp:featuredmedia":[{"embeddable":true,"href":"https:\/\/www.europesays.com\/es\/wp-json\/wp\/v2\/media\/168788"}],"wp:attachment":[{"href":"https:\/\/www.europesays.com\/es\/wp-json\/wp\/v2\/media?parent=168787"}],"wp:term":[{"taxonomy":"category","embeddable":true,"href":"https:\/\/www.europesays.com\/es\/wp-json\/wp\/v2\/categories?post=168787"},{"taxonomy":"post_tag","embeddable":true,"href":"https:\/\/www.europesays.com\/es\/wp-json\/wp\/v2\/tags?post=168787"}],"curies":[{"name":"wp","href":"https:\/\/api.w.org\/{rel}","templated":true}]}}