{"id":168791,"date":"2025-10-11T03:50:17","date_gmt":"2025-10-11T03:50:17","guid":{"rendered":"https:\/\/www.europesays.com\/es\/168791\/"},"modified":"2025-10-11T03:50:17","modified_gmt":"2025-10-11T03:50:17","slug":"la-madurez-de-mikel-merino","status":"publish","type":"post","link":"https:\/\/www.europesays.com\/es\/168791\/","title":{"rendered":"La madurez de Mikel Merino"},"content":{"rendered":"<p>\n        <strong>Mikel Merino<\/strong>, centrocampista internacional navarro del <strong>Arsenal<\/strong>, confes\u00f3 que nadie ha hablado en el vestuario de la selecci\u00f3n espa\u00f1ola del liderazgo, tras once a\u00f1os, del ranking FIFA, pero reconoci\u00f3 que \u201c<strong>ser la mejor selecci\u00f3n del mundo son palabras mayores<\/strong>\u201d, y conf\u00eda en sostenerlo mucho tiempo.\n<\/p>\n<p class=\"article-body__text \">\n        \u201cNo lo hemos hablado dentro, <strong>lo que habla de la naturalidad con la que vivimos todo<\/strong>. Es muy positivo ver como los chavales lo toman como algo m\u00e1s, vienen a pas\u00e1rselo bien, con cero presi\u00f3n y la intenci\u00f3n de hacer las cosas bien. Ser la mejor selecci\u00f3n del mundo son palabras mayores. Crec\u00ed viendo a todos los cracks de esta selecci\u00f3n y poder representar lo que ellos ahora es muy bonito.<strong> Es una responsabilidad iniciar el camino como la mejor del mundo, con el reto de mantenerlo el m\u00e1ximo tiempo posible<\/strong>\u201d, dijo.\n<\/p>\n<p>  Salud Mental<\/p>\n<p class=\"article-body__text \">\n        En el d\u00eda mundial de la salud mental, Mikel Merino reflexion\u00f3 sobre la importancia de visibilizar problemas que afectan a todo el mundo y asegur\u00f3 que, pese a que su carrera ha ido siempre en l\u00ednea ascendente, cuenta con el trabajo de un psic\u00f3logo que ayuda en su estabilidad.\n<\/p>\n<p class=\"article-body__text \">\n        <strong>\u201cEs un d\u00eda muy importante para todo el mundo.<\/strong> A lo largo de una carrera que va siendo larga como la m\u00eda, ves casos en compa\u00f1eros y vives situaciones a nivel personal que se convierten en un reto. Hoy en d\u00eda es una bendici\u00f3n poder hablar abiertamente de la salud mental, es important\u00edsimo para todas las personas\u201d, reflexion\u00f3.\n<\/p>\n<p class=\"article-body__text \">\n        \u201cA nivel deportivo es lo que decide que un jugador est\u00e9 en su mejor versi\u00f3n o no.<strong> Yo lo trabajo con un profesional, no hay que esperar a estar mal para hablar de tus problemas.<\/strong> La gente va viendo que es importante\u201d, a\u00f1adi\u00f3 recomendando la figura de un psic\u00f3logo.\n<\/p>\n<p class=\"article-body__text \">\n        Enfocando el duelo ante Georgia, Merino valor\u00f3 las ausencias de jugadores como Lamine Yamal y Nico Williams, especialistas en la demarcaci\u00f3n de extremos, con la confianza de que los jugadores que los sustituyan mantengan el nivel.\n<\/p>\n<p class=\"article-body__text \">\n        \u201cNadie se sorprende que cuando faltan jugadores del calibre de Lamine y Nico es una p\u00e9rdida para cualquier equipo. Afortunadamente tenemos un pa\u00eds que genera un talento espectacular. Los que ocupen su posici\u00f3n lo har\u00e1n lo mejor posible, tenemos jugadores que van bien en uno contra, generan desequilibrio y velocidad para amenazar la espalda. La idea general se va a mantener. Las bases siguen siendo las mismas y se ver\u00e1 una selecci\u00f3n reconocible seguro\u201d, asegur\u00f3.\n<\/p>\n<p class=\"article-body__text \">\n        Adem\u00e1s, recalc\u00f3 la importancia del grupo por encima de la individualidad, poniendo como ejemplo ahora que est\u00e1 siendo titular ante la ausencia de Fabi\u00e1n Ruiz, la \u00faltima Eurocopa. Su papel fue clave partiendo desde el banquillo y \u201csin poner carita\u201d.\n<\/p>\n<p class=\"article-body__text \">\n        \u201cEl m\u00edster habla mucho de la importancia del que sale despu\u00e9s y lo dicen los datos. La cantidad de goles que se marcan en los \u00faltimos minutos con jugadores que salen desde el banquillo. El f\u00fatbol parece un deporte muy individual pero es de equipo y te toque lo que te toque jugar, hay que poner las mejores de las caras y hacerlo bien\u201d, dijo.\n<\/p>\n<p class=\"article-body__text \">\n        \u201cNo debe afectar a tu manera de encarar el partido nada de lo que ocurra. Los j\u00f3venes, depende de la educaci\u00f3n que han recibido, vienen con una mentalidad o con otra, pero se les inculca que forman parte de una familia y que piensen en el grupo\u201d, a\u00f1adi\u00f3 respondiendo a una pregunta sobre la cara de Lamine Yamal en el \u00faltimo cambio con la selecci\u00f3n.\n<\/p>\n<p class=\"article-body__text \">\n        Espa\u00f1a nunca ha perdido de local un partido de clasificaci\u00f3n a un Mundial y, si no cae derrotada ante Georgia y Bulgaria, igualar\u00e1 el mejor de sus registros de partidos oficiales sin perder con 29. Mikel Merino intent\u00f3 quitar trascendencia a los r\u00e9cords.\n<\/p>\n<p class=\"article-body__text \">\n        \u201cLos datos son muchas veces eso, datos. Espa\u00f1a nunca hab\u00eda ganado a una anfitriona de Eurocopa y lo logramos en la \u00faltima. Nuestra intenci\u00f3n es seguir ganando, no nos fijamos mucho en los datos porque antes o despu\u00e9s se pueden romper. Queremos seguir siendo la uno del mundo y que la afici\u00f3n est\u00e9 contenta\u201d, sentenci\u00f3 un Merino que apunta a titular.  \u2013 Efe\n<\/p>\n<p>  Previa<\/p>\n<p class=\"article-body__text \">\n        <strong>Espa\u00f1a busca el pleno con bajas<\/strong>\n<\/p>\n<p class=\"article-body__text \">\n        20.45 horas. La selecci\u00f3n masculina de f\u00fatbol se enfrenta este s\u00e1bado a Georgia en el Estadio Mart\u00ednez Valero de Elche a Georgia (20.45 horas\/La1), en la tercera jornada de la fase de clasificaci\u00f3n para el Mundial 2026, un duelo en el que la Roja buscar\u00e1 el pleno de victorias pese a las importantes bajas ante un peligroso rival que llega segundo de grupo pero con su jugador m\u00e1s talentoso, Khvicha Kvaratskhelia, entre algodones. Un partido que es clave de cara a la clasificaci\u00f3n mundialista para Espa\u00f1a, ya que un tercer triunfo seguido le asentar\u00eda en lo m\u00e1s alto de la clasificaci\u00f3n del Grupo E.<\/p>\n","protected":false},"excerpt":{"rendered":"Mikel Merino, centrocampista internacional navarro del Arsenal, confes\u00f3 que nadie ha hablado en el vestuario de la selecci\u00f3n&hellip;\n","protected":false},"author":2,"featured_media":168792,"comment_status":"","ping_status":"","sticky":false,"template":"","format":"standard","meta":{"footnotes":""},"categories":[93],"tags":[168,25,24,11012,35780,5484,23,167],"class_list":{"0":"post-168791","1":"post","2":"type-post","3":"status-publish","4":"format-standard","5":"has-post-thumbnail","7":"category-deportes","8":"tag-deportes","9":"tag-es","10":"tag-espana","11":"tag-madurez","12":"tag-merino","13":"tag-mikel","14":"tag-spain","15":"tag-sports"},"share_on_mastodon":{"url":"","error":""},"_links":{"self":[{"href":"https:\/\/www.europesays.com\/es\/wp-json\/wp\/v2\/posts\/168791","targetHints":{"allow":["GET"]}}],"collection":[{"href":"https:\/\/www.europesays.com\/es\/wp-json\/wp\/v2\/posts"}],"about":[{"href":"https:\/\/www.europesays.com\/es\/wp-json\/wp\/v2\/types\/post"}],"author":[{"embeddable":true,"href":"https:\/\/www.europesays.com\/es\/wp-json\/wp\/v2\/users\/2"}],"replies":[{"embeddable":true,"href":"https:\/\/www.europesays.com\/es\/wp-json\/wp\/v2\/comments?post=168791"}],"version-history":[{"count":0,"href":"https:\/\/www.europesays.com\/es\/wp-json\/wp\/v2\/posts\/168791\/revisions"}],"wp:featuredmedia":[{"embeddable":true,"href":"https:\/\/www.europesays.com\/es\/wp-json\/wp\/v2\/media\/168792"}],"wp:attachment":[{"href":"https:\/\/www.europesays.com\/es\/wp-json\/wp\/v2\/media?parent=168791"}],"wp:term":[{"taxonomy":"category","embeddable":true,"href":"https:\/\/www.europesays.com\/es\/wp-json\/wp\/v2\/categories?post=168791"},{"taxonomy":"post_tag","embeddable":true,"href":"https:\/\/www.europesays.com\/es\/wp-json\/wp\/v2\/tags?post=168791"}],"curies":[{"name":"wp","href":"https:\/\/api.w.org\/{rel}","templated":true}]}}