{"id":168805,"date":"2025-10-11T03:59:10","date_gmt":"2025-10-11T03:59:10","guid":{"rendered":"https:\/\/www.europesays.com\/es\/168805\/"},"modified":"2025-10-11T03:59:10","modified_gmt":"2025-10-11T03:59:10","slug":"manolo-munoz-cierra-temporada-peruana-de-ensueno-con-34-corridas-45-orejas-y-dos-indultos","status":"publish","type":"post","link":"https:\/\/www.europesays.com\/es\/168805\/","title":{"rendered":"Manolo Mu\u00f1oz Cierra temporada peruana de ensue\u00f1o con 34 Corridas, 45 Orejas y Dos Indultos"},"content":{"rendered":"<p>            <a href=\"https:\/\/www.europesays.com\/es\/wp-content\/uploads\/2025\/10\/manolo-2025.jpg\" data-caption=\"\"><img loading=\"lazy\" decoding=\"async\" width=\"399\" height=\"272\" class=\"entry-thumb td-modal-image\" src=\"https:\/\/www.europesays.com\/es\/wp-content\/uploads\/2025\/10\/manolo-2025.jpg\"   alt=\"\" title=\"manolo 2025\"\/><\/a><\/p>\n<p>El ciclo taurino del 2025 en Per\u00fa se acerca a su final, y con \u00e9l, el tel\u00f3n de una de las temporadas m\u00e1s importantes para el diestro Manolo Mu\u00f1oz. El matador nacionalizado peruano, figura indiscutible en el escalaf\u00f3n de ese pa\u00eds, pone punto final a su campa\u00f1a con unas estad\u00edsticas de ensue\u00f1o: 34 Corridas, 45 Orejas y Dos Indultos, n\u00fameros que lo consolidan como uno de los matadores m\u00e1s triunfadores del circuito andino.<\/p>\n<p>Sus dos \u00faltimas comparecencias para este 2025 se llevar\u00e1n a cabo en las plazas de Pariamarca y San Marcos de Cajamarca. En la Maestranza de Pariamarca en la feria en homenaje a la Virgen de la Cueva Santa, ser\u00e1 la primera cita de este cierre de campa\u00f1a, la cual tendr\u00e1 lugar el Lunes 21 de Octubre de 2025, encabezando Manolo Mu\u00f1oz un atractivo cartel internacional con el espa\u00f1ol Jos\u00e9 Cabrera y el peruano Nicol\u00e1s V\u00e1squez, lidiando un encierro de la prestigiosa ganader\u00eda de Don An\u00edbal V\u00e1squez de Paij\u00e1n. Un compromiso que augura una tarde de gran toreo en un marco de fervor popular.<\/p>\n<p>El torero\u00a0 luego se trasladar\u00e1 a San Marcos de Cajamarca, donde se celebrar\u00e1n dos corridas de toros en Honor al Patr\u00f3n \u00abSan Marcos\u00bb. Ser\u00e1 en la segunda tarde, la del d\u00eda martes 22 donde Manolo Mu\u00f1oz diga adi\u00f3s a la afici\u00f3n peruana en este 2025. All\u00ed, el diestro trenzar\u00e1 el pase\u00edllo junto a Juan Pedro Garc\u00eda \u2018Calerito\u2019 y Fabricio Rojas \u2018El Fabri\u2019, ser\u00e1 su \u00faltima oportunidad para sumar un nuevo triunfo a su contundente estad\u00edstica del 2025.<\/p>\n<p>El torero Manolo Mu\u00f1oz se despide de un a\u00f1o en el que ha demostrado una tauromaquia profunda, valiente y de gran conexi\u00f3n con el p\u00fablico, siendo un fijo en las ferias m\u00e1s importantes del circuito andino, dejado una\u00a0 gran huella en sus plazas, actuando en 34 corridas,\u00a0 y cortando 45 orejas adem\u00e1s de dos indultos;\u00a0 n\u00fameros de primer\u00edsima l\u00ednea que elevan su cotizaci\u00f3n de cara a la pr\u00f3xima temporada. Carlos Alexis Rivera CNP 10746<\/p>\n<p><a href=\"#\"><img decoding=\"async\" src=\"https:\/\/www.lascosasdeltoro.com\/wp-content\/uploads\/2016\/10\/rec728.jpg\"\/><\/a>        <\/p>\n","protected":false},"excerpt":{"rendered":"El ciclo taurino del 2025 en Per\u00fa se acerca a su final, y con \u00e9l, el tel\u00f3n de&hellip;\n","protected":false},"author":2,"featured_media":168806,"comment_status":"","ping_status":"","sticky":false,"template":"","format":"standard","meta":{"footnotes":""},"categories":[277],"tags":[373,168,25,24,23,167,374],"class_list":{"0":"post-168805","1":"post","2":"type-post","3":"status-publish","4":"format-standard","5":"has-post-thumbnail","7":"category-toreo","8":"tag-bullfighting","9":"tag-deportes","10":"tag-es","11":"tag-espana","12":"tag-spain","13":"tag-sports","14":"tag-toreo"},"share_on_mastodon":{"url":"","error":""},"_links":{"self":[{"href":"https:\/\/www.europesays.com\/es\/wp-json\/wp\/v2\/posts\/168805","targetHints":{"allow":["GET"]}}],"collection":[{"href":"https:\/\/www.europesays.com\/es\/wp-json\/wp\/v2\/posts"}],"about":[{"href":"https:\/\/www.europesays.com\/es\/wp-json\/wp\/v2\/types\/post"}],"author":[{"embeddable":true,"href":"https:\/\/www.europesays.com\/es\/wp-json\/wp\/v2\/users\/2"}],"replies":[{"embeddable":true,"href":"https:\/\/www.europesays.com\/es\/wp-json\/wp\/v2\/comments?post=168805"}],"version-history":[{"count":0,"href":"https:\/\/www.europesays.com\/es\/wp-json\/wp\/v2\/posts\/168805\/revisions"}],"wp:featuredmedia":[{"embeddable":true,"href":"https:\/\/www.europesays.com\/es\/wp-json\/wp\/v2\/media\/168806"}],"wp:attachment":[{"href":"https:\/\/www.europesays.com\/es\/wp-json\/wp\/v2\/media?parent=168805"}],"wp:term":[{"taxonomy":"category","embeddable":true,"href":"https:\/\/www.europesays.com\/es\/wp-json\/wp\/v2\/categories?post=168805"},{"taxonomy":"post_tag","embeddable":true,"href":"https:\/\/www.europesays.com\/es\/wp-json\/wp\/v2\/tags?post=168805"}],"curies":[{"name":"wp","href":"https:\/\/api.w.org\/{rel}","templated":true}]}}