{"id":168807,"date":"2025-10-11T04:05:11","date_gmt":"2025-10-11T04:05:11","guid":{"rendered":"https:\/\/www.europesays.com\/es\/168807\/"},"modified":"2025-10-11T04:05:11","modified_gmt":"2025-10-11T04:05:11","slug":"paraiso-el-valencia-basket-fue-el-primero-en-negarse-a-ir-a-jugar-a-israel-por-seguridad","status":"publish","type":"post","link":"https:\/\/www.europesays.com\/es\/168807\/","title":{"rendered":"Para\u00edso: \u00abEl Valencia Basket fue el primero en negarse a ir a jugar a Israel por seguridad\u00bb"},"content":{"rendered":"<p>Jos\u00e9 Antonio Para\u00edso (Madrid, 1971) jug\u00f3 en el que entonces era el Pamesa Valencia entre 2001 y 2004. Form\u00f3 parte de aquel equipo de leyenda  &#8230; que conquist\u00f3 el primer t\u00edtulo europeo de la historia del club, la ULEB Cup de 2003, y de la plantilla que vivi\u00f3 una situaci\u00f3n que analizada 21 a\u00f1os despu\u00e9s debe hacer sentir orgullo a todos los que tomaron una decisi\u00f3n complicada, arriesgada&#8230; y comprobado el escenario de 2025 acertada. En marzo de 2004, la entidad de Juan Roig se neg\u00f3 a viajar a Israel para disputar un partido de Euroliga contra el Maccabi Tel Aviv del Top 16, decisivo para la Final Four, al entender que no se reun\u00edan las condiciones de seguridad tras un ataque del ej\u00e9rcito israel\u00ed a Palestina para matar el entonces l\u00edder de Ham\u00e1s, Ahmed Yasin. El Valencia Basket lo \u00fanico que pidi\u00f3 a la Euroliga fue que el partido se jugar\u00e1 fuera de Israel. El organismo se neg\u00f3, el club se mostr\u00f3 firme y fue sancionado con la p\u00e9rdida del partido (que fue el que le impidi\u00f3 jugar la Final Four) m\u00e1s una sanci\u00f3n. En 2025, en el mismo clima b\u00e9lico, el Hapoel Tel Aviv juega sus partidos de la Euroliga en Sof\u00eda y el Maccabi Tel Aviv en Belgrado. No hay m\u00e1s. <\/p>\n<p class=\"v-p\">\u00abLa historia, y el paso de los a\u00f1os, nos ha acabado dando la raz\u00f3n\u00bb, sentencia a este peri\u00f3dico un Para\u00edso que ahora mismo es el director comercial de la revista Gigantes del Basket: \u00abEl club se la jug\u00f3 pero acert\u00f3 y los jugadores tambi\u00e9n opinamos lo mismo. La seguridad era lo primero. No deb\u00edamos ir a jugar porque era una situaci\u00f3n donde no nos sent\u00edamos. El Valencia Basket fue el primero en negarse a ir a jugar a Israel por motivos de seguridad justificados. No puedes pretender que haya un espect\u00e1culo y que los actores, los jugadores, est\u00e9n inc\u00f3modos y preocupados haciendo su trabajo. Hubiera sido tan sencillo como aplicar lo que ahora vemos con normalidad, que si tienen que jugar la Euroliga sus partidos como locales se jueguen fuera de Israel. Eso es lo \u00fanico que ped\u00edamos, que se jugara fuera. Nadie nos apoy\u00f3. El club fue valiente en no cambiar de decisi\u00f3n. Fuimos pioneros en negarnos a jugar en un escenario donde estaban sucediendo actos violentos y otros clubes no lo hicieron\u00bb.<\/p>\n<p><a href=\"http:\/\/www.lasprovincias.es\/deportes\/valencia-bc\/berni-alvarez-sancionar-equipos-israel-hizo-rusia-20251004172307-nt.html#vtm_modulosEngag=mod-rel:deportes:noticia:1:cmp:1-not\" class=\"v-a-link\" aria-label=\"Imagen\" rel=\"nofollow noopener\" target=\"_blank\"><\/p>\n<p><img decoding=\"async\" loading=\"lazy\" src=\"https:\/\/www.europesays.com\/es\/wp-content\/uploads\/2025\/10\/54830424888_63ef562a27_o-U57231226057hti-366x256@Las Provincias.jpg\" class=\"v-a-img\" width=\"258\" height=\"180\" alt=\"\" data-voc-vtm-id=\"in-text-traffic\"\/><\/p>\n<p><\/a><\/p>\n<p class=\"v-p\">Lo m\u00e1s triste de todo \u2013puesto que lo m\u00e1s grave es que m\u00e1s de dos d\u00e9cadas despu\u00e9s siguen siendo asesinados civiles en Gaza\u2013 es que la situaci\u00f3n no ha cambiado m\u00e1s de dos d\u00e9cadas despu\u00e9s. El foco, de nuevo, apunta al Valencia Basket para su partido ante el Hapoel en el Roig Arena el 15 de octubre. Ahora, junto al Baxi Manresa y La Laguna Tenerife en el foco de la preocupaci\u00f3n. \u00abEntiendo perfectamente el temor que puedan tener ahora los tres clubes que tienen que recibir a equipos de Israel\u00bb, insiste el madrile\u00f1o \u00abporque se mueve mucho dentro del deporte, muchos jugadores, patrocinadores, familias\u2026 pero todo tiene que practicarse en un entorno seguro y l\u00f3gicamente es inaceptable la situaci\u00f3n. Igual que con Rusia, en este caso la Euroliga deber\u00eda seguir siempre unas normas y, como m\u00ednimo, seguir aplicando que no se debe jugar en un pa\u00eds que est\u00e9 en un conflicto b\u00e9lico abierto. Eso es lo \u00fanico que ped\u00edamos en 2004\u00bb. <\/p>\n<p class=\"v-p\"><strong>La apuesta del Roig Arena<\/strong><\/p>\n<p class=\"v-p\">Lo que nadie pudo impedir fue que aquellos dos \u00faltimos a\u00f1os de Para\u00edso de taronja supusieran para el exjugador \u00abun punto de inflexi\u00f3n para el club, para crear una base para competir\u00bb. Y lo razona: \u00abFue aquello de ya no nos vale con meternos en los playoff sino que tenemos que pelear por estar entre los cuatro primeros y luchar por los t\u00edtulos\u00bb. Por cierto, preguntado por la final de la ACB de 2003 ante el Bar\u00e7a y si hubiera tenido en ella impacto la actual tecnolog\u00eda, se mostr\u00f3 claro: \u00abLa final de la ACB de 2003 es posible que la hubiera ganado el Pamesa Valencia si hubiera habido en ese momento Instant Replay. Fue una final muy ajustada, peleamos mucho en los dos partidos del Palau y repasando los v\u00eddeos hay muchas jugadas raras en el primer partido de la final\u00bb. Sobre el actual proyecto taronja, se declar\u00f3 fan del Valencia Basket de Pedro Mart\u00ednez \u00abporque se ha reforzado adem\u00e1s muy bien y adem\u00e1s es el a\u00f1o del Roig Arena. Como jugador, entiendo que van a tener que adaptarse porque parece que es lo mismo, los mismos aros, pero no es lo mismo pasar de jugar como local en la Fonteta a un Arena que todos ya tienen claro que es estilo NBA. Sobre De Larrea, aplaude su decisi\u00f3n de quedarse en Espa\u00f1a a seguir su formaci\u00f3n: \u00abEst\u00e1 en el sitio ideal. A lo mejor, si todo esto le pasa en otra estructura de club no hubiera decidido lo mismo. Esa lealtad es muy buena porque ve el comportamiento del club, el futuro, y que es lo ideal para \u00e9l. De Larrea creo que ha acertado qued\u00e1ndose a crecer en Valencia, jugando la ACB y la Euroliga. Hay que estar atentos a su evoluci\u00f3n porque seguramente llegar\u00e1 a la NBA\u00bb.<\/p>\n","protected":false},"excerpt":{"rendered":"Jos\u00e9 Antonio Para\u00edso (Madrid, 1971) jug\u00f3 en el que entonces era el Pamesa Valencia entre 2001 y 2004.&hellip;\n","protected":false},"author":2,"featured_media":168808,"comment_status":"","ping_status":"","sticky":false,"template":"","format":"standard","meta":{"footnotes":""},"categories":[269],"tags":[299,1918,298,168,25,24,74,7532,48815,20704,7778,585,23,167,235],"class_list":{"0":"post-168807","1":"post","2":"type-post","3":"status-publish","4":"format-standard","5":"has-post-thumbnail","7":"category-baloncesto","8":"tag-baloncesto","9":"tag-basket","10":"tag-basketball","11":"tag-deportes","12":"tag-es","13":"tag-espana","14":"tag-israel","15":"tag-jugar","16":"tag-negarse","17":"tag-paraiso","18":"tag-primero","19":"tag-seguridad","20":"tag-spain","21":"tag-sports","22":"tag-valencia"},"share_on_mastodon":{"url":"","error":""},"_links":{"self":[{"href":"https:\/\/www.europesays.com\/es\/wp-json\/wp\/v2\/posts\/168807","targetHints":{"allow":["GET"]}}],"collection":[{"href":"https:\/\/www.europesays.com\/es\/wp-json\/wp\/v2\/posts"}],"about":[{"href":"https:\/\/www.europesays.com\/es\/wp-json\/wp\/v2\/types\/post"}],"author":[{"embeddable":true,"href":"https:\/\/www.europesays.com\/es\/wp-json\/wp\/v2\/users\/2"}],"replies":[{"embeddable":true,"href":"https:\/\/www.europesays.com\/es\/wp-json\/wp\/v2\/comments?post=168807"}],"version-history":[{"count":0,"href":"https:\/\/www.europesays.com\/es\/wp-json\/wp\/v2\/posts\/168807\/revisions"}],"wp:featuredmedia":[{"embeddable":true,"href":"https:\/\/www.europesays.com\/es\/wp-json\/wp\/v2\/media\/168808"}],"wp:attachment":[{"href":"https:\/\/www.europesays.com\/es\/wp-json\/wp\/v2\/media?parent=168807"}],"wp:term":[{"taxonomy":"category","embeddable":true,"href":"https:\/\/www.europesays.com\/es\/wp-json\/wp\/v2\/categories?post=168807"},{"taxonomy":"post_tag","embeddable":true,"href":"https:\/\/www.europesays.com\/es\/wp-json\/wp\/v2\/tags?post=168807"}],"curies":[{"name":"wp","href":"https:\/\/api.w.org\/{rel}","templated":true}]}}